{"id":1166,"date":"2023-02-07T16:29:36","date_gmt":"2023-02-07T15:29:36","guid":{"rendered":"https:\/\/talasidunava.rs\/?p=1166"},"modified":"2023-02-07T16:29:36","modified_gmt":"2023-02-07T15:29:36","slug":"basta-cilj-je-da-sve-opstine-i-gradovi-u-vojvodini-imaju-kancelarije-za-mlade","status":"publish","type":"post","link":"https:\/\/talasidunava.rs\/?p=1166","title":{"rendered":"Basta: Cilj je da sve op\u0161tine i gradovi u Vojvodini imaju kancelarije za mlade"},"content":{"rendered":"<p>Pokrajinski sekretar za sport i omladinu Dane Basta istakao je na sastanaku sa predstavnicima kancelarija za mlade da \u0107e resorni sekretarijat, kako pove\u0107anjem bud\u017eeta, tako i drugim aktivnostima jo\u0161 sna\u017enije raditi na unapre\u0111enju omladinskog sektora u AP Vojvodini.<\/p>\n<p>&#8211; Ima dosta prostora za unapre\u0111enje omladinskog sektora. Va\u017eno je da svi zajedno sagledamo koje su to mogu\u0107nosti, da se umre\u017eimo, razmenimo iskustva i primere dobre prakse, kako bi se pobolj\u0161ao polo\u017eaj mladih na lokalnom nivou &#8211; rekao je Basta.<\/p>\n<p>On je dodao da su u ovogodi\u0161njem bud\u017eetu pove\u0107ana sredstva za osnivanje i rad kancelarija za mlade u Vojvodini.<\/p>\n<p>&#8211; Cilj nam je da u narednom periodu sve op\u0161tine i gradovi u Vojvodini imaju svoje kancelarije za mlade, kako bi oni dobili svoj prostor u kom \u0107e mo\u0107i da realizuju kreativne programe i projekte, i da svojim delovanjem unaprede sredinu u kojoj \u017eive &#8211; rekao je Basta.<\/p>\n<p>U razgovoru je istaknuto da se postoje\u0107e kancelarije za mlade u svom radu susre\u0107u sa razli\u010ditim izazovima. Glavni cilj im je da se pribli\u017ee mladima, prepoznaju njihove potrebe i da rade na pobolj\u0161anju polo\u017eaja mladih, zbog \u010dega je razmena iskustava uvek dobrodo\u0161la.<\/p>\n<p>Podr\u0161ka je potrebna za opremanje kancelarija i klubova za mlade, izradu lokalnih akcionih planova, obuku za pripremu projekata prekograni\u010dne saradnje, i za druge aktivnosti koje \u0107e pobolj\u0161ati njihov rad.<\/p>\n","protected":false},"excerpt":{"rendered":"<p>Pokrajinski sekretar za sport i omladinu Dane Basta istakao je na sastanaku sa predstavnicima kancelarija za mlade da \u0107e resorni sekretarijat, kako pove\u0107anjem bud\u017eeta, tako i drugim aktivnostima jo\u0161 sna\u017enije raditi na unapre\u0111enju omladinskog sektora u AP Vojvodini. &#8211; Ima dosta prostora za unapre\u0111enje omladinskog sektora. Va\u017eno je da svi zajedno sagledamo koje su to<\/p>\n<div class=\"read-more\"><a href=\"https:\/\/talasidunava.rs\/?p=1166\" title=\"Op\u0161irnije\">Op\u0161irnije<\/a><\/div>\n","protected":false},"author":1,"featured_media":1167,"comment_status":"open","ping_status":"open","sticky":false,"template":"","format":"standard","meta":{"footnotes":""},"categories":[3],"tags":[],"class_list":{"0":"post-1166","1":"post","2":"type-post","3":"status-publish","4":"format-standard","5":"has-post-thumbnail","7":"category-vesti"},"jetpack_featured_media_url":"https:\/\/talasidunava.rs\/wp-content\/uploads\/2023\/02\/Dane-Basta-sastanak-23-2.jpg","_links":{"self":[{"href":"https:\/\/talasidunava.rs\/index.php?rest_route=\/wp\/v2\/posts\/1166","targetHints":{"allow":["GET"]}}],"collection":[{"href":"https:\/\/talasidunava.rs\/index.php?rest_route=\/wp\/v2\/posts"}],"about":[{"href":"https:\/\/talasidunava.rs\/index.php?rest_route=\/wp\/v2\/types\/post"}],"author":[{"embeddable":true,"href":"https:\/\/talasidunava.rs\/index.php?rest_route=\/wp\/v2\/users\/1"}],"replies":[{"embeddable":true,"href":"https:\/\/talasidunava.rs\/index.php?rest_route=%2Fwp%2Fv2%2Fcomments&post=1166"}],"version-history":[{"count":1,"href":"https:\/\/talasidunava.rs\/index.php?rest_route=\/wp\/v2\/posts\/1166\/revisions"}],"predecessor-version":[{"id":1168,"href":"https:\/\/talasidunava.rs\/index.php?rest_route=\/wp\/v2\/posts\/1166\/revisions\/1168"}],"wp:featuredmedia":[{"embeddable":true,"href":"https:\/\/talasidunava.rs\/index.php?rest_route=\/wp\/v2\/media\/1167"}],"wp:attachment":[{"href":"https:\/\/talasidunava.rs\/index.php?rest_route=%2Fwp%2Fv2%2Fmedia&parent=1166"}],"wp:term":[{"taxonomy":"category","embeddable":true,"href":"https:\/\/talasidunava.rs\/index.php?rest_route=%2Fwp%2Fv2%2Fcategories&post=1166"},{"taxonomy":"post_tag","embeddable":true,"href":"https:\/\/talasidunava.rs\/index.php?rest_route=%2Fwp%2Fv2%2Ftags&post=1166"}],"curies":[{"name":"wp","href":"https:\/\/api.w.org\/{rel}","templated":true}]}}