{"id":1196,"date":"2023-02-10T19:40:51","date_gmt":"2023-02-10T18:40:51","guid":{"rendered":"https:\/\/talasidunava.rs\/?p=1196"},"modified":"2023-02-10T19:40:51","modified_gmt":"2023-02-10T18:40:51","slug":"obelezen-medjunarodni-dan-zena-i-devojaka-u-nauci","status":"publish","type":"post","link":"https:\/\/talasidunava.rs\/?p=1196","title":{"rendered":"Obele\u017een Me\u0111unarodni dan \u017eena i devojaka u nauci"},"content":{"rendered":"<p>Povodom Me\u0111unarodnog dana \u017eena i devojaka u nauci, pokrajinski sekretar za visoko obrazovanje i nau\u010dnoistra\u017eiva\u010dku delatnost prof. dr Zoran Milo\u0161evi\u0107 priredio je danas u Holu Pokrajinske vlade prijem za najistaknutije nau\u010dnice Univerziteta u Novom Sadu.<\/p>\n<p>Pozdravljaju\u0107i ugledne go\u0161\u0107e, koje pored svog izuzetnog nau\u010dnog doprinosa, ostvaruju zapa\u017eenu misiju dru\u0161tvenog liderstva, sekretar Milo\u0161evi\u0107 je istakao statisti\u010dke podatke koji ukazuju na \u010dinjenicu da je na svetskom nivou 33 odsto \u017eena u nauci, dok je u Srbiji taj udeo iznad 60 odsto, kada govorimo o nau\u010dnim institutima.<\/p>\n<p>\u201eTo je pokazatelj da dr\u017eava i dru\u0161tvo u Srbiji pru\u017eaju podr\u0161ku \u017eenama da se bave naukom\u201c, citirao je sekretar ministarku nauke, tehnolo\u0161kog razvoja i inovacija u Vladi Republike Srbije i dodao da su nosioci ovih pozitivnih promena hrabre i vredne \u017eene koje su deo na\u0161e \u017eivotne stvarnosti.<\/p>\n<p>\u201eNema sumnje \u2013 i svetu i nama potrebna je nauka, a nauci su neophodne \u017eene. Ponosan sam \u0161to govorim u ime sekretarijata koji je u skoro svim svojim konkursima sveobuhvatno prepoznao tu hrabru \u017eenu. One su dominantne u\u010desnice i nosioci ve\u0107ine odobrenih projekata. U obrazovanju, a posebno u nauci, \u017eelimo da postignemo dru\u0161tvo jednakih \u0161ansi, dru\u0161tvo koje svoju etiku i estetiku gradi kroz harmonizaciju svih svojih kreativnih \u010dlanova. Zato smo danas ovde, da upravo vi, na\u0161e najhrabrije i najvrednije \u017eene, nau\u010dnim rezultatima, dru\u0161tvenim liderstvom i umetno\u0161\u0107u osvetlite put dolaze\u0107ih \u017eena i devojaka u nauci. Hvala na toj misiji\u201c, naveo je Milo\u0161evi\u0107.<\/p>\n<p>Prisutnima se obratila i Dragana Milo\u0161evi\u0107, pokrajinski sekretar za kulturu, javno informisanje i odnose s verskim zajednicama.<\/p>\n<p>\u201e\u017divot nije jednostavan ni za koga. Pa kako se onda s tim nositi? Moramo istrajavati i, iznad svega, verovati u sebe. Moramo verovati da smo obdareni za ne\u0161to i da to svakako mora biti dostignuto. Slede\u0107i ovu misao, na\u0161e je da istrajemo u nastojanjima da se razbiju predrasude i uklone prepreke za mnogo ve\u0107u zastupljenost \u017eena i devojaka u nauci. I da verujemo da \u0107e ta nastojanja dati odgovaraju\u0107i rezultat\u201c, istakla je Milo\u0161evi\u0107eva.<\/p>\n<p>Akademkinja Jasmina Grkovi\u0107 Mejd\u017eor govorila je o \u017eivotnim ulogama i profesionalnim dostignu\u0107ima najzna\u010dajnijih nau\u010dnica kroz istoriju, od anti\u010dkih vremena do danas.<\/p>\n<p>\u201eVrata nauke su danas \u0161irom otvorena za nas \u017eene. Me\u0111utim, na\u0161 zajedni\u010dki cilj nije da se prekrajamo po polovima, ve\u0107 da u situaciji jednakih prava i mogu\u0107nosti vi\u0161e ne bude va\u017eno kojem polu pripadamo, ve\u0107 da jedino merilo u nauci, na dobrobit svih nas, bude kvalitet\u201c, rekla je Jasmina Grkovi\u0107 Mejd\u017eor.<\/p>\n<p>Dekanica Medicinskog fakulteta u Novom Sadu prof. dr Sne\u017eana Brki\u0107, istakla je da celokupno srpsko zdravstvo po\u010diva na \u017eenama i ukazala na podatak da je na tom fakultetu \u010dak 80 odsto studentkinja.<\/p>\n<p>Na sve\u010danosti je izveden umetni\u010dki program Kristine Jevtovi\u0107, pijanistkinje i studentkinje sa invaliditetom Akademije umetnosti, \u010dijim je upornim i principijelnim zalaganjem, uz finansijsku podr\u0161ku Pokrajinske vlade, promovisana izgradnja lifta za studente sa invaliditetom na Akademiji, kao i prilago\u0111avanje drugih prostorija njihovim potrebama.<\/p>\n<p>Ujedinjene nacije proglasile su 11. februar za Me\u0111unarodni dan \u017eena i devojaka u nauci s ciljem ravnopravnog u\u010de\u0161\u0107a \u017eena i devojaka u nau\u010dnim krugovima.<\/p>\n<p>Globalno, \u017eene su i dalje manje pla\u0107ene, re\u0111e napreduju, dobijaju manje projekata i \u010de\u0161\u0107e napu\u0161taju karijeru u nauci od mu\u0161karaca koji su jednako kvalifikovani. Prema podacima UNESKO-a (2014\u20132016), samo oko 30 odsto devojaka bira studije u oblastima nauke, tehnologije, in\u017eenjerstva i matematike. Po toj statistici vrlo mali broj devojaka studira informaciono-komunikacione tehnologije (tri odsto), prirodne nauke, matematiku i statistiku (pet odsto) i in\u017eenjerstvo (osam odsto).<\/p>\n<p>&nbsp;<\/p>\n","protected":false},"excerpt":{"rendered":"<p>Povodom Me\u0111unarodnog dana \u017eena i devojaka u nauci, pokrajinski sekretar za visoko obrazovanje i nau\u010dnoistra\u017eiva\u010dku delatnost prof. dr Zoran Milo\u0161evi\u0107 priredio je danas u Holu Pokrajinske vlade prijem za najistaknutije nau\u010dnice Univerziteta u Novom Sadu. Pozdravljaju\u0107i ugledne go\u0161\u0107e, koje pored svog izuzetnog nau\u010dnog doprinosa, ostvaruju zapa\u017eenu misiju dru\u0161tvenog liderstva, sekretar Milo\u0161evi\u0107 je istakao statisti\u010dke podatke<\/p>\n<div class=\"read-more\"><a href=\"https:\/\/talasidunava.rs\/?p=1196\" title=\"Op\u0161irnije\">Op\u0161irnije<\/a><\/div>\n","protected":false},"author":1,"featured_media":1197,"comment_status":"open","ping_status":"open","sticky":false,"template":"","format":"standard","meta":{"footnotes":""},"categories":[3],"tags":[],"class_list":{"0":"post-1196","1":"post","2":"type-post","3":"status-publish","4":"format-standard","5":"has-post-thumbnail","7":"category-vesti"},"jetpack_featured_media_url":"https:\/\/talasidunava.rs\/wp-content\/uploads\/2023\/02\/10022023-Dragana_hol-7.jpg","_links":{"self":[{"href":"https:\/\/talasidunava.rs\/index.php?rest_route=\/wp\/v2\/posts\/1196","targetHints":{"allow":["GET"]}}],"collection":[{"href":"https:\/\/talasidunava.rs\/index.php?rest_route=\/wp\/v2\/posts"}],"about":[{"href":"https:\/\/talasidunava.rs\/index.php?rest_route=\/wp\/v2\/types\/post"}],"author":[{"embeddable":true,"href":"https:\/\/talasidunava.rs\/index.php?rest_route=\/wp\/v2\/users\/1"}],"replies":[{"embeddable":true,"href":"https:\/\/talasidunava.rs\/index.php?rest_route=%2Fwp%2Fv2%2Fcomments&post=1196"}],"version-history":[{"count":1,"href":"https:\/\/talasidunava.rs\/index.php?rest_route=\/wp\/v2\/posts\/1196\/revisions"}],"predecessor-version":[{"id":1198,"href":"https:\/\/talasidunava.rs\/index.php?rest_route=\/wp\/v2\/posts\/1196\/revisions\/1198"}],"wp:featuredmedia":[{"embeddable":true,"href":"https:\/\/talasidunava.rs\/index.php?rest_route=\/wp\/v2\/media\/1197"}],"wp:attachment":[{"href":"https:\/\/talasidunava.rs\/index.php?rest_route=%2Fwp%2Fv2%2Fmedia&parent=1196"}],"wp:term":[{"taxonomy":"category","embeddable":true,"href":"https:\/\/talasidunava.rs\/index.php?rest_route=%2Fwp%2Fv2%2Fcategories&post=1196"},{"taxonomy":"post_tag","embeddable":true,"href":"https:\/\/talasidunava.rs\/index.php?rest_route=%2Fwp%2Fv2%2Ftags&post=1196"}],"curies":[{"name":"wp","href":"https:\/\/api.w.org\/{rel}","templated":true}]}}