{"id":1199,"date":"2023-02-10T19:47:51","date_gmt":"2023-02-10T18:47:51","guid":{"rendered":"https:\/\/talasidunava.rs\/?p=1199"},"modified":"2023-02-10T19:47:51","modified_gmt":"2023-02-10T18:47:51","slug":"odrzan-sastanak-sa-direktorima-skola-juznobackog-okruga-i-skolske-uprave-sombor","status":"publish","type":"post","link":"https:\/\/talasidunava.rs\/?p=1199","title":{"rendered":"Odr\u017ean sastanak sa direktorima \u0161kola Ju\u017enoba\u010dkog okruga i \u0160kolske uprave Sombor"},"content":{"rendered":"<p>U cilju prezentovanja planiranih aktivnosti u oblasti obrazovanja i unapre\u0111ivanja komunikacije izme\u0111u Pokrajinskog sekretarijata za obrazovanje, propise, upravu i nacionalne manjine \u2013 nacionalne zajednice i obrazovno-vaspitnih ustanova, danas je u Velikoj sali Skup\u0161tine AP Vojvodine odr\u017ean sastanak sa direktorima pokrajinskih \u0161kola.<\/p>\n<p>&#8211; Znamo koliko je izazovan prosvetarski poziv, naro\u010dito u ovim vremenima u kojima \u017eivimo. Stoga je i dana\u0161nji dan prilika da vam svima zahvalim za sav va\u0161 dosada\u0161nji trud i napore koje svakodnevno ula\u017eete kako biste na\u0161u decu obrazovali i spremili za \u017eivot na najadekvatniji mogu\u0107i na\u010din. Iako imamo odli\u010dnu saradnju, svesni smo \u010dinjenice da je za njeno odr\u017eavanje neophodno stalno i\u0107i u korak sa vremenom i usavr\u0161avati svoje ve\u0161tine i komunikaciju izme\u0111u ustanova kako bi se postigla \u017eeljena efikasnost u radu &#8211; rekao je potpredsednik Pokrajinske vlade i resorni pokrajinski sekretar \u017dolt Sakala\u0161 u pozdravnom govoru.<\/p>\n<p>Imaju\u0107i u vidu broj ustanova obrazovanja na teritoriji AP Vojvodine, sastanci se odr\u017eavaju u vi\u0161e termina, tokom dva dana.<\/p>\n<p>&#8211; \u017delja nam je bila da vas na dana\u0161njem skupu upoznamo sa radom Sekretarijata i da vam predstavimo planirane aktivnosti i projekte predvi\u0111ene za 2023. godinu. Ovde smo da vam damo podr\u0161ku i pozivamo vas da zajedni\u010dkim snagama poku\u0161amo da re\u0161imo sve va\u0161e nedoumice i prepreke, kako bi \u017eivot i rad u va\u0161im obrazovno-vaspitnim ustanovama bio \u0161to prijatniji, bezbedniji i uspe\u0161niji &#8211; izjavila je zamenica pokrajinskog sekretara Sla\u0111ana Bursa\u0107.<\/p>\n<p>U okviru sastanka predstavnici Sekretarijata najavili su predstoje\u0107e konkurse u oblasti obrazovanja, ukazali na mogu\u0107nosti i zakonske rokove za polaganje ispita za licencu direktora, nastavnika, vaspita\u010da, stru\u010dnih saradnika i sekretara ustanova i izneli najva\u017enije informacije u vezi sa redovnim inspekcijskim nadzorom. Slede\u0107a dva sastanka za preostale \u0161kole bi\u0107e odr\u017eana u ponedeljak, 13. februara, u 10.00 i 12.00 \u010dasova u Velikoj sali Skup\u0161tine APV.<\/p>\n","protected":false},"excerpt":{"rendered":"<p>U cilju prezentovanja planiranih aktivnosti u oblasti obrazovanja i unapre\u0111ivanja komunikacije izme\u0111u Pokrajinskog sekretarijata za obrazovanje, propise, upravu i nacionalne manjine \u2013 nacionalne zajednice i obrazovno-vaspitnih ustanova, danas je u Velikoj sali Skup\u0161tine AP Vojvodine odr\u017ean sastanak sa direktorima pokrajinskih \u0161kola. &#8211; Znamo koliko je izazovan prosvetarski poziv, naro\u010dito u ovim vremenima u kojima \u017eivimo.<\/p>\n<div class=\"read-more\"><a href=\"https:\/\/talasidunava.rs\/?p=1199\" title=\"Op\u0161irnije\">Op\u0161irnije<\/a><\/div>\n","protected":false},"author":1,"featured_media":1200,"comment_status":"open","ping_status":"open","sticky":false,"template":"","format":"standard","meta":{"footnotes":""},"categories":[9,10,11,8,3],"tags":[],"class_list":{"0":"post-1199","1":"post","2":"type-post","3":"status-publish","4":"format-standard","5":"has-post-thumbnail","7":"category-apatin","8":"category-kula","9":"category-odzaci","10":"category-sombor","11":"category-vesti"},"jetpack_featured_media_url":"https:\/\/talasidunava.rs\/wp-content\/uploads\/2023\/02\/10022023_foto_03.jpg","_links":{"self":[{"href":"https:\/\/talasidunava.rs\/index.php?rest_route=\/wp\/v2\/posts\/1199","targetHints":{"allow":["GET"]}}],"collection":[{"href":"https:\/\/talasidunava.rs\/index.php?rest_route=\/wp\/v2\/posts"}],"about":[{"href":"https:\/\/talasidunava.rs\/index.php?rest_route=\/wp\/v2\/types\/post"}],"author":[{"embeddable":true,"href":"https:\/\/talasidunava.rs\/index.php?rest_route=\/wp\/v2\/users\/1"}],"replies":[{"embeddable":true,"href":"https:\/\/talasidunava.rs\/index.php?rest_route=%2Fwp%2Fv2%2Fcomments&post=1199"}],"version-history":[{"count":1,"href":"https:\/\/talasidunava.rs\/index.php?rest_route=\/wp\/v2\/posts\/1199\/revisions"}],"predecessor-version":[{"id":1201,"href":"https:\/\/talasidunava.rs\/index.php?rest_route=\/wp\/v2\/posts\/1199\/revisions\/1201"}],"wp:featuredmedia":[{"embeddable":true,"href":"https:\/\/talasidunava.rs\/index.php?rest_route=\/wp\/v2\/media\/1200"}],"wp:attachment":[{"href":"https:\/\/talasidunava.rs\/index.php?rest_route=%2Fwp%2Fv2%2Fmedia&parent=1199"}],"wp:term":[{"taxonomy":"category","embeddable":true,"href":"https:\/\/talasidunava.rs\/index.php?rest_route=%2Fwp%2Fv2%2Fcategories&post=1199"},{"taxonomy":"post_tag","embeddable":true,"href":"https:\/\/talasidunava.rs\/index.php?rest_route=%2Fwp%2Fv2%2Ftags&post=1199"}],"curies":[{"name":"wp","href":"https:\/\/api.w.org\/{rel}","templated":true}]}}