{"id":1243,"date":"2023-02-14T14:17:33","date_gmt":"2023-02-14T13:17:33","guid":{"rendered":"https:\/\/talasidunava.rs\/?p=1243"},"modified":"2023-02-16T14:19:45","modified_gmt":"2023-02-16T13:19:45","slug":"vinogradari-iz-crvenke-obelezili-svetog-trifuna","status":"publish","type":"post","link":"https:\/\/talasidunava.rs\/?p=1243","title":{"rendered":"Vinogradari iz Crvenke obele\u017eili svetog Trifuna"},"content":{"rendered":"<p>Sveti Trifun je slava vinogradara i vo\u0107ara. To je bio povod da se u vo\u0107njaku Radeta Pupavca u Crvenki okupe \u010dlanovi Udru\u017eenja vinogradara i vo\u0107ara \u201eStari podrumi\u201c iz Crvenke i obele\u017ee svoju slavu. Obele\u017eavanje slave po\u010delo je besedom prezvitera Milo\u0161a Petrovi\u0107a, paroha crvena\u010dkog, koji je po\u017eeleo sre\u0107u vinogradarima u njihovom blagorodnom poslu\u201c<\/p>\n<p>\u010cast da ove godine budu kumovi slave pripala je Branislavu Zeljkovi\u0107u i Slobodanu Barzutu. Upravo jedan od kumova, Slobodan Barzut, da je velika \u010dast i privilegija biti kum slave.<\/p>\n<p>&#8211; Velika je \u010dast nastaviti tradiciju na\u0161ih prijatelja i ovo je, \u010dini mi se, ve\u0107 deseta godina i to polako prelazi u lepu tradiciju. Nadam se da ovim na\u0161im radom i trudom probuditi mla\u0111e nara\u0161taje da sade \u0161to vi\u0161e vinograda\u201c. Stanje u vinogradima je bilo odli\u010dno jer je bilo su\u0161no, me\u0111utim, na kraju, kad je trebao da se nagura \u0161e\u0107er, onda je malo vlage bilo, ali uglavnom je godina bila dobra &#8211; re\u010di su Slobodana Barzuta.<\/p>\n<p>&nbsp;<\/p>\n<p>izvor: kula.rs<\/p>\n","protected":false},"excerpt":{"rendered":"<p>Sveti Trifun je slava vinogradara i vo\u0107ara. To je bio povod da se u vo\u0107njaku Radeta Pupavca u Crvenki okupe \u010dlanovi Udru\u017eenja vinogradara i vo\u0107ara \u201eStari podrumi\u201c iz Crvenke i obele\u017ee svoju slavu. Obele\u017eavanje slave po\u010delo je besedom prezvitera Milo\u0161a Petrovi\u0107a, paroha crvena\u010dkog, koji je po\u017eeleo sre\u0107u vinogradarima u njihovom blagorodnom poslu\u201c \u010cast da ove<\/p>\n<div class=\"read-more\"><a href=\"https:\/\/talasidunava.rs\/?p=1243\" title=\"Op\u0161irnije\">Op\u0161irnije<\/a><\/div>\n","protected":false},"author":1,"featured_media":1244,"comment_status":"open","ping_status":"open","sticky":false,"template":"","format":"standard","meta":{"footnotes":""},"categories":[10,6,3],"tags":[],"class_list":{"0":"post-1243","1":"post","2":"type-post","3":"status-publish","4":"format-standard","5":"has-post-thumbnail","7":"category-kula","8":"category-turizam","9":"category-vesti"},"jetpack_featured_media_url":"https:\/\/talasidunava.rs\/wp-content\/uploads\/2023\/02\/140223_3-1.jpg","_links":{"self":[{"href":"https:\/\/talasidunava.rs\/index.php?rest_route=\/wp\/v2\/posts\/1243","targetHints":{"allow":["GET"]}}],"collection":[{"href":"https:\/\/talasidunava.rs\/index.php?rest_route=\/wp\/v2\/posts"}],"about":[{"href":"https:\/\/talasidunava.rs\/index.php?rest_route=\/wp\/v2\/types\/post"}],"author":[{"embeddable":true,"href":"https:\/\/talasidunava.rs\/index.php?rest_route=\/wp\/v2\/users\/1"}],"replies":[{"embeddable":true,"href":"https:\/\/talasidunava.rs\/index.php?rest_route=%2Fwp%2Fv2%2Fcomments&post=1243"}],"version-history":[{"count":1,"href":"https:\/\/talasidunava.rs\/index.php?rest_route=\/wp\/v2\/posts\/1243\/revisions"}],"predecessor-version":[{"id":1245,"href":"https:\/\/talasidunava.rs\/index.php?rest_route=\/wp\/v2\/posts\/1243\/revisions\/1245"}],"wp:featuredmedia":[{"embeddable":true,"href":"https:\/\/talasidunava.rs\/index.php?rest_route=\/wp\/v2\/media\/1244"}],"wp:attachment":[{"href":"https:\/\/talasidunava.rs\/index.php?rest_route=%2Fwp%2Fv2%2Fmedia&parent=1243"}],"wp:term":[{"taxonomy":"category","embeddable":true,"href":"https:\/\/talasidunava.rs\/index.php?rest_route=%2Fwp%2Fv2%2Fcategories&post=1243"},{"taxonomy":"post_tag","embeddable":true,"href":"https:\/\/talasidunava.rs\/index.php?rest_route=%2Fwp%2Fv2%2Ftags&post=1243"}],"curies":[{"name":"wp","href":"https:\/\/api.w.org\/{rel}","templated":true}]}}