{"id":1252,"date":"2023-02-13T14:27:50","date_gmt":"2023-02-13T13:27:50","guid":{"rendered":"https:\/\/talasidunava.rs\/?p=1252"},"modified":"2023-02-16T14:31:54","modified_gmt":"2023-02-16T13:31:54","slug":"obelezeno-77-godina-crvenog-krsta-odzaci","status":"publish","type":"post","link":"https:\/\/talasidunava.rs\/?p=1252","title":{"rendered":"Obele\u017eeno 77 godina Crvenog krsta Od\u017eaci"},"content":{"rendered":"<p>Zamenica predsednika Op\u0161tine Od\u017eaci Dejana Salaj posetila je op\u0161tinsku organizaciju Crvenog krsta u Od\u017eacima, povodom obele\u017eavanja 77 godina postojanja i rada ove organizacije.\u00a013. februar se obele\u017eava kao dan kada je 1946. godine odr\u017eana osniva\u010dka skup\u0161tina op\u0161tinskog odbora Crvenog krsta Od\u017eaci na kojoj su izabrani upravni i nadzorni odbor, sekretar i predsednik ove organizacije.<\/p>\n<p>Prema re\u010dima Ljiljane Mladenovi\u0107, sekretara Crvenog krsta u Od\u017eacima, ova organizacija je verovatno postojala i ranije, ali je pre 77 godina dobila svoj institucionalni oblik, dok je u decenijama koje su usledile zahvaljuju\u0107i velikom broju volontera realizovala programe pomo\u0107i ugro\u017eenima.<\/p>\n<p>Tokom posete je zaklju\u010deno da postoje brojne oblasti u kojima treba graditi institucionalnu saradnju op\u0161tine Od\u017eaci sa Crvenim krstom u na\u0161oj op\u0161tini.<\/p>\n<p>&nbsp;<\/p>\n<p>izvor: odzaci.rs<\/p>\n","protected":false},"excerpt":{"rendered":"<p>Zamenica predsednika Op\u0161tine Od\u017eaci Dejana Salaj posetila je op\u0161tinsku organizaciju Crvenog krsta u Od\u017eacima, povodom obele\u017eavanja 77 godina postojanja i rada ove organizacije.\u00a013. februar se obele\u017eava kao dan kada je 1946. godine odr\u017eana osniva\u010dka skup\u0161tina op\u0161tinskog odbora Crvenog krsta Od\u017eaci na kojoj su izabrani upravni i nadzorni odbor, sekretar i predsednik ove organizacije. Prema re\u010dima<\/p>\n<div class=\"read-more\"><a href=\"https:\/\/talasidunava.rs\/?p=1252\" title=\"Op\u0161irnije\">Op\u0161irnije<\/a><\/div>\n","protected":false},"author":1,"featured_media":1253,"comment_status":"open","ping_status":"open","sticky":false,"template":"","format":"standard","meta":{"footnotes":""},"categories":[11,3],"tags":[],"class_list":{"0":"post-1252","1":"post","2":"type-post","3":"status-publish","4":"format-standard","5":"has-post-thumbnail","7":"category-odzaci","8":"category-vesti"},"jetpack_featured_media_url":"https:\/\/talasidunava.rs\/wp-content\/uploads\/2023\/02\/1676367281-crveni-krst-poseta.png","_links":{"self":[{"href":"https:\/\/talasidunava.rs\/index.php?rest_route=\/wp\/v2\/posts\/1252","targetHints":{"allow":["GET"]}}],"collection":[{"href":"https:\/\/talasidunava.rs\/index.php?rest_route=\/wp\/v2\/posts"}],"about":[{"href":"https:\/\/talasidunava.rs\/index.php?rest_route=\/wp\/v2\/types\/post"}],"author":[{"embeddable":true,"href":"https:\/\/talasidunava.rs\/index.php?rest_route=\/wp\/v2\/users\/1"}],"replies":[{"embeddable":true,"href":"https:\/\/talasidunava.rs\/index.php?rest_route=%2Fwp%2Fv2%2Fcomments&post=1252"}],"version-history":[{"count":1,"href":"https:\/\/talasidunava.rs\/index.php?rest_route=\/wp\/v2\/posts\/1252\/revisions"}],"predecessor-version":[{"id":1254,"href":"https:\/\/talasidunava.rs\/index.php?rest_route=\/wp\/v2\/posts\/1252\/revisions\/1254"}],"wp:featuredmedia":[{"embeddable":true,"href":"https:\/\/talasidunava.rs\/index.php?rest_route=\/wp\/v2\/media\/1253"}],"wp:attachment":[{"href":"https:\/\/talasidunava.rs\/index.php?rest_route=%2Fwp%2Fv2%2Fmedia&parent=1252"}],"wp:term":[{"taxonomy":"category","embeddable":true,"href":"https:\/\/talasidunava.rs\/index.php?rest_route=%2Fwp%2Fv2%2Fcategories&post=1252"},{"taxonomy":"post_tag","embeddable":true,"href":"https:\/\/talasidunava.rs\/index.php?rest_route=%2Fwp%2Fv2%2Ftags&post=1252"}],"curies":[{"name":"wp","href":"https:\/\/api.w.org\/{rel}","templated":true}]}}