{"id":3051,"date":"2023-09-11T16:22:28","date_gmt":"2023-09-11T15:22:28","guid":{"rendered":"https:\/\/talasidunava.rs\/?p=3051"},"modified":"2023-09-11T16:22:28","modified_gmt":"2023-09-11T15:22:28","slug":"dragana-milosevic-u-opstini-kula-najveca-investicija-u-oblasti-kulture-u-proteklih-50-godina","status":"publish","type":"post","link":"https:\/\/talasidunava.rs\/?p=3051","title":{"rendered":"Dragana Milo\u0161evi\u0107: U op\u0161tini Kula najve\u0107a investicija u oblasti kulture u proteklih 50 godina"},"content":{"rendered":"<p>Pokrajinski sekretar za kulturu, javno informisanje i odnose s verskim zajednicama Dragana Milo\u0161evi\u0107 i predsednik Op\u0161tine Kula Damjan Miljani\u0107 danas su u prostorijama Op\u0161tine potpisali ugovor o finansiranju realizacije projekta \u201eRekonstrukcija, dogradnja, adaptacija, prenamena i energetske sanacije budu\u0107e zgrade Muzeja i Gradske biblioteke u Kuli\u201c.<\/p>\n<p>Re\u010d je investiciji od gotovo dva miliona evra, koja predstavlja zna\u010dajan pomak kako za op\u0161tinu Kula, tako i za institucije kulture, koje \u0107e kona\u010dno imati svoj krov nad glavom.<\/p>\n<p>Resorni sekretar Dragana Milo\u0161evi\u0107 je naglasila da je danas istorijski dan za op\u0161tinu Kula s obzirom na to da se decenijama unazad nije ulagalo u institucije kulture.<\/p>\n<p>\u201eVeoma sam ponosna \u0161to sam \u010dlan aktuelne Pokrajinske vlade koja vodi ovakvu kulturnu politiku. Tokom proteklih pet godina otvorena je nova konkursna linija za kapitalne investicije na osnovu \u010dega je rekonstruisan i opremljen veliki broj institucija kulture u javnoj svojini, a zapo\u010deta je i izgradnja novih objekata. U 17 lokalnih samouprava podr\u017eano je ukupno 19 investicionih projekata u vrednosti od blizu deset miliona evra, a preko Pokrajinskog sekretarijata za regionalni razvoj, me\u0111uregionalnu saradnju i lokalnu samoupravu i Uprave za kapitalna ulaganja, do sada je podr\u017eano 30 lokalnih samouprava u iznosu od blizu 25 miliona evra\u201c, naglasila je Milo\u0161evi\u0107eva.<\/p>\n<p>Istakla je da su sredstva za sanaciju zgrade budu\u0107eg Muzeja u Kuli, Gradske biblioteke, koja je pre 15 godina izgorela i od tada nema svoje prostorije, kao i dela Muzi\u010dke \u0161kole, obezbe\u0111ena rebalansom bud\u017eeta AP Vojvodine za 2023. godinu, kao i da \u0107e Pokrajinska vlada nastaviti da ula\u017ee u kulturu na severu Srbije, poma\u017eu\u0107i dalje ja\u010danje svake lokalne samouprave.<\/p>\n<p>Predsednik op\u0161tine Kula Damjan Miljani\u0107 je izrazio zahvalnost na podr\u0161ci Pokrajinske vlade i resornog sekretarijata nagla\u0161avaju\u0107i da je objekat, u kom je\u00a0 nekada bila sme\u0161tena policija, od pre mesec dana spreman za kompletnu rekonstrukciju.<\/p>\n<p>Naveo je da \u0107e na povr\u0161ini od 1.400 metara kvadratnih biti sme\u0161ten Muzej, Gradska biblioteka, koja je izgorela u po\u017earu pre 15 godina, deo muzi\u010dke \u0161kole. To \u0107e biti zna\u010dajna kulturna institucija sa raznovrsnim kulturnim sadr\u017eajem koji do sada nije imao prostornih mogu\u0107nosti za realizovanje.<\/p>\n<p>Na objektu \u0107e uskoro po\u010deti prva faza radova, a zavr\u0161etak celokupnog projekta o\u010dekuje se slede\u0107e godine.<\/p>\n","protected":false},"excerpt":{"rendered":"<p>Pokrajinski sekretar za kulturu, javno informisanje i odnose s verskim zajednicama Dragana Milo\u0161evi\u0107 i predsednik Op\u0161tine Kula Damjan Miljani\u0107 danas su u prostorijama Op\u0161tine potpisali ugovor o finansiranju realizacije projekta \u201eRekonstrukcija, dogradnja, adaptacija, prenamena i energetske sanacije budu\u0107e zgrade Muzeja i Gradske biblioteke u Kuli\u201c. Re\u010d je investiciji od gotovo dva miliona evra, koja predstavlja<\/p>\n<div class=\"read-more\"><a href=\"https:\/\/talasidunava.rs\/?p=3051\" title=\"Op\u0161irnije\">Op\u0161irnije<\/a><\/div>\n","protected":false},"author":1,"featured_media":3052,"comment_status":"open","ping_status":"open","sticky":false,"template":"","format":"standard","meta":{"footnotes":""},"categories":[10,3],"tags":[],"class_list":{"0":"post-3051","1":"post","2":"type-post","3":"status-publish","4":"format-standard","5":"has-post-thumbnail","7":"category-kula","8":"category-vesti"},"jetpack_featured_media_url":"https:\/\/talasidunava.rs\/wp-content\/uploads\/2023\/09\/Potpisan-ugovor-za-adaptaciju-zgrade-muzeja-i-Gradske-biblioteke-u-Kuli-04.jpg","_links":{"self":[{"href":"https:\/\/talasidunava.rs\/index.php?rest_route=\/wp\/v2\/posts\/3051","targetHints":{"allow":["GET"]}}],"collection":[{"href":"https:\/\/talasidunava.rs\/index.php?rest_route=\/wp\/v2\/posts"}],"about":[{"href":"https:\/\/talasidunava.rs\/index.php?rest_route=\/wp\/v2\/types\/post"}],"author":[{"embeddable":true,"href":"https:\/\/talasidunava.rs\/index.php?rest_route=\/wp\/v2\/users\/1"}],"replies":[{"embeddable":true,"href":"https:\/\/talasidunava.rs\/index.php?rest_route=%2Fwp%2Fv2%2Fcomments&post=3051"}],"version-history":[{"count":1,"href":"https:\/\/talasidunava.rs\/index.php?rest_route=\/wp\/v2\/posts\/3051\/revisions"}],"predecessor-version":[{"id":3053,"href":"https:\/\/talasidunava.rs\/index.php?rest_route=\/wp\/v2\/posts\/3051\/revisions\/3053"}],"wp:featuredmedia":[{"embeddable":true,"href":"https:\/\/talasidunava.rs\/index.php?rest_route=\/wp\/v2\/media\/3052"}],"wp:attachment":[{"href":"https:\/\/talasidunava.rs\/index.php?rest_route=%2Fwp%2Fv2%2Fmedia&parent=3051"}],"wp:term":[{"taxonomy":"category","embeddable":true,"href":"https:\/\/talasidunava.rs\/index.php?rest_route=%2Fwp%2Fv2%2Fcategories&post=3051"},{"taxonomy":"post_tag","embeddable":true,"href":"https:\/\/talasidunava.rs\/index.php?rest_route=%2Fwp%2Fv2%2Ftags&post=3051"}],"curies":[{"name":"wp","href":"https:\/\/api.w.org\/{rel}","templated":true}]}}