{"id":3213,"date":"2023-09-27T07:42:39","date_gmt":"2023-09-27T06:42:39","guid":{"rendered":"https:\/\/talasidunava.rs\/?p=3213"},"modified":"2023-09-27T07:42:39","modified_gmt":"2023-09-27T06:42:39","slug":"vlada-proglasila-dan-zalosti-povodom-tragicnih-dogadjaja-na-kosovu-i-metohiji","status":"publish","type":"post","link":"https:\/\/talasidunava.rs\/?p=3213","title":{"rendered":"Vlada proglasila Dan \u017ealosti povodom tragi\u010dnih doga\u0111aja na \u041aosovu i Metohiji"},"content":{"rendered":"<p>Vlada Republike Srbije proglasila je, na ju\u010dera\u0111njoj vanrednoj sednici, 27. septembar 2023. godine za Dan \u017ealosti povodom tragi\u010dnih doga\u0111aja na \u041aosovu i Metohiji.<\/p>\n<p>Vlada Srbije moli sve medije i organizatore javnih manifestacija da danas, 27. septembra, prilagode svoj program Danu \u017ealosti i na taj na\u010din odaju po\u0161tu nastradalima na \u041aosovu i Metohiji.<\/p>\n","protected":false},"excerpt":{"rendered":"<p>Vlada Republike Srbije proglasila je, na ju\u010dera\u0111njoj vanrednoj sednici, 27. septembar 2023. godine za Dan \u017ealosti povodom tragi\u010dnih doga\u0111aja na \u041aosovu i Metohiji. Vlada Srbije moli sve medije i organizatore javnih manifestacija da danas, 27. septembra, prilagode svoj program Danu \u017ealosti i na taj na\u010din odaju po\u0161tu nastradalima na \u041aosovu i Metohiji.<\/p>\n","protected":false},"author":1,"featured_media":3214,"comment_status":"open","ping_status":"open","sticky":false,"template":"","format":"standard","meta":{"footnotes":""},"categories":[9,10,11,8,3],"tags":[],"class_list":{"0":"post-3213","1":"post","2":"type-post","3":"status-publish","4":"format-standard","5":"has-post-thumbnail","7":"category-apatin","8":"category-kula","9":"category-odzaci","10":"category-sombor","11":"category-vesti"},"jetpack_featured_media_url":"https:\/\/talasidunava.rs\/wp-content\/uploads\/2023\/09\/image0-5.jpeg","_links":{"self":[{"href":"https:\/\/talasidunava.rs\/index.php?rest_route=\/wp\/v2\/posts\/3213","targetHints":{"allow":["GET"]}}],"collection":[{"href":"https:\/\/talasidunava.rs\/index.php?rest_route=\/wp\/v2\/posts"}],"about":[{"href":"https:\/\/talasidunava.rs\/index.php?rest_route=\/wp\/v2\/types\/post"}],"author":[{"embeddable":true,"href":"https:\/\/talasidunava.rs\/index.php?rest_route=\/wp\/v2\/users\/1"}],"replies":[{"embeddable":true,"href":"https:\/\/talasidunava.rs\/index.php?rest_route=%2Fwp%2Fv2%2Fcomments&post=3213"}],"version-history":[{"count":1,"href":"https:\/\/talasidunava.rs\/index.php?rest_route=\/wp\/v2\/posts\/3213\/revisions"}],"predecessor-version":[{"id":3215,"href":"https:\/\/talasidunava.rs\/index.php?rest_route=\/wp\/v2\/posts\/3213\/revisions\/3215"}],"wp:featuredmedia":[{"embeddable":true,"href":"https:\/\/talasidunava.rs\/index.php?rest_route=\/wp\/v2\/media\/3214"}],"wp:attachment":[{"href":"https:\/\/talasidunava.rs\/index.php?rest_route=%2Fwp%2Fv2%2Fmedia&parent=3213"}],"wp:term":[{"taxonomy":"category","embeddable":true,"href":"https:\/\/talasidunava.rs\/index.php?rest_route=%2Fwp%2Fv2%2Fcategories&post=3213"},{"taxonomy":"post_tag","embeddable":true,"href":"https:\/\/talasidunava.rs\/index.php?rest_route=%2Fwp%2Fv2%2Ftags&post=3213"}],"curies":[{"name":"wp","href":"https:\/\/api.w.org\/{rel}","templated":true}]}}