{"id":3227,"date":"2023-09-28T07:54:43","date_gmt":"2023-09-28T06:54:43","guid":{"rendered":"https:\/\/talasidunava.rs\/?p=3227"},"modified":"2023-09-28T07:55:06","modified_gmt":"2023-09-28T06:55:06","slug":"podrska-opstine-kula-ucenicima-ekonomsko-trgovinske-skole-i-projektu-mladi-osluskuju","status":"publish","type":"post","link":"https:\/\/talasidunava.rs\/?p=3227","title":{"rendered":"Podr\u0161ka Op\u0161tine \u041aula u\u010denicima Ekonomsko-trgovinske \u0161kole i projektu \u201eMladi oslu\u0161kuju\u201c"},"content":{"rendered":"<p>U ponedeljak 25. septembra u prostorijama Ekonomsko-trgovinske \u0161kole odr\u017ean je sastanak na kom su prisustvovali predstavnici \u0161kole, predsednik op\u0161tine \u041aula, predstavnik \u0160kolske uprave Sombor i predstavnik Centra za obrazovne politike, organizacije koja sprovodi projekat \u201eMladi oslu\u0161kuju \u2013 Osna\u017eivanje u\u010deni\u010dkih parlamenata za promociju i zalaganje za ljudska prava\u201c.<\/p>\n<p>Cilj sastanka bio je uspostavljanje saradnje na samom po\u010detku sprovo\u0111enja projekta, odnosno pru\u017eanje podr\u0161ke u\u010denicima, predstavnicima U\u010deni\u010dkog parlamenta i zaposlenima Ekonomsko-trgovinske \u0161kole za u\u010de\u0161\u0107e u projektu.<\/p>\n<p>Ekonomsko-trgovinska \u0161kola jedna je od ukupno 16 srednjih \u0161kola koje od septembra meseca u\u010destvuju u projektu \u201eMladi oslu\u0161kuju\u201c koji ima za cilj da osna\u017ei u\u010denike u oblasti ljudskih prava i podr\u017ei ih u sprovo\u0111enju malih akcija kako bi se promovisala ljudska prava u lokalnim zajednicama.<\/p>\n<p>U sprovo\u0111enju i promociji pomenutih akcija, kako je istakao predsednik op\u0161tine \u041aula, Damjan Miljani\u0107, u\u010denici \u0107e imati podr\u0161ku lokalnih institucija i organizacija.<\/p>\n<p>Do kraja godine, za predstavnike lokalne zajednice, kao i za u\u010denike i nastavnike, bi\u0107e odr\u017eano nekoliko obuka koje za cilj imaju ja\u010danje kompetencija u oblasti ljudskih prava, njihove za\u0161tite i promocije.<\/p>\n<p>Projekat \u201eMladi oslu\u0161kuju\u201c sprovode organizacije civilnog dru\u0161tva \u2013 Centar za obrazovne politike i Centar za socijalnu politiku, a finansijski je podr\u017ean od strane Evropske unije.<\/p>\n<p>Info: kula.rs<\/p>\n","protected":false},"excerpt":{"rendered":"<p>U ponedeljak 25. septembra u prostorijama Ekonomsko-trgovinske \u0161kole odr\u017ean je sastanak na kom su prisustvovali predstavnici \u0161kole, predsednik op\u0161tine \u041aula, predstavnik \u0160kolske uprave Sombor i predstavnik Centra za obrazovne politike, organizacije koja sprovodi projekat \u201eMladi oslu\u0161kuju \u2013 Osna\u017eivanje u\u010deni\u010dkih parlamenata za promociju i zalaganje za ljudska prava\u201c. Cilj sastanka bio je uspostavljanje saradnje na samom<\/p>\n<div class=\"read-more\"><a href=\"https:\/\/talasidunava.rs\/?p=3227\" title=\"Op\u0161irnije\">Op\u0161irnije<\/a><\/div>\n","protected":false},"author":1,"featured_media":3228,"comment_status":"open","ping_status":"open","sticky":false,"template":"","format":"standard","meta":{"footnotes":""},"categories":[10,3],"tags":[],"class_list":{"0":"post-3227","1":"post","2":"type-post","3":"status-publish","4":"format-standard","5":"has-post-thumbnail","7":"category-kula","8":"category-vesti"},"jetpack_featured_media_url":"https:\/\/talasidunava.rs\/wp-content\/uploads\/2023\/09\/foto_270923-1000x675-1.jpg","_links":{"self":[{"href":"https:\/\/talasidunava.rs\/index.php?rest_route=\/wp\/v2\/posts\/3227","targetHints":{"allow":["GET"]}}],"collection":[{"href":"https:\/\/talasidunava.rs\/index.php?rest_route=\/wp\/v2\/posts"}],"about":[{"href":"https:\/\/talasidunava.rs\/index.php?rest_route=\/wp\/v2\/types\/post"}],"author":[{"embeddable":true,"href":"https:\/\/talasidunava.rs\/index.php?rest_route=\/wp\/v2\/users\/1"}],"replies":[{"embeddable":true,"href":"https:\/\/talasidunava.rs\/index.php?rest_route=%2Fwp%2Fv2%2Fcomments&post=3227"}],"version-history":[{"count":2,"href":"https:\/\/talasidunava.rs\/index.php?rest_route=\/wp\/v2\/posts\/3227\/revisions"}],"predecessor-version":[{"id":3230,"href":"https:\/\/talasidunava.rs\/index.php?rest_route=\/wp\/v2\/posts\/3227\/revisions\/3230"}],"wp:featuredmedia":[{"embeddable":true,"href":"https:\/\/talasidunava.rs\/index.php?rest_route=\/wp\/v2\/media\/3228"}],"wp:attachment":[{"href":"https:\/\/talasidunava.rs\/index.php?rest_route=%2Fwp%2Fv2%2Fmedia&parent=3227"}],"wp:term":[{"taxonomy":"category","embeddable":true,"href":"https:\/\/talasidunava.rs\/index.php?rest_route=%2Fwp%2Fv2%2Fcategories&post=3227"},{"taxonomy":"post_tag","embeddable":true,"href":"https:\/\/talasidunava.rs\/index.php?rest_route=%2Fwp%2Fv2%2Ftags&post=3227"}],"curies":[{"name":"wp","href":"https:\/\/api.w.org\/{rel}","templated":true}]}}