{"id":3235,"date":"2023-09-29T13:35:49","date_gmt":"2023-09-29T12:35:49","guid":{"rendered":"https:\/\/talasidunava.rs\/?p=3235"},"modified":"2023-09-29T13:35:49","modified_gmt":"2023-09-29T12:35:49","slug":"deveti-dani-bundeve-u-kuli","status":"publish","type":"post","link":"https:\/\/talasidunava.rs\/?p=3235","title":{"rendered":"Deveti Dani bundeve u Kuli"},"content":{"rendered":"<p>Deveti Dani bundeve odr\u017ea\u0107e se 7. oktobra u velikom parku, u srcu Kule, izme\u0111u 10 i 17 \u010dasova. \u0160tandovi \u0107e biti o\u017eivljeni raznolikim proizvodima od bundeve i pru\u017ei\u0107e vam priliku da u\u017eivate u njenom bogatu ukusu i raznim kulinarskim \u010darolijama.<\/p>\n<p>Osim toga, u pripremi je program za najmla\u0111e posetioce. Deca \u0107e imati priliku da u\u010destvuju u raznim aktivnostima kao \u0161to su radionice, crtanje i izrada simpati\u010dnih bundevica, a u okviru programa o\u010dekuje se i mali zoovrt, gde vas o\u010dekuju razne doma\u0107e \u017eivotinje, kao i mnoge igre i zabava za najmla\u0111e.<\/p>\n<p>U sklopu kulturno-umetni\u010dkog programa pripremljen je de\u010diji karneval koji \u0107e odu\u0161eviti sve mali\u0161ane. Hor ,,Vile\u201c, kulturno-umetni\u010dkog dru\u0161tva ,,Durmitor\u201c priredi\u0107e nezaboravan nastup. Za ljubitelje muzike planiran je bogat muzi\u010dki program koji \u0107e dodatno ulep\u0161ati ovu \u010darobnu manifestaciju.<\/p>\n<p>Organizator ,,Dana bundeve\u201c je udru\u017eenje ,,Eko Kula\u201c, uz velikodu\u0161nu podr\u0161ku Pokrajinskog sekretarijata za privredu i turizam, Pokrajinskog sekretarijata za poljoprivredu, vodoprivredu i \u0161umarstvo, Op\u0161tine Kula i Turisti\u010dke organizacije op\u0161tine Kula.<\/p>\n<p>Info: vojvodjanski.com<\/p>\n","protected":false},"excerpt":{"rendered":"<p>Deveti Dani bundeve odr\u017ea\u0107e se 7. oktobra u velikom parku, u srcu Kule, izme\u0111u 10 i 17 \u010dasova. \u0160tandovi \u0107e biti o\u017eivljeni raznolikim proizvodima od bundeve i pru\u017ei\u0107e vam priliku da u\u017eivate u njenom bogatu ukusu i raznim kulinarskim \u010darolijama. Osim toga, u pripremi je program za najmla\u0111e posetioce. Deca \u0107e imati priliku da u\u010destvuju<\/p>\n<div class=\"read-more\"><a href=\"https:\/\/talasidunava.rs\/?p=3235\" title=\"Op\u0161irnije\">Op\u0161irnije<\/a><\/div>\n","protected":false},"author":1,"featured_media":3236,"comment_status":"open","ping_status":"open","sticky":false,"template":"","format":"standard","meta":{"footnotes":""},"categories":[10,3],"tags":[],"class_list":{"0":"post-3235","1":"post","2":"type-post","3":"status-publish","4":"format-standard","5":"has-post-thumbnail","7":"category-kula","8":"category-vesti"},"jetpack_featured_media_url":"https:\/\/talasidunava.rs\/wp-content\/uploads\/2023\/09\/106015_deveti-dani-bundeve-u-kuli-1.jpg","_links":{"self":[{"href":"https:\/\/talasidunava.rs\/index.php?rest_route=\/wp\/v2\/posts\/3235","targetHints":{"allow":["GET"]}}],"collection":[{"href":"https:\/\/talasidunava.rs\/index.php?rest_route=\/wp\/v2\/posts"}],"about":[{"href":"https:\/\/talasidunava.rs\/index.php?rest_route=\/wp\/v2\/types\/post"}],"author":[{"embeddable":true,"href":"https:\/\/talasidunava.rs\/index.php?rest_route=\/wp\/v2\/users\/1"}],"replies":[{"embeddable":true,"href":"https:\/\/talasidunava.rs\/index.php?rest_route=%2Fwp%2Fv2%2Fcomments&post=3235"}],"version-history":[{"count":1,"href":"https:\/\/talasidunava.rs\/index.php?rest_route=\/wp\/v2\/posts\/3235\/revisions"}],"predecessor-version":[{"id":3237,"href":"https:\/\/talasidunava.rs\/index.php?rest_route=\/wp\/v2\/posts\/3235\/revisions\/3237"}],"wp:featuredmedia":[{"embeddable":true,"href":"https:\/\/talasidunava.rs\/index.php?rest_route=\/wp\/v2\/media\/3236"}],"wp:attachment":[{"href":"https:\/\/talasidunava.rs\/index.php?rest_route=%2Fwp%2Fv2%2Fmedia&parent=3235"}],"wp:term":[{"taxonomy":"category","embeddable":true,"href":"https:\/\/talasidunava.rs\/index.php?rest_route=%2Fwp%2Fv2%2Fcategories&post=3235"},{"taxonomy":"post_tag","embeddable":true,"href":"https:\/\/talasidunava.rs\/index.php?rest_route=%2Fwp%2Fv2%2Ftags&post=3235"}],"curies":[{"name":"wp","href":"https:\/\/api.w.org\/{rel}","templated":true}]}}