{"id":3458,"date":"2023-10-25T10:15:12","date_gmt":"2023-10-25T09:15:12","guid":{"rendered":"https:\/\/talasidunava.rs\/?p=3458"},"modified":"2023-10-25T10:15:12","modified_gmt":"2023-10-25T09:15:12","slug":"srebrno-odlicje-za-dom-kulture-sivac","status":"publish","type":"post","link":"https:\/\/talasidunava.rs\/?p=3458","title":{"rendered":"Srebrno odli\u010dje za Dom kulture Sivac"},"content":{"rendered":"<p>Na 59. Festivalu muzi\u010dkih dru\u0161tava Vojvodine na kome se takmi\u010di 14 najboljih folklornih dru\u0161tava iz Vojvodine, a koji je odr\u017ean u Vrbasu u nedelju 22. oktobra 2023, Folklorni ansambl Doma kulture Sivac osvojio je srebrno odli\u010dje i vi\u0161e specijalnih nagrada.<\/p>\n<p>Predstavnici Doma kulture Sivac zahvaljuju se svim svojim amaterima, vokalnim solistima i \u010dlanovima orkestra zahvljuju\u0107i \u010dijem radu, talentu i ljubavi prema folklornoj igri i pesmi i jesu me\u0111u najboljima ve\u0107 decenijama unazad.<\/p>\n<p>Info-vojvodjanski.com<\/p>\n","protected":false},"excerpt":{"rendered":"<p>Na 59. Festivalu muzi\u010dkih dru\u0161tava Vojvodine na kome se takmi\u010di 14 najboljih folklornih dru\u0161tava iz Vojvodine, a koji je odr\u017ean u Vrbasu u nedelju 22. oktobra 2023, Folklorni ansambl Doma kulture Sivac osvojio je srebrno odli\u010dje i vi\u0161e specijalnih nagrada. Predstavnici Doma kulture Sivac zahvaljuju se svim svojim amaterima, vokalnim solistima i \u010dlanovima orkestra zahvljuju\u0107i<\/p>\n<div class=\"read-more\"><a href=\"https:\/\/talasidunava.rs\/?p=3458\" title=\"Op\u0161irnije\">Op\u0161irnije<\/a><\/div>\n","protected":false},"author":1,"featured_media":3459,"comment_status":"open","ping_status":"open","sticky":false,"template":"","format":"standard","meta":{"footnotes":""},"categories":[10,3],"tags":[],"class_list":{"0":"post-3458","1":"post","2":"type-post","3":"status-publish","4":"format-standard","5":"has-post-thumbnail","7":"category-kula","8":"category-vesti"},"jetpack_featured_media_url":"https:\/\/talasidunava.rs\/wp-content\/uploads\/2023\/10\/109263_srebrno-odlicje-za-dom-kulture-sivac-.jpg","_links":{"self":[{"href":"https:\/\/talasidunava.rs\/index.php?rest_route=\/wp\/v2\/posts\/3458","targetHints":{"allow":["GET"]}}],"collection":[{"href":"https:\/\/talasidunava.rs\/index.php?rest_route=\/wp\/v2\/posts"}],"about":[{"href":"https:\/\/talasidunava.rs\/index.php?rest_route=\/wp\/v2\/types\/post"}],"author":[{"embeddable":true,"href":"https:\/\/talasidunava.rs\/index.php?rest_route=\/wp\/v2\/users\/1"}],"replies":[{"embeddable":true,"href":"https:\/\/talasidunava.rs\/index.php?rest_route=%2Fwp%2Fv2%2Fcomments&post=3458"}],"version-history":[{"count":1,"href":"https:\/\/talasidunava.rs\/index.php?rest_route=\/wp\/v2\/posts\/3458\/revisions"}],"predecessor-version":[{"id":3460,"href":"https:\/\/talasidunava.rs\/index.php?rest_route=\/wp\/v2\/posts\/3458\/revisions\/3460"}],"wp:featuredmedia":[{"embeddable":true,"href":"https:\/\/talasidunava.rs\/index.php?rest_route=\/wp\/v2\/media\/3459"}],"wp:attachment":[{"href":"https:\/\/talasidunava.rs\/index.php?rest_route=%2Fwp%2Fv2%2Fmedia&parent=3458"}],"wp:term":[{"taxonomy":"category","embeddable":true,"href":"https:\/\/talasidunava.rs\/index.php?rest_route=%2Fwp%2Fv2%2Fcategories&post=3458"},{"taxonomy":"post_tag","embeddable":true,"href":"https:\/\/talasidunava.rs\/index.php?rest_route=%2Fwp%2Fv2%2Ftags&post=3458"}],"curies":[{"name":"wp","href":"https:\/\/api.w.org\/{rel}","templated":true}]}}