{"id":3461,"date":"2023-10-25T10:22:28","date_gmt":"2023-10-25T09:22:28","guid":{"rendered":"https:\/\/talasidunava.rs\/?p=3461"},"modified":"2023-10-25T10:22:28","modified_gmt":"2023-10-25T09:22:28","slug":"obelezavanje-dana-muzeja-vojvodine","status":"publish","type":"post","link":"https:\/\/talasidunava.rs\/?p=3461","title":{"rendered":"Obele\u017eavanje Dana Muzeja Vojvodine"},"content":{"rendered":"<p>U \u010detvrtak, 26. oktobra, s po\u010detkom u 13 \u010dasova, u Muzeju Vojvodine u Novom Sadu, pokrajinski sekretar za kulturu, javno informisanje i odnose s verskim zajednicama Dragana Milo\u0161evi\u0107 obrati\u0107e se na obele\u017eavanju Dana Muzeja Vojvodine.<\/p>\n<p>Ova ustanova proslavlja 176 godina postojanja.<\/p>\n","protected":false},"excerpt":{"rendered":"<p>U \u010detvrtak, 26. oktobra, s po\u010detkom u 13 \u010dasova, u Muzeju Vojvodine u Novom Sadu, pokrajinski sekretar za kulturu, javno informisanje i odnose s verskim zajednicama Dragana Milo\u0161evi\u0107 obrati\u0107e se na obele\u017eavanju Dana Muzeja Vojvodine. Ova ustanova proslavlja 176 godina postojanja.<\/p>\n","protected":false},"author":1,"featured_media":2200,"comment_status":"open","ping_status":"open","sticky":false,"template":"","format":"standard","meta":{"footnotes":""},"categories":[9,10,11,8,3],"tags":[],"class_list":{"0":"post-3461","1":"post","2":"type-post","3":"status-publish","4":"format-standard","5":"has-post-thumbnail","7":"category-apatin","8":"category-kula","9":"category-odzaci","10":"category-sombor","11":"category-vesti"},"jetpack_featured_media_url":"https:\/\/talasidunava.rs\/wp-content\/uploads\/2023\/06\/\u043f\u0440\u0435\u0443\u0437\u0438\u043c\u0430\u045a\u0435-2.jpg","_links":{"self":[{"href":"https:\/\/talasidunava.rs\/index.php?rest_route=\/wp\/v2\/posts\/3461","targetHints":{"allow":["GET"]}}],"collection":[{"href":"https:\/\/talasidunava.rs\/index.php?rest_route=\/wp\/v2\/posts"}],"about":[{"href":"https:\/\/talasidunava.rs\/index.php?rest_route=\/wp\/v2\/types\/post"}],"author":[{"embeddable":true,"href":"https:\/\/talasidunava.rs\/index.php?rest_route=\/wp\/v2\/users\/1"}],"replies":[{"embeddable":true,"href":"https:\/\/talasidunava.rs\/index.php?rest_route=%2Fwp%2Fv2%2Fcomments&post=3461"}],"version-history":[{"count":1,"href":"https:\/\/talasidunava.rs\/index.php?rest_route=\/wp\/v2\/posts\/3461\/revisions"}],"predecessor-version":[{"id":3462,"href":"https:\/\/talasidunava.rs\/index.php?rest_route=\/wp\/v2\/posts\/3461\/revisions\/3462"}],"wp:featuredmedia":[{"embeddable":true,"href":"https:\/\/talasidunava.rs\/index.php?rest_route=\/wp\/v2\/media\/2200"}],"wp:attachment":[{"href":"https:\/\/talasidunava.rs\/index.php?rest_route=%2Fwp%2Fv2%2Fmedia&parent=3461"}],"wp:term":[{"taxonomy":"category","embeddable":true,"href":"https:\/\/talasidunava.rs\/index.php?rest_route=%2Fwp%2Fv2%2Fcategories&post=3461"},{"taxonomy":"post_tag","embeddable":true,"href":"https:\/\/talasidunava.rs\/index.php?rest_route=%2Fwp%2Fv2%2Ftags&post=3461"}],"curies":[{"name":"wp","href":"https:\/\/api.w.org\/{rel}","templated":true}]}}