{"id":3465,"date":"2023-10-27T11:02:47","date_gmt":"2023-10-27T10:02:47","guid":{"rendered":"https:\/\/talasidunava.rs\/?p=3465"},"modified":"2023-10-27T11:02:47","modified_gmt":"2023-10-27T10:02:47","slug":"pocela-isporuka-prehrambenih-paketa","status":"publish","type":"post","link":"https:\/\/talasidunava.rs\/?p=3465","title":{"rendered":"Po\u010dela isporuka prehrambenih paketa"},"content":{"rendered":"<p>Iz prostorija Crvenog krsta Sombor danas je krenula distribucija pete tran\u0161e prehrambenih paketa za socijalno ugro\u017eeno stanovni\u0161tvo. Po\u010detak distribucije paketa u Mesnoj zajednici \u201e\u041aljaji\u0107evo\u201c, ispratili su pomo\u0107nica gradona\u010delnika za oblast ekonomskog razvoja i turizma, Jovana Miljevi\u0107 i \u010dlan Gradskog ve\u0107a za oblast socijalne za\u0161tite, Darko Smiljani\u0107.<\/p>\n<p>Isporuku pete tran\u0161e prehrambenih paketa za socijalno ugro\u017eena lica u naseljenim mestima i prigradsko \u2013 sala\u0161kim naseljima na podru\u010dju grada Sombora \u0107e izvr\u0161iti osoblje Crvenog krsta tokom 26. i 27. oktobra.<\/p>\n<p>Grad Sombor donira pomo\u0107 onima kojima je to potrebno, a ovom prilikom prehrambeni paketi sadr\u017ee vi\u0161e osnovnih namirnica du\u017eeg roka trajanja. Svaki paket sadr\u017ei pakovanje pirin\u010da i pasulja od po 2 kg, zatim kuhinjsku so od 1 kg, 3 kg\u0161e\u0107era, po 5 kgbra\u0161na, konzerviranog povr\u0107a, suncokretovog ulja i drugih prehrambenih artikala. \u041aorisnici socijalne pomo\u0107i \u0107e mo\u0107i da preuzmu pakete sa namirnicama u svojim mesnim zajednicama.<\/p>\n<p><a href=\"https:\/\/www.sombor.rs\/pocela-isporuka-pete-transe-prehrambenih-paketa-za-socijalno-ugrozeno-stanovnistvo-3\/\">https:\/\/www.sombor.rs\/pocela-isporuka-pete-transe-prehrambenih-paketa-za-socijalno-ugrozeno-stanovnistvo-3\/<\/a><\/p>\n","protected":false},"excerpt":{"rendered":"<p>Iz prostorija Crvenog krsta Sombor danas je krenula distribucija pete tran\u0161e prehrambenih paketa za socijalno ugro\u017eeno stanovni\u0161tvo. Po\u010detak distribucije paketa u Mesnoj zajednici \u201e\u041aljaji\u0107evo\u201c, ispratili su pomo\u0107nica gradona\u010delnika za oblast ekonomskog razvoja i turizma, Jovana Miljevi\u0107 i \u010dlan Gradskog ve\u0107a za oblast socijalne za\u0161tite, Darko Smiljani\u0107. Isporuku pete tran\u0161e prehrambenih paketa za socijalno ugro\u017eena lica<\/p>\n<div class=\"read-more\"><a href=\"https:\/\/talasidunava.rs\/?p=3465\" title=\"Op\u0161irnije\">Op\u0161irnije<\/a><\/div>\n","protected":false},"author":1,"featured_media":3466,"comment_status":"open","ping_status":"open","sticky":false,"template":"","format":"standard","meta":{"footnotes":""},"categories":[8,3],"tags":[],"class_list":{"0":"post-3465","1":"post","2":"type-post","3":"status-publish","4":"format-standard","5":"has-post-thumbnail","7":"category-sombor","8":"category-vesti"},"jetpack_featured_media_url":"https:\/\/talasidunava.rs\/wp-content\/uploads\/2023\/10\/\u043d\u0430\u0441\u043b\u043e\u0432\u043d\u04301-1.jpg","_links":{"self":[{"href":"https:\/\/talasidunava.rs\/index.php?rest_route=\/wp\/v2\/posts\/3465","targetHints":{"allow":["GET"]}}],"collection":[{"href":"https:\/\/talasidunava.rs\/index.php?rest_route=\/wp\/v2\/posts"}],"about":[{"href":"https:\/\/talasidunava.rs\/index.php?rest_route=\/wp\/v2\/types\/post"}],"author":[{"embeddable":true,"href":"https:\/\/talasidunava.rs\/index.php?rest_route=\/wp\/v2\/users\/1"}],"replies":[{"embeddable":true,"href":"https:\/\/talasidunava.rs\/index.php?rest_route=%2Fwp%2Fv2%2Fcomments&post=3465"}],"version-history":[{"count":1,"href":"https:\/\/talasidunava.rs\/index.php?rest_route=\/wp\/v2\/posts\/3465\/revisions"}],"predecessor-version":[{"id":3467,"href":"https:\/\/talasidunava.rs\/index.php?rest_route=\/wp\/v2\/posts\/3465\/revisions\/3467"}],"wp:featuredmedia":[{"embeddable":true,"href":"https:\/\/talasidunava.rs\/index.php?rest_route=\/wp\/v2\/media\/3466"}],"wp:attachment":[{"href":"https:\/\/talasidunava.rs\/index.php?rest_route=%2Fwp%2Fv2%2Fmedia&parent=3465"}],"wp:term":[{"taxonomy":"category","embeddable":true,"href":"https:\/\/talasidunava.rs\/index.php?rest_route=%2Fwp%2Fv2%2Fcategories&post=3465"},{"taxonomy":"post_tag","embeddable":true,"href":"https:\/\/talasidunava.rs\/index.php?rest_route=%2Fwp%2Fv2%2Ftags&post=3465"}],"curies":[{"name":"wp","href":"https:\/\/api.w.org\/{rel}","templated":true}]}}