{"id":3500,"date":"2023-11-01T15:51:23","date_gmt":"2023-11-01T14:51:23","guid":{"rendered":"https:\/\/talasidunava.rs\/?p=3500"},"modified":"2023-11-01T15:51:23","modified_gmt":"2023-11-01T14:51:23","slug":"vanredni-parlamentarni-i-lokalni-izbori-17-decembra","status":"publish","type":"post","link":"https:\/\/talasidunava.rs\/?p=3500","title":{"rendered":"Vanredni parlamentarni i lokalni izbori 17. decembra"},"content":{"rendered":"<p>Predsednik Srbije Aleksandar Vu\u010di\u0107 raspisao je vanredne parlamentarne izbore za 17. decembar.<\/p>\n<p>Na obrazlo\u017eeni predlog Vlade Srbije, Aleksandar Vu\u010di\u0107 je ranije raspustio Narodnu skup\u0161tinu u skladu sa Ustavom. Prema odredbama Ustava, izbori moraju biti okon\u010dani u roku od 60 dana od dana progla\u0161enja.<\/p>\n<p>Raspisani su i lokalni izbori u 65 op\u0161tina i gradova, tako\u0111e za 17. decembar.<\/p>\n","protected":false},"excerpt":{"rendered":"<p>Predsednik Srbije Aleksandar Vu\u010di\u0107 raspisao je vanredne parlamentarne izbore za 17. decembar. Na obrazlo\u017eeni predlog Vlade Srbije, Aleksandar Vu\u010di\u0107 je ranije raspustio Narodnu skup\u0161tinu u skladu sa Ustavom. Prema odredbama Ustava, izbori moraju biti okon\u010dani u roku od 60 dana od dana progla\u0161enja. Raspisani su i lokalni izbori u 65 op\u0161tina i gradova, tako\u0111e za<\/p>\n<div class=\"read-more\"><a href=\"https:\/\/talasidunava.rs\/?p=3500\" title=\"Op\u0161irnije\">Op\u0161irnije<\/a><\/div>\n","protected":false},"author":1,"featured_media":3501,"comment_status":"open","ping_status":"open","sticky":false,"template":"","format":"standard","meta":{"footnotes":""},"categories":[9,10,11,8,3],"tags":[],"class_list":{"0":"post-3500","1":"post","2":"type-post","3":"status-publish","4":"format-standard","5":"has-post-thumbnail","7":"category-apatin","8":"category-kula","9":"category-odzaci","10":"category-sombor","11":"category-vesti"},"jetpack_featured_media_url":"https:\/\/talasidunava.rs\/wp-content\/uploads\/2023\/11\/image0-4-1536x1152-1.jpeg","_links":{"self":[{"href":"https:\/\/talasidunava.rs\/index.php?rest_route=\/wp\/v2\/posts\/3500","targetHints":{"allow":["GET"]}}],"collection":[{"href":"https:\/\/talasidunava.rs\/index.php?rest_route=\/wp\/v2\/posts"}],"about":[{"href":"https:\/\/talasidunava.rs\/index.php?rest_route=\/wp\/v2\/types\/post"}],"author":[{"embeddable":true,"href":"https:\/\/talasidunava.rs\/index.php?rest_route=\/wp\/v2\/users\/1"}],"replies":[{"embeddable":true,"href":"https:\/\/talasidunava.rs\/index.php?rest_route=%2Fwp%2Fv2%2Fcomments&post=3500"}],"version-history":[{"count":1,"href":"https:\/\/talasidunava.rs\/index.php?rest_route=\/wp\/v2\/posts\/3500\/revisions"}],"predecessor-version":[{"id":3502,"href":"https:\/\/talasidunava.rs\/index.php?rest_route=\/wp\/v2\/posts\/3500\/revisions\/3502"}],"wp:featuredmedia":[{"embeddable":true,"href":"https:\/\/talasidunava.rs\/index.php?rest_route=\/wp\/v2\/media\/3501"}],"wp:attachment":[{"href":"https:\/\/talasidunava.rs\/index.php?rest_route=%2Fwp%2Fv2%2Fmedia&parent=3500"}],"wp:term":[{"taxonomy":"category","embeddable":true,"href":"https:\/\/talasidunava.rs\/index.php?rest_route=%2Fwp%2Fv2%2Fcategories&post=3500"},{"taxonomy":"post_tag","embeddable":true,"href":"https:\/\/talasidunava.rs\/index.php?rest_route=%2Fwp%2Fv2%2Ftags&post=3500"}],"curies":[{"name":"wp","href":"https:\/\/api.w.org\/{rel}","templated":true}]}}