{"id":3505,"date":"2023-11-01T15:56:27","date_gmt":"2023-11-01T14:56:27","guid":{"rendered":"https:\/\/talasidunava.rs\/?p=3505"},"modified":"2023-11-01T15:56:27","modified_gmt":"2023-11-01T14:56:27","slug":"poceli-12-medjunarodni-dani-energetike-i-investicija-i-sajam-ekologije","status":"publish","type":"post","link":"https:\/\/talasidunava.rs\/?p=3505","title":{"rendered":"Po\u010deli 12. Me\u0111unarodni dani energetike i investicija i Sajam ekologije"},"content":{"rendered":"<p>Pokrajinski sekretar za energetiku, gra\u0111evinarstvo i saobra\u0107aj Ognjen Bjeli\u0107 i pokrajinski sekretar za urbanizam i za\u0161titu \u017eivotne sredine Nemanja Erceg obratili su se danas na otvaranju 12. Me\u0111unarodnih dana energetike i investicija i Sajma ekologije u Novom Sadu. Oni su otvorili ovu manifestaciju zajedno sa ministarkom za rudarstvo i energetiku u Vladi Republike Srbije Dubravkom \u0110edovi\u0107 Handanovi\u0107, ambasadorom SAD \u041aristoferom Hilom, predstavnicima Grada Novog Sada i generalnim direktorom Novosadskog sajma Nikolom Lovri\u0107em.<\/p>\n<p>&nbsp;<\/p>\n<p>Tokom dva dana trajanja manifestacije, bi\u0107e organizovani stru\u010dni skupovi posve\u0107eni odr\u017eivoj energiji, i diskutova\u0107e se o aktuelnim pitanjima energetskog sektora u Srbiji, sa posebnim akcentom na odr\u017eivoj energiji u gra\u0111evinarstvu.<\/p>\n<p>&nbsp;<\/p>\n<p>Sekretar Bjeli\u0107 je istakao va\u017enost teme i plana resornog sekretarijata u vezi sa preduzimanjem mera za u\u0161tedu energenata, sa obzirom na neophodnost smanjenja ekolo\u0161kog duga.<\/p>\n<p>\u201eJedna od va\u017enih tema je i projekat energetske sanacije javnih zgrada na teritoriji AP Vojvodine, koji sprovodimo u saradnji sa Evropskom bankom za obnovu i razvoj, uz podr\u0161ku Fakulteta tehni\u010dkih nauka. Razlozi za to su visok potencijal za pobolj\u0161anje energetske efikasnosti i doprinos znatnom smanjenju javne potro\u0161nje u na\u0161oj pokrajini. Projekat sanacije vredan je 12 miliona evra i bi\u0107e zavr\u0161en u naredne dve godine za vi\u0161e od 60 objekata\u201c, naveo je Bjeli\u0107. On je ukazao i na zna\u010daj teme energetske efikasnosti u stambenim zgradama, kao i mehanizma za finansiranje radova, o \u010demu \u0107e biti re\u010di na ovom skupu.<\/p>\n<p>Sekretar Erceg je istakao \u010dinjenicu da u 21. veku energetika vi\u0161e nije ista, odnosno da se prelazi na kori\u0161\u0107enje novih izvora energije.<\/p>\n<p>\u201eOno \u0161to smo zapo\u010deli da realizujemo jeste razvoj sistema u kome \u0107e se komunalni i industrijski otpad koristiti u energetske svrhe, te \u0107e se tako pomo\u0107i privredi, ali i ostalim sektorima da se kroz smanjenje emisije ugljen-dioksida i dekorbanizaciju koja nas \u010deka u narednom periodu omogu\u0107i lak\u0161e savladavanje prepreka\u201c, naglasio je Erceg i dodao da je uspostavljanje sistema za\u0161tite \u017eivotne sredine svakako slo\u017een proces koji se kod nas odvija uz pra\u0107enje tekovina razvijenih zemalja. On je ukazao na zna\u010daj sprovo\u0111enja mera resornog sekretarijata u okviru uvo\u0111enja primarne separacije i razdvajanja komunalnog otpada navode\u0107i da su Severnobanatski i Severnoba\u010dki region prvi regioni u Srbiji koji \u0107e biti pokriveni neophodnom opremom.<\/p>\n<p>Ministarka \u0110edovi\u0107 Handanovi\u0107 je istakla da je integrisanim nacionalnim energetskim i klimatskim planom, \u010dija je izrada u zavr\u0161noj fazi, postavljen cilj da do 2030. godine energetski bude rehabilitovano oko jedan odsto zgrada za stanovanje godi\u0161nje, tri odsto javnih zgrada i oko 2,3 odsto nerezidencijalnih, odnosno ostalih zgrada.<\/p>\n<p>\u201eMerama koje preduzimamo kroz programe subvencionisanja te\u017eimo da do 2030. rehabilitujemo oko 130.000 doma\u0107instava i oko milion kvadratnih metara javnih zgrada&#8220;, navela je ministarka.<\/p>\n<p>Ona je naglasila da je kroz programe koje sprovode Ministarstvo rudarstva i energetike i jedinice lokalne samouprave energetski sanirano oko 20.000 doma\u0107instava, u \u0161ta je ulo\u017eeno blizu 2,7 milijardi dinara.<\/p>\n<p>Prema njenim re\u010dima, u toku je javni poziv u 131 gradu i op\u0161tini za subvencije dr\u017eave za zamenu stolarije, termoizolaciju, zamenu kotlova i postavljanje solarnih panela.<\/p>\n<p>Pokrenut je i projekat unapre\u0111enja energetske efikasnosti u stambenim zgradama priklju\u010denim na sisteme daljinskog grejanja, gde je predvi\u0111en prelazak na naplatu prema potro\u0161nji.<\/p>\n<p>Ministarstvo tako\u0111e sufinansira energetsku sanaciju javnih objekata, gde je do sada rehabilitovano vi\u0161e od 145 \u0161kola, vrti\u0107a, sportskih centara, domova zdravlja i zgrada javne uprave.<\/p>\n<p>\u041aako je navela, Vlada Srbije nedavno je usvojila i Zaklju\u010dak kojim se preporu\u010duje EPS-u da sa lokalnim samoupravama koje su prethodne zime sprovele preporuke o racionalnoj potro\u0161nji energije za javnu rasvetu i smanjile potro\u0161nju za najmanje 5 odsto, zaklju\u010di ugovore o snabdevanju po povoljnijoj ceni.<\/p>\n<p>\u201eOd solarnih panela i geotermalnih sistema, do pametnih ure\u0111aja za upravljanje energijom, postoje mnoge mogu\u0107nosti koje nas vode prema odr\u017eivijoj budu\u0107nosti. Pozivam sve u\u010desnike iz privatnog i javnog sektora da se pridru\u017ee ovoj misiji i da zajedno ostvarimo promene\u201c, poru\u010dila je ministarka.<\/p>\n<p>Ambasador SAD \u041aristofer Hil je istakao da su\u0161tina projekta energetske efikasnosti po\u010diva na saradnji pojedinaca i dr\u017eave.<\/p>\n<p>\u201eNeophodno je da svako obrati pa\u017enju na u\u0161tedu energije i doprinese energetskoj stabilnosti, ali je va\u017ena i dr\u017eavna regulativa u ovoj oblasti\u201c, naglasio je Hil. On je naveo da je posebno zna\u010dajno \u0161to su u Srbiji za ovaj projekat zainteresovane i obrazovne institucije, poslovni partneri i sama dr\u017eava.<\/p>\n<p>Dani energetike i investicija odr\u017eavaju se u organizaciji Novosadskog sajma, Grada Novog Sada i Pokrajinskog sekretarijata za energetiku, gra\u0111evinarstvo i saobra\u0107aj, u partnerstvu sa Vladom Sjedinjenih Ameri\u010dkih Dr\u017eava u okviru projekta \u201eBolja energija\u201c.<\/p>\n","protected":false},"excerpt":{"rendered":"<p>Pokrajinski sekretar za energetiku, gra\u0111evinarstvo i saobra\u0107aj Ognjen Bjeli\u0107 i pokrajinski sekretar za urbanizam i za\u0161titu \u017eivotne sredine Nemanja Erceg obratili su se danas na otvaranju 12. Me\u0111unarodnih dana energetike i investicija i Sajma ekologije u Novom Sadu. Oni su otvorili ovu manifestaciju zajedno sa ministarkom za rudarstvo i energetiku u Vladi Republike Srbije Dubravkom<\/p>\n<div class=\"read-more\"><a href=\"https:\/\/talasidunava.rs\/?p=3505\" title=\"Op\u0161irnije\">Op\u0161irnije<\/a><\/div>\n","protected":false},"author":1,"featured_media":3506,"comment_status":"open","ping_status":"open","sticky":false,"template":"","format":"standard","meta":{"footnotes":""},"categories":[9,10,11,8,3],"tags":[],"class_list":{"0":"post-3505","1":"post","2":"type-post","3":"status-publish","4":"format-standard","5":"has-post-thumbnail","7":"category-apatin","8":"category-kula","9":"category-odzaci","10":"category-sombor","11":"category-vesti"},"jetpack_featured_media_url":"https:\/\/talasidunava.rs\/wp-content\/uploads\/2023\/11\/Medjunarodni-dani-energetike-i-investicija-04.jpg","_links":{"self":[{"href":"https:\/\/talasidunava.rs\/index.php?rest_route=\/wp\/v2\/posts\/3505","targetHints":{"allow":["GET"]}}],"collection":[{"href":"https:\/\/talasidunava.rs\/index.php?rest_route=\/wp\/v2\/posts"}],"about":[{"href":"https:\/\/talasidunava.rs\/index.php?rest_route=\/wp\/v2\/types\/post"}],"author":[{"embeddable":true,"href":"https:\/\/talasidunava.rs\/index.php?rest_route=\/wp\/v2\/users\/1"}],"replies":[{"embeddable":true,"href":"https:\/\/talasidunava.rs\/index.php?rest_route=%2Fwp%2Fv2%2Fcomments&post=3505"}],"version-history":[{"count":1,"href":"https:\/\/talasidunava.rs\/index.php?rest_route=\/wp\/v2\/posts\/3505\/revisions"}],"predecessor-version":[{"id":3507,"href":"https:\/\/talasidunava.rs\/index.php?rest_route=\/wp\/v2\/posts\/3505\/revisions\/3507"}],"wp:featuredmedia":[{"embeddable":true,"href":"https:\/\/talasidunava.rs\/index.php?rest_route=\/wp\/v2\/media\/3506"}],"wp:attachment":[{"href":"https:\/\/talasidunava.rs\/index.php?rest_route=%2Fwp%2Fv2%2Fmedia&parent=3505"}],"wp:term":[{"taxonomy":"category","embeddable":true,"href":"https:\/\/talasidunava.rs\/index.php?rest_route=%2Fwp%2Fv2%2Fcategories&post=3505"},{"taxonomy":"post_tag","embeddable":true,"href":"https:\/\/talasidunava.rs\/index.php?rest_route=%2Fwp%2Fv2%2Ftags&post=3505"}],"curies":[{"name":"wp","href":"https:\/\/api.w.org\/{rel}","templated":true}]}}