{"id":3511,"date":"2023-11-01T16:03:16","date_gmt":"2023-11-01T15:03:16","guid":{"rendered":"https:\/\/talasidunava.rs\/?p=3511"},"modified":"2023-11-01T16:03:16","modified_gmt":"2023-11-01T15:03:16","slug":"u-petak-pocinju-njegosevi-dani","status":"publish","type":"post","link":"https:\/\/talasidunava.rs\/?p=3511","title":{"rendered":"U petak po\u010dinju \u201eNjego\u0161evi dani\u201c"},"content":{"rendered":"<p>Tradicionalna manifestacija poznata kao &#8222;Njagovi dani&#8220; po\u010dinje u petak, 3. novembra. Doga\u0111aj \u0107e trajati tri dana, a program po\u010dinje\u00a0 u 18.30 \u010dasova, u sali Doma omladine sa izlo\u017ebom \u201eSvevremena briga\u201c.<\/p>\n<p>Potpm sledi uvodno izlaganje prof. dr Mila Lompara na temu \u201eNjago\u0161 i kosovsko opredjeljenje\u201c. Ubrzo \u0107e nastupiti renomirani gusla\u010d Ljubi\u0161a Ateljevi\u0107, zatim Devoja\u010dki hor \u201eVile\u201c i \u041aulturno-umetni\u010dko dru\u0161tvo \u201eDurmitor\u201c.<\/p>\n<p>Na kraju, prvi dan programa zavr\u0161i\u0107e nastup mu\u0161ke izvorne grupe \u041aUD \u201eDurmitor\u201c uz pratnju guslara Pera Vujovi\u0107a.<\/p>\n<p>Foto: vojvodjanski.com<\/p>\n","protected":false},"excerpt":{"rendered":"<p>Tradicionalna manifestacija poznata kao &#8222;Njagovi dani&#8220; po\u010dinje u petak, 3. novembra. Doga\u0111aj \u0107e trajati tri dana, a program po\u010dinje\u00a0 u 18.30 \u010dasova, u sali Doma omladine sa izlo\u017ebom \u201eSvevremena briga\u201c. Potpm sledi uvodno izlaganje prof. dr Mila Lompara na temu \u201eNjago\u0161 i kosovsko opredjeljenje\u201c. Ubrzo \u0107e nastupiti renomirani gusla\u010d Ljubi\u0161a Ateljevi\u0107, zatim Devoja\u010dki hor \u201eVile\u201c<\/p>\n<div class=\"read-more\"><a href=\"https:\/\/talasidunava.rs\/?p=3511\" title=\"Op\u0161irnije\">Op\u0161irnije<\/a><\/div>\n","protected":false},"author":1,"featured_media":3512,"comment_status":"open","ping_status":"open","sticky":false,"template":"","format":"standard","meta":{"footnotes":""},"categories":[10,3],"tags":[],"class_list":{"0":"post-3511","1":"post","2":"type-post","3":"status-publish","4":"format-standard","5":"has-post-thumbnail","7":"category-kula","8":"category-vesti"},"jetpack_featured_media_url":"https:\/\/talasidunava.rs\/wp-content\/uploads\/2023\/11\/110112_u-petak-pocinju-njegosevi-dani.jpg","_links":{"self":[{"href":"https:\/\/talasidunava.rs\/index.php?rest_route=\/wp\/v2\/posts\/3511","targetHints":{"allow":["GET"]}}],"collection":[{"href":"https:\/\/talasidunava.rs\/index.php?rest_route=\/wp\/v2\/posts"}],"about":[{"href":"https:\/\/talasidunava.rs\/index.php?rest_route=\/wp\/v2\/types\/post"}],"author":[{"embeddable":true,"href":"https:\/\/talasidunava.rs\/index.php?rest_route=\/wp\/v2\/users\/1"}],"replies":[{"embeddable":true,"href":"https:\/\/talasidunava.rs\/index.php?rest_route=%2Fwp%2Fv2%2Fcomments&post=3511"}],"version-history":[{"count":1,"href":"https:\/\/talasidunava.rs\/index.php?rest_route=\/wp\/v2\/posts\/3511\/revisions"}],"predecessor-version":[{"id":3513,"href":"https:\/\/talasidunava.rs\/index.php?rest_route=\/wp\/v2\/posts\/3511\/revisions\/3513"}],"wp:featuredmedia":[{"embeddable":true,"href":"https:\/\/talasidunava.rs\/index.php?rest_route=\/wp\/v2\/media\/3512"}],"wp:attachment":[{"href":"https:\/\/talasidunava.rs\/index.php?rest_route=%2Fwp%2Fv2%2Fmedia&parent=3511"}],"wp:term":[{"taxonomy":"category","embeddable":true,"href":"https:\/\/talasidunava.rs\/index.php?rest_route=%2Fwp%2Fv2%2Fcategories&post=3511"},{"taxonomy":"post_tag","embeddable":true,"href":"https:\/\/talasidunava.rs\/index.php?rest_route=%2Fwp%2Fv2%2Ftags&post=3511"}],"curies":[{"name":"wp","href":"https:\/\/api.w.org\/{rel}","templated":true}]}}