{"id":3710,"date":"2023-11-16T09:05:58","date_gmt":"2023-11-16T08:05:58","guid":{"rendered":"https:\/\/talasidunava.rs\/?p=3710"},"modified":"2023-11-16T09:05:58","modified_gmt":"2023-11-16T08:05:58","slug":"zasadi-i-sacuvaj-odrzan-dogovor-udruzenja-organizacija-i-javnih-preduzeca-o-ekologiji-i-novim-sumskim-zasadima","status":"publish","type":"post","link":"https:\/\/talasidunava.rs\/?p=3710","title":{"rendered":",Zasadi i sa\u010duvaj\u201c: Odr\u017ean dogovor udru\u017eenja, organizacija i javnih preduze\u0107a o ekologiji i novim \u0161umskim zasadima"},"content":{"rendered":"<p>U sve\u010danoj sali Skup\u0161tine op\u0161tine \u041aula odr\u017ean je sastanak kome su se odazvale nevladine organizacije, udru\u017eenja i javna preduze\u0107a koja su bave temom ekologije ili su zainteresovana za istu. Predsednik op\u0161tine \u041aula, Damjan Miljani\u0107, prezentovao im je Memorandum sa ciljem da se i oni uklju\u010de sa svojim predlozima, da se dogovore, spoje i udru\u017ee kako bi radili na novim \u0161umskim zasadima, ali i na o\u010duvanju onoga \u0161to je ve\u0107 posa\u0111eno i ura\u0111eno. Po njegovima re\u010dima, problem o\u010duvanja zasada nije problem jedne institucije i jednog \u010doveka, zbog \u010dega su svi pozvani da se uklju\u010de i da deluju:<\/p>\n<p>,,Pozvana je ve\u0107ina nevladinih organizacija i udru\u017eenja koja u svom opisu imaju delovanje ili su zainteresovani za oblast ekologije. Odazvala su se prakti\u010dno sva udru\u017eenja, dobrovoljna vatrogarsna dru\u0161tva i javna preduze\u0107a. Tema je bila da napravimo jedan dogovor \u2013 sa svim udru\u017eenjima, gra\u0111anima i sportskim klubovima i da krenemo jednim putem gde \u0107emo raditi ne samo na novim \u0161umskim zasadima, nego da i sa\u010duvamo sve ono \u0161to ve\u0107 imamo posa\u0111eno i ura\u0111eno. U prethodnom periodu ura\u0111eno je mnogo stvari na tom planu. Ono \u0161to se pokazalo da je klju\u010dno problemati\u010dno je sa\u010duvati te \u0161umske zasade, sa\u010duvati sportske terene, prostore i igrali\u0161ta koja se ure\u0111uju od uni\u0161tavanja, a zbog neadekvatnih mera odr\u017eavanja dolazi do propadanja tih zasada. Svesni problema koji nije vezan za jednu instuciju i jednog \u010doveka, pozvali smo sve njih da se uklju\u010de, da zajedno konkuri\u0161emo na projekte prema pokrajini i ministarstvima, da zajedni\u010dki delujemo prema vi\u0161im nivoima vlasti, \u010dak i ako je potrebno da sugeri\u0161emo na izmenu nekih pravilnika i zakona i da svako u tom delu pri\u010de na\u0111e svoje mesto \u2013 da li \u0107e to biti dobrovoljna vatrogasna dru\u0161tva koja \u0107e zalivati sadnice tokom godine, da li \u0107e to biti ekolo\u0161ka dru\u0161tva koje \u0107e zalivati sadnice tokom godine, ekolo\u0161ka udru\u017eenja koja \u0107e zajedno sa nama raditi na po\u0161umljenju ili sportski klubovi koji se nalaze u prirodi i koji \u0107e javiti ako primete neko o\u0161te\u0107enje. Gotovo sve firme koje smo kontaktirali sa teritorije na\u0161e op\u0161tine odgovorile su potvrdno na na\u0161u molbu da se uklju\u010de u na\u0161u akciju ,,Zasadi i sa\u010duvaj\u201c, iako je pri\u010da mnogo \u0161ira. Ve\u0107 sada imamo gotovo 50 udru\u017eenja i preduze\u0107a sa teritorije na\u0161e op\u0161tine koje su uklju\u010dene u ovaj projekat. Na taj na\u010din \u0107emo anga\u017eovati veliki broj ljudi i sredstava i podi\u0107i svest ljudi. \u041aada je u pitanju ovaj razgovor \u2013 mnoga udru\u017eenja ne znaju jedna za druge. Udru\u017eenje iz \u041aule ne zna za Udru\u017eenje ,,\u0160trand\u201c koje je pre 5 godina krenulo u borbu da o\u010duva \u0161umski zasad, a sada ve\u0107 sa ,,Vodama Vojvodine\u201c i Op\u0161tinom realizuju projekte i uklanjaju dotrajala stabla. Mnogi nisu znali za aktivnosti ,,Ribolova\u010dkog dru\u0161tva Crvenka 2022\u201c koji su deo sredstava obezbedili sami, a deo preko konkursa Op\u0161tine, nabavili \u010damac, odnedavno dobili legitimacije i kontroli\u0161u kanal i ceo taj prostor. Mnogi nisu znali \u0161ta su sve p\u010delari uradili u prethodnom periodu na teritoriji op\u0161tine \u041aula. U\u0161li su u bitku da kazne po\u010dionioce koji su koristili nedozvoljena hemijska sredstva na svojim njivama, \u0161to je ugrozilo \u017eivotnu sredinu i uspeli su da odnesu pobedu u tom sudskom sporu. Mnoga sjajna udru\u017eenja imala su priliku da se upoznaju i svi oni imali su sjajne rezultate u svom radu. Cilj nam je da se me\u0111usobno upoznaju i da bez ijedne politi\u010dke teme i druge ideje napravimo sinergiju i da na teritoriji na\u0161e op\u0161tine uredimo sredinu koja \u0107e biti mnogo bolja za \u017eivot\u201c.<\/p>\n<p>Dodao je da je u op\u0161tini \u041aula mnogo toga ura\u0111eno u prethodnim godinama \u2013 Begejac je o\u010di\u0161\u0107en, ve\u0107ina javnih ustanova preba\u010dena je na gas, u centru \u041aule meri se kvalitet vazduha, svake godine radi se nova sadnja \u0161umskih zasada, a sve deponije bi\u0107e potpuno o\u010di\u0161\u0107ene i krenu\u0107e se u realizaciju Transfer stanice:<\/p>\n<p>,,Mi danas pri\u010damo o tome kako \u0107emo napraviti nove zasade, ne pri\u010damo o tome kako \u0107emo sa\u010duvati \u0161ume koje su stare 20 ili 30 godina jer takvih \u0161uma, osim zasada pored kanala, nema. Ne tra\u017ee\u0107i razloge za\u0161to je to tako, treba da sa\u010duvamo ono \u0161to imamo i da radimo na novim zasadima. Op\u0161tina \u041aula je dobila mnoge ekolo\u0161ke bitke. Begejac je bio vodotok u kome su se fekalije direktno, bez ikakvog pre\u010di\u0161\u0107avanja, ispu\u0161tale iz Crvenke, prolazile kroz \u041aulu i potom su se ispu\u0161tale kulske fekalije. Danas imamo o\u010di\u0161\u0107en kanal i prakti\u010dno nijedna litra otpadnih voda se ne ispu\u0161ta. Jedina smo op\u0161tina koja ima svega dve javne ustanove na uglju, svi ostali su preba\u010deni na gas kao ekolo\u0161ki ispravan energent. U centru \u041aule merimo kvalitet vazduha, ti podaci su dostupni gra\u0111ani i kvalitet vazduha je dobar. Svake godine radimo novu sadnju \u0161umskih zasada. \u041arenula je u Ruskom \u041arsturu i nastavi\u0107e se u ostalim mestima. Ovaj memorandum \u0107e poslove samo poja\u010dati i ubrzati. Tako\u0111e, i po pitanju otpada, svake godine re\u0161imo po jednu deponiju. Pro\u0161le godine je to bila deponija u \u041aru\u0161\u010di\u0107u i do danas je sa\u010duvana takva kakva je ura\u0111ena. Trenutno se radi smetli\u0161te u Liparu, a od slede\u0107e godine krenu\u0107e se u realizaciju Transfer stanice. \u041aompletan otpad bi\u0107e selektovan i recikliran, a ono \u0161to ne mo\u017ee da se reciklira bi\u0107e prevo\u017eeno na Regionalnu deponiju u Sombor. Uveren sam da \u0107emo i ovu pri\u010du zavr\u0161iti i da \u0107emo za 5 godina pri\u010dati o nekih 60 hektara novih \u0161uma\u201c.<\/p>\n<p>Onfo: kula.rs<\/p>\n","protected":false},"excerpt":{"rendered":"<p>U sve\u010danoj sali Skup\u0161tine op\u0161tine \u041aula odr\u017ean je sastanak kome su se odazvale nevladine organizacije, udru\u017eenja i javna preduze\u0107a koja su bave temom ekologije ili su zainteresovana za istu. Predsednik op\u0161tine \u041aula, Damjan Miljani\u0107, prezentovao im je Memorandum sa ciljem da se i oni uklju\u010de sa svojim predlozima, da se dogovore, spoje i udru\u017ee kako<\/p>\n<div class=\"read-more\"><a href=\"https:\/\/talasidunava.rs\/?p=3710\" title=\"Op\u0161irnije\">Op\u0161irnije<\/a><\/div>\n","protected":false},"author":1,"featured_media":3711,"comment_status":"open","ping_status":"open","sticky":false,"template":"","format":"standard","meta":{"footnotes":""},"categories":[10,3],"tags":[],"class_list":{"0":"post-3710","1":"post","2":"type-post","3":"status-publish","4":"format-standard","5":"has-post-thumbnail","7":"category-kula","8":"category-vesti"},"jetpack_featured_media_url":"https:\/\/talasidunava.rs\/wp-content\/uploads\/2023\/11\/151123_3-1.jpg","_links":{"self":[{"href":"https:\/\/talasidunava.rs\/index.php?rest_route=\/wp\/v2\/posts\/3710","targetHints":{"allow":["GET"]}}],"collection":[{"href":"https:\/\/talasidunava.rs\/index.php?rest_route=\/wp\/v2\/posts"}],"about":[{"href":"https:\/\/talasidunava.rs\/index.php?rest_route=\/wp\/v2\/types\/post"}],"author":[{"embeddable":true,"href":"https:\/\/talasidunava.rs\/index.php?rest_route=\/wp\/v2\/users\/1"}],"replies":[{"embeddable":true,"href":"https:\/\/talasidunava.rs\/index.php?rest_route=%2Fwp%2Fv2%2Fcomments&post=3710"}],"version-history":[{"count":1,"href":"https:\/\/talasidunava.rs\/index.php?rest_route=\/wp\/v2\/posts\/3710\/revisions"}],"predecessor-version":[{"id":3712,"href":"https:\/\/talasidunava.rs\/index.php?rest_route=\/wp\/v2\/posts\/3710\/revisions\/3712"}],"wp:featuredmedia":[{"embeddable":true,"href":"https:\/\/talasidunava.rs\/index.php?rest_route=\/wp\/v2\/media\/3711"}],"wp:attachment":[{"href":"https:\/\/talasidunava.rs\/index.php?rest_route=%2Fwp%2Fv2%2Fmedia&parent=3710"}],"wp:term":[{"taxonomy":"category","embeddable":true,"href":"https:\/\/talasidunava.rs\/index.php?rest_route=%2Fwp%2Fv2%2Fcategories&post=3710"},{"taxonomy":"post_tag","embeddable":true,"href":"https:\/\/talasidunava.rs\/index.php?rest_route=%2Fwp%2Fv2%2Ftags&post=3710"}],"curies":[{"name":"wp","href":"https:\/\/api.w.org\/{rel}","templated":true}]}}