{"id":3722,"date":"2023-11-16T08:40:56","date_gmt":"2023-11-16T07:40:56","guid":{"rendered":"https:\/\/talasidunava.rs\/?p=3722"},"modified":"2023-11-16T15:42:05","modified_gmt":"2023-11-16T14:42:05","slug":"danas-se-raspusta-skupstine-ap-vojvodine","status":"publish","type":"post","link":"https:\/\/talasidunava.rs\/?p=3722","title":{"rendered":"Danas se raspu\u0161ta Skup\u0161tine AP Vojvodine"},"content":{"rendered":"<p>Skup\u0161tina Vojvodine bi\u0107e raspu\u0161tena, a kako je ranije najavljeno, prevremeni pokrajinski izbori bi\u0107e odr\u017eani 17. decembra, zajedno sa prevremenim republi\u010dkim izborima i izborima u delu lokalnih samouprava u Srbiji.<\/p>\n<p>Sednica za danas zakazana je sa jednom ta\u010dkom dnevnog reda: Predlog odluke o prevremenom prestanku mandata Skup\u0161tine Vojvodine, objavljeno je na sajtu Skup\u0161tine AP Vojvodina.<\/p>\n<p>Predsednik pokrajinskog parlamenta je Momo \u010colakovi\u0107, poslanik vladaju\u0107e koalicije \u201eAleksandar Vu\u010di\u0107 za na\u0161u decu\u201c, koji je na tu funkciju izabran na sednici u ponedeljak, 6. novembra, nakon smrti dotada\u0161njeg predsednika Skup\u0161tine Vojvodine I\u0161tvana Pastora, koji je preminuo 30. oktobra.<\/p>\n<p>Izvor: RTV<\/p>\n","protected":false},"excerpt":{"rendered":"<p>Skup\u0161tina Vojvodine bi\u0107e raspu\u0161tena, a kako je ranije najavljeno, prevremeni pokrajinski izbori bi\u0107e odr\u017eani 17. decembra, zajedno sa prevremenim republi\u010dkim izborima i izborima u delu lokalnih samouprava u Srbiji. Sednica za danas zakazana je sa jednom ta\u010dkom dnevnog reda: Predlog odluke o prevremenom prestanku mandata Skup\u0161tine Vojvodine, objavljeno je na sajtu Skup\u0161tine AP Vojvodina. Predsednik<\/p>\n<div class=\"read-more\"><a href=\"https:\/\/talasidunava.rs\/?p=3722\" title=\"Op\u0161irnije\">Op\u0161irnije<\/a><\/div>\n","protected":false},"author":1,"featured_media":3723,"comment_status":"open","ping_status":"open","sticky":false,"template":"","format":"standard","meta":{"footnotes":""},"categories":[3],"tags":[],"class_list":{"0":"post-3722","1":"post","2":"type-post","3":"status-publish","4":"format-standard","5":"has-post-thumbnail","7":"category-vesti"},"jetpack_featured_media_url":"https:\/\/talasidunava.rs\/wp-content\/uploads\/2023\/11\/foto-Pokrajinska-vlada.jpg","_links":{"self":[{"href":"https:\/\/talasidunava.rs\/index.php?rest_route=\/wp\/v2\/posts\/3722","targetHints":{"allow":["GET"]}}],"collection":[{"href":"https:\/\/talasidunava.rs\/index.php?rest_route=\/wp\/v2\/posts"}],"about":[{"href":"https:\/\/talasidunava.rs\/index.php?rest_route=\/wp\/v2\/types\/post"}],"author":[{"embeddable":true,"href":"https:\/\/talasidunava.rs\/index.php?rest_route=\/wp\/v2\/users\/1"}],"replies":[{"embeddable":true,"href":"https:\/\/talasidunava.rs\/index.php?rest_route=%2Fwp%2Fv2%2Fcomments&post=3722"}],"version-history":[{"count":1,"href":"https:\/\/talasidunava.rs\/index.php?rest_route=\/wp\/v2\/posts\/3722\/revisions"}],"predecessor-version":[{"id":3724,"href":"https:\/\/talasidunava.rs\/index.php?rest_route=\/wp\/v2\/posts\/3722\/revisions\/3724"}],"wp:featuredmedia":[{"embeddable":true,"href":"https:\/\/talasidunava.rs\/index.php?rest_route=\/wp\/v2\/media\/3723"}],"wp:attachment":[{"href":"https:\/\/talasidunava.rs\/index.php?rest_route=%2Fwp%2Fv2%2Fmedia&parent=3722"}],"wp:term":[{"taxonomy":"category","embeddable":true,"href":"https:\/\/talasidunava.rs\/index.php?rest_route=%2Fwp%2Fv2%2Fcategories&post=3722"},{"taxonomy":"post_tag","embeddable":true,"href":"https:\/\/talasidunava.rs\/index.php?rest_route=%2Fwp%2Fv2%2Ftags&post=3722"}],"curies":[{"name":"wp","href":"https:\/\/api.w.org\/{rel}","templated":true}]}}