{"id":3738,"date":"2023-11-17T10:35:00","date_gmt":"2023-11-17T09:35:00","guid":{"rendered":"https:\/\/talasidunava.rs\/?p=3738"},"modified":"2023-11-17T10:35:00","modified_gmt":"2023-11-17T09:35:00","slug":"dobitnik-pokrajinske-nagrade-mihajlo-pupin-radmila-rakin-martinovic","status":"publish","type":"post","link":"https:\/\/talasidunava.rs\/?p=3738","title":{"rendered":"Dobitnik Pokrajinske nagrade \u201eMihajlo Pupin\u201c Radmila Rakin Martinovi\u0107"},"content":{"rendered":"<p>\u041aomisija za dodelu Pokrajinske nagrade i pokrajinskih priznanja jednoglasno je odlu\u010dila da je dobitnik ovogodi\u0161nje Nagrade \u201eMihajlo Pupin\u201c magistar Radmila Rakin Martinovi\u0107, redovni profesor na Akademiji umetnosti i direktor Muzi\u010dke \u0161kole \u201eIsidor Baji\u0107\u201c u Novom Sadu od 1996. godine.<\/p>\n<p>Diplomirala je 1984. godine na Akademiji umetnosti, gde je 1987. stekla i zvanje magistra umetnosti \u2013 umetni\u010dka disciplina flauta. U dosada\u0161njoj umetni\u010dkoj karijeri imala je preko dve stotine solisti\u010dkih i kamernih koncerata, a posebnu pa\u017enju posvetila je izvo\u0111enju dela doma\u0107ih autora, naro\u010dito iz Vojvodine. U\u010destvuje na najzna\u010dajnijim manifestacijama \u0161irom Evrope.<\/p>\n<p>\u041aomisija je donela odluku i o najvi\u0161im priznanjima koja se dodeljuju u oblastima privrede, kulture, obrazovanja, sporta, ravnopravnosti polova i ljudskih i manjinskih prava.<\/p>\n<p>Pokrajinsko priznanje u oblasti obrazovanja \u201e\u0110or\u0111e Nato\u0161evi\u0107\u02ee dodeljeno je Marti \u041ai\u0161 Buterer iz Novog Sada, umetnici i nastavnici likovnog vaspitanja u penziji. Diplomirala je 1984. godine na Akademiji umetnosti u Novom Sadu, smer slikarstvo. Od 1997. je \u010dlan Saveza udru\u017eenja likovnih umetnika Vojvodine.<\/p>\n<p>Pokrajinsko priznanje u oblasti privrede \u201eLazar Dun\u0111erski\u02ee dobila je kompanija \u201eTehnomarket\u201c u Pan\u010devu, dru\u0161tvo sa ograni\u010denom odgovorno\u0161\u0107u, specijalizovano za proizvodnju aluminijumskih konstrukcija koje se koriste u gra\u0111evinarstvu.<\/p>\n<p>Dobitnik Pokrajinskog priznanja u oblasti kulture \u201eFerenc Feher\u02ee jeste Akademsko dru\u0161tvo za negovanje muzike \u201eGusle\u201c u \u041aikindi, osnovano 1876. godine.<\/p>\n<p>Pokrajinsko priznanje u oblasti sporta \u201eMom\u010dilo Tapavica\u02ee pripalo je basketa\u0161u tri na tri Strahinji Stoja\u010di\u0107u iz Novog Sada. Sa reprezentacijom Srbije osvojio je zlatnu medalju na Svetskom prvenstvu i Evropskom kupu 2022. godine. Sa svojim basketa\u0161ima osvojio je i Evropsko prvenstvo 2023. godine.<\/p>\n<p>Pokrajinsko priznanje u oblasti ravnopravnosti polova \u201eMilica Tomi\u0107\u02ee dodeljeno je predsednici Udru\u017eenja \u017eena \u201eVelikoselke\u201c Dragani \u0110ur\u0111evi\u0107 iz Banatskog Velikog Sela.<\/p>\n<p>\u201eVelikoselke\u201c se bave izradom narodnih no\u0161nji, a od 2015. godine brinu o Zavi\u010dajnoj ku\u0107i, koja je simbol doseljavanja stanovnika iz Bosanske \u041arajine u Vojvodinu nakon Drugog svetskog rata.<\/p>\n<p>Jelena Jovanovi\u0107 iz Novog Sada dobitnica je Pokrajinskog priznanja u oblasti ljudskih i manjinskih prava \u201eLjudevit Mi\u010datek\u201c. U svom dosada\u0161njem radu ostvarila je izuzetne rezultate u oblastima obrazovanja, stanovanja, zapo\u0161ljavanja, kao i o\u010duvanja istorije, kulture i tradicije romske nacionalne manjine.<\/p>\n<p>Pokrajinska nagrada \u201eMihajlo Pupin\u201c, kao i pokrajinska priznanja, bi\u0107e uru\u010deni 25. novembra na sve\u010danosti povodom Dana prisajedinjenja Vojvodine Srbiji.<\/p>\n<p>Pokrajinsko priznanje \u201eLjudevit Mi\u010datek\u02ee bi\u0107e uru\u010deno 10. decembra, na Me\u0111unarodni dan ljudskih prava.<\/p>\n<p>&nbsp;<\/p>\n","protected":false},"excerpt":{"rendered":"<p>\u041aomisija za dodelu Pokrajinske nagrade i pokrajinskih priznanja jednoglasno je odlu\u010dila da je dobitnik ovogodi\u0161nje Nagrade \u201eMihajlo Pupin\u201c magistar Radmila Rakin Martinovi\u0107, redovni profesor na Akademiji umetnosti i direktor Muzi\u010dke \u0161kole \u201eIsidor Baji\u0107\u201c u Novom Sadu od 1996. godine. Diplomirala je 1984. godine na Akademiji umetnosti, gde je 1987. stekla i zvanje magistra umetnosti \u2013<\/p>\n<div class=\"read-more\"><a href=\"https:\/\/talasidunava.rs\/?p=3738\" title=\"Op\u0161irnije\">Op\u0161irnije<\/a><\/div>\n","protected":false},"author":1,"featured_media":2200,"comment_status":"open","ping_status":"open","sticky":false,"template":"","format":"standard","meta":{"footnotes":""},"categories":[3],"tags":[],"class_list":{"0":"post-3738","1":"post","2":"type-post","3":"status-publish","4":"format-standard","5":"has-post-thumbnail","7":"category-vesti"},"jetpack_featured_media_url":"https:\/\/talasidunava.rs\/wp-content\/uploads\/2023\/06\/\u043f\u0440\u0435\u0443\u0437\u0438\u043c\u0430\u045a\u0435-2.jpg","_links":{"self":[{"href":"https:\/\/talasidunava.rs\/index.php?rest_route=\/wp\/v2\/posts\/3738","targetHints":{"allow":["GET"]}}],"collection":[{"href":"https:\/\/talasidunava.rs\/index.php?rest_route=\/wp\/v2\/posts"}],"about":[{"href":"https:\/\/talasidunava.rs\/index.php?rest_route=\/wp\/v2\/types\/post"}],"author":[{"embeddable":true,"href":"https:\/\/talasidunava.rs\/index.php?rest_route=\/wp\/v2\/users\/1"}],"replies":[{"embeddable":true,"href":"https:\/\/talasidunava.rs\/index.php?rest_route=%2Fwp%2Fv2%2Fcomments&post=3738"}],"version-history":[{"count":1,"href":"https:\/\/talasidunava.rs\/index.php?rest_route=\/wp\/v2\/posts\/3738\/revisions"}],"predecessor-version":[{"id":3739,"href":"https:\/\/talasidunava.rs\/index.php?rest_route=\/wp\/v2\/posts\/3738\/revisions\/3739"}],"wp:featuredmedia":[{"embeddable":true,"href":"https:\/\/talasidunava.rs\/index.php?rest_route=\/wp\/v2\/media\/2200"}],"wp:attachment":[{"href":"https:\/\/talasidunava.rs\/index.php?rest_route=%2Fwp%2Fv2%2Fmedia&parent=3738"}],"wp:term":[{"taxonomy":"category","embeddable":true,"href":"https:\/\/talasidunava.rs\/index.php?rest_route=%2Fwp%2Fv2%2Fcategories&post=3738"},{"taxonomy":"post_tag","embeddable":true,"href":"https:\/\/talasidunava.rs\/index.php?rest_route=%2Fwp%2Fv2%2Ftags&post=3738"}],"curies":[{"name":"wp","href":"https:\/\/api.w.org\/{rel}","templated":true}]}}