{"id":3794,"date":"2023-11-17T20:33:56","date_gmt":"2023-11-17T19:33:56","guid":{"rendered":"https:\/\/talasidunava.rs\/?p=3794"},"modified":"2023-11-20T13:34:43","modified_gmt":"2023-11-20T12:34:43","slug":"predsednik-sns-a-milos-vucevic-u-staroj-pazovi-podrzao-pokrajinsku-listu-aleksandar-vucic-vojvodina-ne-sme-da-stane","status":"publish","type":"post","link":"https:\/\/talasidunava.rs\/?p=3794","title":{"rendered":"Predsednik SNS-a Milo\u0161 Vu\u010devi\u0107 u Staroj Pazovi podr\u017eao pokrajinsku listu \u201eAleksandar Vu\u010di\u0107 \u2013 Vojvodina ne sme da stane\u201c"},"content":{"rendered":"<p>Predsednik Srpske napredne stranke (SNS) Milo\u0161 Vu\u010devi\u0107 sino\u0107 je stavio svoj potpis za kandidaturu liste \u201eAleksandar Vu\u010di\u0107 \u2013 Vojvodina ne sme da stane\u201c za pokrajinske izbore u prostorijama OO SNS Stara Pazova.<\/p>\n<p>Vu\u010devi\u0107 je istakao da je apsolutno ube\u0111en da \u0107e izborna lista \u201eAleksandar Vu\u010di\u0107 \u2013 Vojvodina ne sme da stane\u201c biti pobedni\u010dka lista na pokrajinskim izborima 17. decembra, iako je, kako je rekao, mnogi potcenjuju.<\/p>\n<p>Tokom boravka u Staroj Pazovi pozdravio je veliki broj ljudi koji su \u010dekali da daju svoj potpis za tu listu i poru\u010dio im da iz Stare Pazove kre\u0107e njihova kampanja za pokrajinske izbore.<\/p>\n<p>-Ta lista garantuje ravnomerni razvoj Vojvodine, neotu\u0111ivog dela Srbije, dobar program, odli\u010dne ljude, veru u izvesniju i sigurniju budu\u0107nost za ovaj deo Srbije, za na\u0161u Vojvodinu- rekao je Vu\u010devi\u0107.<\/p>\n","protected":false},"excerpt":{"rendered":"<p>Predsednik Srpske napredne stranke (SNS) Milo\u0161 Vu\u010devi\u0107 sino\u0107 je stavio svoj potpis za kandidaturu liste \u201eAleksandar Vu\u010di\u0107 \u2013 Vojvodina ne sme da stane\u201c za pokrajinske izbore u prostorijama OO SNS Stara Pazova. Vu\u010devi\u0107 je istakao da je apsolutno ube\u0111en da \u0107e izborna lista \u201eAleksandar Vu\u010di\u0107 \u2013 Vojvodina ne sme da stane\u201c biti pobedni\u010dka lista na<\/p>\n<div class=\"read-more\"><a href=\"https:\/\/talasidunava.rs\/?p=3794\" title=\"Op\u0161irnije\">Op\u0161irnije<\/a><\/div>\n","protected":false},"author":1,"featured_media":3795,"comment_status":"open","ping_status":"open","sticky":false,"template":"","format":"standard","meta":{"footnotes":""},"categories":[191],"tags":[],"class_list":{"0":"post-3794","1":"post","2":"type-post","3":"status-publish","4":"format-standard","5":"has-post-thumbnail","7":"category-izbori-2023"},"jetpack_featured_media_url":"https:\/\/talasidunava.rs\/wp-content\/uploads\/2023\/11\/vucic-i-radinovic-678x381-1.jpg","_links":{"self":[{"href":"https:\/\/talasidunava.rs\/index.php?rest_route=\/wp\/v2\/posts\/3794","targetHints":{"allow":["GET"]}}],"collection":[{"href":"https:\/\/talasidunava.rs\/index.php?rest_route=\/wp\/v2\/posts"}],"about":[{"href":"https:\/\/talasidunava.rs\/index.php?rest_route=\/wp\/v2\/types\/post"}],"author":[{"embeddable":true,"href":"https:\/\/talasidunava.rs\/index.php?rest_route=\/wp\/v2\/users\/1"}],"replies":[{"embeddable":true,"href":"https:\/\/talasidunava.rs\/index.php?rest_route=%2Fwp%2Fv2%2Fcomments&post=3794"}],"version-history":[{"count":1,"href":"https:\/\/talasidunava.rs\/index.php?rest_route=\/wp\/v2\/posts\/3794\/revisions"}],"predecessor-version":[{"id":3796,"href":"https:\/\/talasidunava.rs\/index.php?rest_route=\/wp\/v2\/posts\/3794\/revisions\/3796"}],"wp:featuredmedia":[{"embeddable":true,"href":"https:\/\/talasidunava.rs\/index.php?rest_route=\/wp\/v2\/media\/3795"}],"wp:attachment":[{"href":"https:\/\/talasidunava.rs\/index.php?rest_route=%2Fwp%2Fv2%2Fmedia&parent=3794"}],"wp:term":[{"taxonomy":"category","embeddable":true,"href":"https:\/\/talasidunava.rs\/index.php?rest_route=%2Fwp%2Fv2%2Fcategories&post=3794"},{"taxonomy":"post_tag","embeddable":true,"href":"https:\/\/talasidunava.rs\/index.php?rest_route=%2Fwp%2Fv2%2Ftags&post=3794"}],"curies":[{"name":"wp","href":"https:\/\/api.w.org\/{rel}","templated":true}]}}