{"id":3838,"date":"2023-11-23T10:28:53","date_gmt":"2023-11-23T09:28:53","guid":{"rendered":"https:\/\/talasidunava.rs\/?p=3838"},"modified":"2023-11-23T10:28:53","modified_gmt":"2023-11-23T09:28:53","slug":"u-toku-rekonstrukcija-biciklisticke-staze-na-bezdanskom-putu","status":"publish","type":"post","link":"https:\/\/talasidunava.rs\/?p=3838","title":{"rendered":"U toku rekonstrukcija biciklisti\u010dke staze na Bezdanskom putu"},"content":{"rendered":"<p>\u010clan Gradskog ve\u0107a za oblast komunalnih delatnosti i investicija \u0110or\u0111e Zori\u0107, obi\u0161ao je\u00a0 radove na rekonstrukciji biciklisti\u010dke staze na Bezdanskom putu u Somboru. Zajedno sa predstavnikom Mesne zajednice \u201eGornja Varo\u0161\u201c, Sr\u0111anom \u041air\u0161nerom i predstavnicima nadzornog organa iz J\u041aP \u201eProstor\u201c Sombor, Zori\u0107 je razgovarao o trenutnim radovima i planovima za naredni period.<\/p>\n<p>Radovi obuhvataju nivelaciju postoje\u0107e staze i nano\u0161enje novog sloja asfalta \u010dija \u0161irina iznosi dva metra. U prvoj fazi ovih radova asfaltira\u0107e se 370 metara, a nastavak radova obuhvata dodatnih 230 metara.<\/p>\n<p>Sredstva za ovaj projekat su izdvojena iz bud\u017eeta Saveta za bezbednost saobra\u0107aja grada Sombora, a izvo\u0111a\u010d radova je \u201eVojput\u201c d.o.o. Subotica.<\/p>\n<p>Grad Sombor je u prethodnom periodu ulo\u017eio zna\u010dajna sredstva kako bi se rekonstruisale postoje\u0107e i izgradile nove biciklisti\u010dke staze, a sve sa ciljem podsticanja zdravog na\u010dina \u017eivota, promovisanja ekolo\u0161ki prihvatljive mobilnosti gra\u0111ana i pove\u0107anja bezbednosti u\u010desnika u saobra\u0107aju. Iz lokalne samouprave isti\u010du da \u0107e se ulaganja nastaviti i u narednom periodu.<\/p>\n<p>&nbsp;<\/p>\n","protected":false},"excerpt":{"rendered":"<p>\u010clan Gradskog ve\u0107a za oblast komunalnih delatnosti i investicija \u0110or\u0111e Zori\u0107, obi\u0161ao je\u00a0 radove na rekonstrukciji biciklisti\u010dke staze na Bezdanskom putu u Somboru. Zajedno sa predstavnikom Mesne zajednice \u201eGornja Varo\u0161\u201c, Sr\u0111anom \u041air\u0161nerom i predstavnicima nadzornog organa iz J\u041aP \u201eProstor\u201c Sombor, Zori\u0107 je razgovarao o trenutnim radovima i planovima za naredni period. Radovi obuhvataju nivelaciju postoje\u0107e<\/p>\n<div class=\"read-more\"><a href=\"https:\/\/talasidunava.rs\/?p=3838\" title=\"Op\u0161irnije\">Op\u0161irnije<\/a><\/div>\n","protected":false},"author":1,"featured_media":3734,"comment_status":"open","ping_status":"open","sticky":false,"template":"","format":"standard","meta":{"footnotes":""},"categories":[8,3],"tags":[],"class_list":{"0":"post-3838","1":"post","2":"type-post","3":"status-publish","4":"format-standard","5":"has-post-thumbnail","7":"category-sombor","8":"category-vesti"},"jetpack_featured_media_url":"https:\/\/talasidunava.rs\/wp-content\/uploads\/2023\/11\/0-pasmvr.webp","_links":{"self":[{"href":"https:\/\/talasidunava.rs\/index.php?rest_route=\/wp\/v2\/posts\/3838","targetHints":{"allow":["GET"]}}],"collection":[{"href":"https:\/\/talasidunava.rs\/index.php?rest_route=\/wp\/v2\/posts"}],"about":[{"href":"https:\/\/talasidunava.rs\/index.php?rest_route=\/wp\/v2\/types\/post"}],"author":[{"embeddable":true,"href":"https:\/\/talasidunava.rs\/index.php?rest_route=\/wp\/v2\/users\/1"}],"replies":[{"embeddable":true,"href":"https:\/\/talasidunava.rs\/index.php?rest_route=%2Fwp%2Fv2%2Fcomments&post=3838"}],"version-history":[{"count":1,"href":"https:\/\/talasidunava.rs\/index.php?rest_route=\/wp\/v2\/posts\/3838\/revisions"}],"predecessor-version":[{"id":3840,"href":"https:\/\/talasidunava.rs\/index.php?rest_route=\/wp\/v2\/posts\/3838\/revisions\/3840"}],"wp:featuredmedia":[{"embeddable":true,"href":"https:\/\/talasidunava.rs\/index.php?rest_route=\/wp\/v2\/media\/3734"}],"wp:attachment":[{"href":"https:\/\/talasidunava.rs\/index.php?rest_route=%2Fwp%2Fv2%2Fmedia&parent=3838"}],"wp:term":[{"taxonomy":"category","embeddable":true,"href":"https:\/\/talasidunava.rs\/index.php?rest_route=%2Fwp%2Fv2%2Fcategories&post=3838"},{"taxonomy":"post_tag","embeddable":true,"href":"https:\/\/talasidunava.rs\/index.php?rest_route=%2Fwp%2Fv2%2Ftags&post=3838"}],"curies":[{"name":"wp","href":"https:\/\/api.w.org\/{rel}","templated":true}]}}