{"id":3841,"date":"2023-11-23T10:32:26","date_gmt":"2023-11-23T09:32:26","guid":{"rendered":"https:\/\/talasidunava.rs\/?p=3841"},"modified":"2023-11-23T10:32:26","modified_gmt":"2023-11-23T09:32:26","slug":"goran-vesic-i-dejan-tomasevic-boravili-u-poseti-kuli-i-sivcu","status":"publish","type":"post","link":"https:\/\/talasidunava.rs\/?p=3841","title":{"rendered":"Goran Vesi\u0107 i Dejan Toma\u0161evi\u0107 boravili u poseti \u041auli i Sivcu"},"content":{"rendered":"<p>\u010clan Predsedni\u0161tva Srpske napredne stranke, Goran Vesi\u0107 i kandidat za narodnog poslanika sa liste \u201eAleksandar Vu\u010di\u0107-Srbija ne sme da stane\u201c, Dejan Toma\u0161evi\u0107, posetili su \u041aulu, gde su tom prilikom bili gosti Mesnog udru\u017eenja penzionera \u041aula. Goste su do\u010dekali predsednik op\u0161tine \u041aula, Damjan Miljani\u0107 i predsednik Mesnog udru\u017eenja penzionera \u041aula, Milo\u0161 Rako\u010devi\u0107. Okupljenima se najpre obratio zdravi\u010dar Bo\u017eidar Bo\u0161ko Miljani\u0107, koji je gostima i svim zvanicama prigodnom zdravicom po\u017eeleo dobro zdravlje i sre\u0107u. \u010clan Predsedni\u0161tva Srpske napredne stranke, Goran Vesi\u0107, rekao je da su penzioneri dali najve\u0107i doprinos ekonomskoj stabilizaciji Srbije i da oni najbolje razumeju \u0161ta je dr\u017eava i kako ona funkcioni\u0161e, te da oni vole svoju dr\u017eavu i uvek su spremni da joj pomognu:<\/p>\n<p>\u201ePenzioneri, na\u0161i najstariji sugra\u0111ani, dali su najve\u0107i doprinos ekonomskoj stabilizaciji Srbije i oni razumeju \u0161ta je dr\u017eava. Zato se danas trudimo, predsednik Aleksandar Vu\u010di\u0107 i na\u0161a Vlada, da njihove penzije rastu konstantno iz godine u godinu i 2027. godine prose\u010dna penzija u Srbiji iznosi\u0107e 650 eura, dok je 2013. godine iznosila 209 eura. Na taj na\u010din se Srbija odu\u017euje svojim penzionerima, onima koji su gradili svoju zemlju i mi imamo obavezu prema njima da im obezbedimo starost koja je dostojna i da u\u017eivaju u plodovima svoga rada i zato glasajte 17. decembra za listu \u201eAleksandar Vu\u010di\u0107-Srbija ne sme da stane\u201c, jer je to glas za ve\u0107e penzije i za nastavak razvoja Srbije, a tako\u0111e je i glas da unuci na\u0161ih penzionera \u017eive normalno i pristojno u svojoj zemlji\u201c.<\/p>\n<p>\u041aandidat za narodnog poslanika sa liste \u201eAleksandar Vu\u010di\u0107-Srbija ne sme da stane\u201c, Dejan Toma\u0161evi\u0107, istakao je da je veoma sre\u0107an \u0161to je do\u0161ao u posetu op\u0161tini \u041aula kako bi pozdravio penzionere koji su divni ljudi privr\u017eeni ja\u010danju Srbije i kako bi se uverio u \u010dinjenicu da je op\u0161tina \u041aula lokalna samouprava koja iz godine u godinu sve vi\u0161e ja\u010da na svim poljima:<\/p>\n<p>\u201eJako sam sre\u0107an \u0161to sam po drugi put za kratko vreme u poseti op\u0161tini \u041aula i svedo\u010dim jednom, zaista, enormnom razvoju i op\u0161tine \u041aula i Zapadnoba\u010dkog okruga u celini. Zahvaljuju\u0107i divnim ljudima poput Gorana, a pre svega najvi\u0161e zahvaljuju\u0107i Aleksandru Vu\u010di\u0107u, Srbija se razvija u svim pravcima i oblastima. Tako\u0111e, \u017eeleo sam i da pozdravim penzionere ovde u \u041auli koji su svesni \u0161ta zna\u010di dr\u017eava i da im se zahvalim na ljubavi i patriotizmu koji joj pru\u017eaju. Moji roditelji su penzioneri i ja znam kroz kakav jedan te\u017eak period su pro\u0161li, ali svedo\u010dim re\u010dima moje majke koja je presre\u0107na \u0161to imamo Aleksandra Vu\u010di\u0107a za predsednika i da je ona sada u najsre\u0107nijem dobu, jer zahvaljuju\u0107i, pre svega, ekonomskom razvoju na\u0161e dr\u017eave i penzije su ve\u0107e, tako da ona, hvala Bogu, ima dosta unu\u010di\u0107a i mo\u017ee da doprinese njihovom sre\u0107nijem detinjstvu i odrastanju\u201c.<\/p>\n<p>Nakon posete penzionerima u \u041auli, Goran Vesi\u0107 je boravio u poseti porodici Golubovi\u0107 u Sivcu, gde je prisustvovao obele\u017eavanju Aran\u0111elovdana. Vesi\u0107 se doma\u0107inima zahvalio na pozivu da zajedno proslave za\u0161titnika njihove porodice. Ovom prilikom, tako\u0111e, istakao je da je snaga Srbije njen narod koji voli svoju zemlju i koji \u010duva svoju veru, kulturu i tradiciju.<\/p>\n<p>Info: kula.rs<\/p>\n","protected":false},"excerpt":{"rendered":"<p>\u010clan Predsedni\u0161tva Srpske napredne stranke, Goran Vesi\u0107 i kandidat za narodnog poslanika sa liste \u201eAleksandar Vu\u010di\u0107-Srbija ne sme da stane\u201c, Dejan Toma\u0161evi\u0107, posetili su \u041aulu, gde su tom prilikom bili gosti Mesnog udru\u017eenja penzionera \u041aula. Goste su do\u010dekali predsednik op\u0161tine \u041aula, Damjan Miljani\u0107 i predsednik Mesnog udru\u017eenja penzionera \u041aula, Milo\u0161 Rako\u010devi\u0107. Okupljenima se najpre obratio<\/p>\n<div class=\"read-more\"><a href=\"https:\/\/talasidunava.rs\/?p=3841\" title=\"Op\u0161irnije\">Op\u0161irnije<\/a><\/div>\n","protected":false},"author":1,"featured_media":3842,"comment_status":"open","ping_status":"open","sticky":false,"template":"","format":"standard","meta":{"footnotes":""},"categories":[191,10,3],"tags":[],"class_list":{"0":"post-3841","1":"post","2":"type-post","3":"status-publish","4":"format-standard","5":"has-post-thumbnail","7":"category-izbori-2023","8":"category-kula","9":"category-vesti"},"jetpack_featured_media_url":"https:\/\/talasidunava.rs\/wp-content\/uploads\/2023\/11\/21123_7-4-1000x675-1.jpg","_links":{"self":[{"href":"https:\/\/talasidunava.rs\/index.php?rest_route=\/wp\/v2\/posts\/3841","targetHints":{"allow":["GET"]}}],"collection":[{"href":"https:\/\/talasidunava.rs\/index.php?rest_route=\/wp\/v2\/posts"}],"about":[{"href":"https:\/\/talasidunava.rs\/index.php?rest_route=\/wp\/v2\/types\/post"}],"author":[{"embeddable":true,"href":"https:\/\/talasidunava.rs\/index.php?rest_route=\/wp\/v2\/users\/1"}],"replies":[{"embeddable":true,"href":"https:\/\/talasidunava.rs\/index.php?rest_route=%2Fwp%2Fv2%2Fcomments&post=3841"}],"version-history":[{"count":1,"href":"https:\/\/talasidunava.rs\/index.php?rest_route=\/wp\/v2\/posts\/3841\/revisions"}],"predecessor-version":[{"id":3843,"href":"https:\/\/talasidunava.rs\/index.php?rest_route=\/wp\/v2\/posts\/3841\/revisions\/3843"}],"wp:featuredmedia":[{"embeddable":true,"href":"https:\/\/talasidunava.rs\/index.php?rest_route=\/wp\/v2\/media\/3842"}],"wp:attachment":[{"href":"https:\/\/talasidunava.rs\/index.php?rest_route=%2Fwp%2Fv2%2Fmedia&parent=3841"}],"wp:term":[{"taxonomy":"category","embeddable":true,"href":"https:\/\/talasidunava.rs\/index.php?rest_route=%2Fwp%2Fv2%2Fcategories&post=3841"},{"taxonomy":"post_tag","embeddable":true,"href":"https:\/\/talasidunava.rs\/index.php?rest_route=%2Fwp%2Fv2%2Ftags&post=3841"}],"curies":[{"name":"wp","href":"https:\/\/api.w.org\/{rel}","templated":true}]}}