{"id":3923,"date":"2023-11-29T10:11:55","date_gmt":"2023-11-29T09:11:55","guid":{"rendered":"https:\/\/talasidunava.rs\/?p=3923"},"modified":"2023-11-29T10:11:55","modified_gmt":"2023-11-29T09:11:55","slug":"odrzani-tradicionalni-dani-svinjokolja-u-kuli","status":"publish","type":"post","link":"https:\/\/talasidunava.rs\/?p=3923","title":{"rendered":"Odr\u017eani \u201cTradicionalni dani svinjokolja\u201d u \u041auli"},"content":{"rendered":"<p>Ma\u0111arski kulturni centar \u201cNepker\u201d bio je doma\u0107in \u201cTradicionalnih dana svinjokolja\u201d. Ova manifestacija odr\u017eana je po tre\u0107i put, sa ciljem o\u010duvanja tradicije i obi\u010daja ovog podneblja i naroda.<\/p>\n<p>Priprema hurki, kobasica i \u010dvaraka, kao i tradicionalni doru\u010dak, protekli su u znaku rada, truda i pozitivne energije. \u041aarolj Valka, potpredsednik Ma\u0111arskog kulturnog centra \u201cNepker\u201d, istakao je da je je veoma zadovoljan \u0161to ova manifestacija u potpunosti ispunjava svoju svrhu, a to je o\u010duvanje obi\u010daja i njihovo preno\u0161enje na generacije koje dolaze:<\/p>\n<p>\u201cTre\u0107i put organizujemo ove dane i mislim da smo uspeli u na\u0161oj misiji, da poka\u017eemo mladima kako se to nekad radilo. Na\u017ealost, sve je manje svinjokolja po ku\u0107ama i upravo jedan ovakav doga\u0111aj primer dobre prakse kako se nekad radilo i kako se prave kobasica, hurka i \u0161vargla i ostalo. Napravili smo dru\u017eenje i negujemo jedan lep obi\u010daj koji je va\u017ean, a mislim da sve kulturne ustanove trebaju da neguju stare tradicije i da se na\u0161oj deci i unucima ostavi u nasle\u0111e tradicija\u201d.<\/p>\n<p>Svoj deo programa imali su i najmla\u0111i, te su tako izra\u0111ivali crte\u017ee i ukrase kojima \u0107e do\u010dekati Deda Mraza. Nema sumnje da \u0107e i naredne godine ova manifestacija biti jo\u0161 masovnija, pre svega iz razloga njene va\u017enosti, a to je \u010duvanje tradicije i obi\u010daja u vremenu kada je sve ubrzano i kada je narodna tradicija sve vi\u0161e pod pritiskom instant navika i prioriteta.<\/p>\n<p>Info: kula.rs<\/p>\n","protected":false},"excerpt":{"rendered":"<p>Ma\u0111arski kulturni centar \u201cNepker\u201d bio je doma\u0107in \u201cTradicionalnih dana svinjokolja\u201d. Ova manifestacija odr\u017eana je po tre\u0107i put, sa ciljem o\u010duvanja tradicije i obi\u010daja ovog podneblja i naroda. Priprema hurki, kobasica i \u010dvaraka, kao i tradicionalni doru\u010dak, protekli su u znaku rada, truda i pozitivne energije. \u041aarolj Valka, potpredsednik Ma\u0111arskog kulturnog centra \u201cNepker\u201d, istakao je da<\/p>\n<div class=\"read-more\"><a href=\"https:\/\/talasidunava.rs\/?p=3923\" title=\"Op\u0161irnije\">Op\u0161irnije<\/a><\/div>\n","protected":false},"author":1,"featured_media":3924,"comment_status":"open","ping_status":"open","sticky":false,"template":"","format":"standard","meta":{"footnotes":""},"categories":[10,3],"tags":[],"class_list":{"0":"post-3923","1":"post","2":"type-post","3":"status-publish","4":"format-standard","5":"has-post-thumbnail","7":"category-kula","8":"category-vesti"},"jetpack_featured_media_url":"https:\/\/talasidunava.rs\/wp-content\/uploads\/2023\/11\/271123_3-3.jpg","_links":{"self":[{"href":"https:\/\/talasidunava.rs\/index.php?rest_route=\/wp\/v2\/posts\/3923","targetHints":{"allow":["GET"]}}],"collection":[{"href":"https:\/\/talasidunava.rs\/index.php?rest_route=\/wp\/v2\/posts"}],"about":[{"href":"https:\/\/talasidunava.rs\/index.php?rest_route=\/wp\/v2\/types\/post"}],"author":[{"embeddable":true,"href":"https:\/\/talasidunava.rs\/index.php?rest_route=\/wp\/v2\/users\/1"}],"replies":[{"embeddable":true,"href":"https:\/\/talasidunava.rs\/index.php?rest_route=%2Fwp%2Fv2%2Fcomments&post=3923"}],"version-history":[{"count":1,"href":"https:\/\/talasidunava.rs\/index.php?rest_route=\/wp\/v2\/posts\/3923\/revisions"}],"predecessor-version":[{"id":3925,"href":"https:\/\/talasidunava.rs\/index.php?rest_route=\/wp\/v2\/posts\/3923\/revisions\/3925"}],"wp:featuredmedia":[{"embeddable":true,"href":"https:\/\/talasidunava.rs\/index.php?rest_route=\/wp\/v2\/media\/3924"}],"wp:attachment":[{"href":"https:\/\/talasidunava.rs\/index.php?rest_route=%2Fwp%2Fv2%2Fmedia&parent=3923"}],"wp:term":[{"taxonomy":"category","embeddable":true,"href":"https:\/\/talasidunava.rs\/index.php?rest_route=%2Fwp%2Fv2%2Fcategories&post=3923"},{"taxonomy":"post_tag","embeddable":true,"href":"https:\/\/talasidunava.rs\/index.php?rest_route=%2Fwp%2Fv2%2Ftags&post=3923"}],"curies":[{"name":"wp","href":"https:\/\/api.w.org\/{rel}","templated":true}]}}