{"id":3931,"date":"2023-11-28T18:20:00","date_gmt":"2023-11-28T17:20:00","guid":{"rendered":"https:\/\/talasidunava.rs\/?p=3931"},"modified":"2023-11-29T10:24:15","modified_gmt":"2023-11-29T09:24:15","slug":"ragus-danas-smo-drugi-po-proizvodnji-bakra-u-evropi","status":"publish","type":"post","link":"https:\/\/talasidunava.rs\/?p=3931","title":{"rendered":"Ragu\u0161: Danas smo drugi po proizvodnji bakra u Evropi"},"content":{"rendered":"<p>Marina Ragu\u0161 \u010dlanica predsedni\u0161tva Srpske napredne stranke, go\u0161\u0107a je novog izdanja emisije Otvoreni studio koja \u0107e se emitovati ve\u010deras na TV Fru\u0161ka gora od 20 \u010dasova.<\/p>\n<p>\u201cRe\u010d je o sukobu dve Srbije koje na \u017ealost nikako da se sretnu, imate jednu Srbiju u 2012. godini od \u010dega nije ostalo ni\u0161ta, se\u0107amo se da su fabrike bile zakatan\u010dene, da smo imali problem sa javnim preduze\u0107ima\u201d po\u010dela je razgovor Ragu\u0161 i dodala: \u201cNama je veliki izazov bio da isplatimo penzije, jer smo tada na ra\u010dunu zatekli 80 miliona evra, a za isplatu penzija tad nam je trebalo 400 miliona evra\u201d.<\/p>\n<p>\u201cVra\u0107aju\u0107i se na re\u010di predsednika Aleksandra Vu\u010di\u0107a koji je tada rekao da ukoliko se re\u0161i problem sa javnim preduze\u0107im u Boru i Smederevu zapravo je re\u0161eno tre\u0107ina bud\u017eeta, gde nije postajala proizvodnja, a nesretni radnici su svoju platu dobijali sa vremena na vreme\u201d, dodala je Ragu\u0161 i istakla da smo danas drugi po proizvodnji bakra u Evropi.<\/p>\n<p>\u201cTaman kada smo fiskalno konsolidovali kasu, do\u0161le su istorijske poplave, koje je pratila migranstka kriza, a onda je usledila korona\u201d, prise\u0107a se Marina Ragu\u0161.<\/p>\n<p>\u201cTada smo uspeli da dopremimo vakcine, za\u0161titne maske, respiratore\u201d, podse\u0107a.<\/p>\n<p>Sa infrastrukturnim ulaganjima u Srbiji ne\u0107e se stati ni slede\u0107e godine, spojeni su sever sa jugom zemlje, istok sa zapadom. Ragu\u0161 je govorila o brojnim ulaganjima u zdravstvene ustanove na teritoriji Srbije ali i o pobolj\u0161anju \u017eivotnog standarda.<\/p>\n<p>Celu emisiju mo\u017eete pogledati ve\u010deras od 20 \u010dasova na kanalu Tv Fru\u0161ka gora.<\/p>\n","protected":false},"excerpt":{"rendered":"<p>Marina Ragu\u0161 \u010dlanica predsedni\u0161tva Srpske napredne stranke, go\u0161\u0107a je novog izdanja emisije Otvoreni studio koja \u0107e se emitovati ve\u010deras na TV Fru\u0161ka gora od 20 \u010dasova. \u201cRe\u010d je o sukobu dve Srbije koje na \u017ealost nikako da se sretnu, imate jednu Srbiju u 2012. godini od \u010dega nije ostalo ni\u0161ta, se\u0107amo se da su fabrike<\/p>\n<div class=\"read-more\"><a href=\"https:\/\/talasidunava.rs\/?p=3931\" title=\"Op\u0161irnije\">Op\u0161irnije<\/a><\/div>\n","protected":false},"author":1,"featured_media":3933,"comment_status":"open","ping_status":"open","sticky":false,"template":"","format":"standard","meta":{"footnotes":""},"categories":[191],"tags":[],"class_list":{"0":"post-3931","1":"post","2":"type-post","3":"status-publish","4":"format-standard","5":"has-post-thumbnail","7":"category-izbori-2023"},"jetpack_featured_media_url":"https:\/\/talasidunava.rs\/wp-content\/uploads\/2023\/11\/marina-ragus-678x381-1.jpg","_links":{"self":[{"href":"https:\/\/talasidunava.rs\/index.php?rest_route=\/wp\/v2\/posts\/3931","targetHints":{"allow":["GET"]}}],"collection":[{"href":"https:\/\/talasidunava.rs\/index.php?rest_route=\/wp\/v2\/posts"}],"about":[{"href":"https:\/\/talasidunava.rs\/index.php?rest_route=\/wp\/v2\/types\/post"}],"author":[{"embeddable":true,"href":"https:\/\/talasidunava.rs\/index.php?rest_route=\/wp\/v2\/users\/1"}],"replies":[{"embeddable":true,"href":"https:\/\/talasidunava.rs\/index.php?rest_route=%2Fwp%2Fv2%2Fcomments&post=3931"}],"version-history":[{"count":1,"href":"https:\/\/talasidunava.rs\/index.php?rest_route=\/wp\/v2\/posts\/3931\/revisions"}],"predecessor-version":[{"id":3932,"href":"https:\/\/talasidunava.rs\/index.php?rest_route=\/wp\/v2\/posts\/3931\/revisions\/3932"}],"wp:featuredmedia":[{"embeddable":true,"href":"https:\/\/talasidunava.rs\/index.php?rest_route=\/wp\/v2\/media\/3933"}],"wp:attachment":[{"href":"https:\/\/talasidunava.rs\/index.php?rest_route=%2Fwp%2Fv2%2Fmedia&parent=3931"}],"wp:term":[{"taxonomy":"category","embeddable":true,"href":"https:\/\/talasidunava.rs\/index.php?rest_route=%2Fwp%2Fv2%2Fcategories&post=3931"},{"taxonomy":"post_tag","embeddable":true,"href":"https:\/\/talasidunava.rs\/index.php?rest_route=%2Fwp%2Fv2%2Ftags&post=3931"}],"curies":[{"name":"wp","href":"https:\/\/api.w.org\/{rel}","templated":true}]}}