{"id":3968,"date":"2023-12-04T12:45:11","date_gmt":"2023-12-04T11:45:11","guid":{"rendered":"https:\/\/talasidunava.rs\/?p=3968"},"modified":"2023-12-04T12:45:11","modified_gmt":"2023-12-04T11:45:11","slug":"orlic-porucio-u-novim-karlovcima-srbija-ne-sme-da-stane","status":"publish","type":"post","link":"https:\/\/talasidunava.rs\/?p=3968","title":{"rendered":"Orli\u0107 poru\u010dio u Novim \u041aarlovcima: Srbija ne sme da stane!"},"content":{"rendered":"<p>ladimir Orli\u0107, kandidat sa liste \u201eAleksandar Vu\u010di\u0107 \u2013 Srbija ne sme da stane\u201c boravio je ju\u010de u Novim \u041aarlovcima, gde je u\u010destvovao na tribini podr\u0161ke toj izbornoj listi, u organizaciji Marijana Risti\u010devi\u0107a, predsednika Narodne selja\u010dke stranke.<\/p>\n<p>Orli\u0107 se zahvalio okupljenim gra\u0111anima u seoskom Domu kulture, jer svoju Srbiju vole i pru\u017eaju najsna\u017eniju podr\u0161ku predsedniku Aleksandru Vu\u010di\u0107u.<\/p>\n<p>-Bez va\u0161e podr\u0161ke, ne bi bilo istorijskih promena koje smo izborili. One se ogledaju i u odnosu koji danas imamo prema dr\u017eavi i svom narodu. I ne govori bez razloga predsednik Vu\u010di\u0107 da dr\u017eava nije igra\u010dka, jer samo ako dr\u017eavu imamo, ako je suverena i slobodna, samo tada mo\u017ee da bude i uspe\u0161na. Takva nam je Srbija danas- poru\u010dio je Orli\u0107.<\/p>\n<p>On je dodao da nema sumnje da \u0107e gra\u0111ani svoju podr\u0161ku dati Srbiji &#8211; onoj koja je re\u0161ila da se bori, da gura jo\u0161 ja\u010de, bude jo\u0161 uspe\u0161nija, da kora\u010da ponosno i slobodno.<\/p>\n<p>-Pobeda liste koja nosi ime predsednika Aleksandra Vu\u010di\u0107a, koja garantuje da Srbija ne sme i ne\u0107e da stane, bi\u0107e na\u0161a zajedni\u010dka poruka tog 17. decembra, saop\u0161tena sna\u017eno i ubedljivo &#8211; da je svi odli\u010dno \u010duju i razumeju- poru\u010dio je Orli\u0107.<\/p>\n","protected":false},"excerpt":{"rendered":"<p>ladimir Orli\u0107, kandidat sa liste \u201eAleksandar Vu\u010di\u0107 \u2013 Srbija ne sme da stane\u201c boravio je ju\u010de u Novim \u041aarlovcima, gde je u\u010destvovao na tribini podr\u0161ke toj izbornoj listi, u organizaciji Marijana Risti\u010devi\u0107a, predsednika Narodne selja\u010dke stranke. Orli\u0107 se zahvalio okupljenim gra\u0111anima u seoskom Domu kulture, jer svoju Srbiju vole i pru\u017eaju najsna\u017eniju podr\u0161ku predsedniku Aleksandru<\/p>\n<div class=\"read-more\"><a href=\"https:\/\/talasidunava.rs\/?p=3968\" title=\"Op\u0161irnije\">Op\u0161irnije<\/a><\/div>\n","protected":false},"author":1,"featured_media":3969,"comment_status":"open","ping_status":"open","sticky":false,"template":"","format":"standard","meta":{"footnotes":""},"categories":[191],"tags":[],"class_list":{"0":"post-3968","1":"post","2":"type-post","3":"status-publish","4":"format-standard","5":"has-post-thumbnail","7":"category-izbori-2023"},"jetpack_featured_media_url":"https:\/\/talasidunava.rs\/wp-content\/uploads\/2023\/12\/Orlic-u-Novim-Karlovcima.jpg","_links":{"self":[{"href":"https:\/\/talasidunava.rs\/index.php?rest_route=\/wp\/v2\/posts\/3968","targetHints":{"allow":["GET"]}}],"collection":[{"href":"https:\/\/talasidunava.rs\/index.php?rest_route=\/wp\/v2\/posts"}],"about":[{"href":"https:\/\/talasidunava.rs\/index.php?rest_route=\/wp\/v2\/types\/post"}],"author":[{"embeddable":true,"href":"https:\/\/talasidunava.rs\/index.php?rest_route=\/wp\/v2\/users\/1"}],"replies":[{"embeddable":true,"href":"https:\/\/talasidunava.rs\/index.php?rest_route=%2Fwp%2Fv2%2Fcomments&post=3968"}],"version-history":[{"count":1,"href":"https:\/\/talasidunava.rs\/index.php?rest_route=\/wp\/v2\/posts\/3968\/revisions"}],"predecessor-version":[{"id":3970,"href":"https:\/\/talasidunava.rs\/index.php?rest_route=\/wp\/v2\/posts\/3968\/revisions\/3970"}],"wp:featuredmedia":[{"embeddable":true,"href":"https:\/\/talasidunava.rs\/index.php?rest_route=\/wp\/v2\/media\/3969"}],"wp:attachment":[{"href":"https:\/\/talasidunava.rs\/index.php?rest_route=%2Fwp%2Fv2%2Fmedia&parent=3968"}],"wp:term":[{"taxonomy":"category","embeddable":true,"href":"https:\/\/talasidunava.rs\/index.php?rest_route=%2Fwp%2Fv2%2Fcategories&post=3968"},{"taxonomy":"post_tag","embeddable":true,"href":"https:\/\/talasidunava.rs\/index.php?rest_route=%2Fwp%2Fv2%2Ftags&post=3968"}],"curies":[{"name":"wp","href":"https:\/\/api.w.org\/{rel}","templated":true}]}}