{"id":5456,"date":"2024-08-15T06:25:33","date_gmt":"2024-08-15T05:25:33","guid":{"rendered":"https:\/\/talasidunava.rs\/?p=5456"},"modified":"2025-01-22T19:42:46","modified_gmt":"2025-01-22T18:42:46","slug":"istorija-crnogorske-zajednice-u-vojvodini","status":"publish","type":"post","link":"https:\/\/talasidunava.rs\/?p=5456","title":{"rendered":"Istorija crnogorske zajednice u Vojvodini"},"content":{"rendered":"<p>Iz drugog svetskog rata Crna Gora je iza\u0161la sa procentualno najve\u0107im gubicima me\u0111u ju\u017enoslovenskim dr\u017eavama. Rasipanje stanovni\u0161tva Crne Gore, prepolovljenog tokom nekoliko decenija XX vijeka, nastavljeno je nakon oslobo\u0111enja i stvaranja nove Jugoslavije preseljevanjem njenog najvitalnijeg dijela u Vojvodinu.<\/p>\n<p>Kolonizacija Crnogoraca u Vojvodinu odvijala se u period 1945\u22121948. godine u specifi\u010dnim istorijskim uslovima neposredno posle zavr\u0161etka Drugog svetskog rata I Narodnooslobodila\u010dke borbe jugoslovenskih naroda. Vlada Demokratske Federativne Jugoslavije je, dono\u0161enjem Zakona o agrarnoj reformi i kolonizaciji koji je Privremena Narodna Skup\u0161tina DFJ jednoglasno usvojila 23. avgusta 1945. godine, kolonizaciju Vojvodine podigla na savezni nivo i s njime su u prvom redu bila obuhva\u0107ena seoska doma\u0107instva iz svih djelova Jugoslavije.<\/p>\n<p>\u201cKoliko je nova vlast studiozno i na vrijeme planirala \u010ditavu organizaciju nove agrarne politike i kolonizaciju jugoslovenske \u017eitnice govori i \u010dinjenica da je, \u010dak prije nego su okon\u010dana ratna dejstva na prostoru Jugoslavije, u Privremenoj vladi DF Jugoslavije od 7. marta 1945. Godine .Pod\u015be\u0107anje uspostavljeno i Ministarstvo kolonizacije na \u010delu sa ministrom Sretenom Vukosavljevi\u0107em. Narodni heroj Krsto Popivoda je u periodu od 1946. do 1948. godine bio pred\u015bednik Komisije za agrarnu reformu i kolonizaciju u vladi FNRJ. U procesu priprema za kolonizaciju za sve republike su odre\u0111ene kvote, tj. broj porodica koje bi trebale da budu preseljene u Vojvodinu. Kvota koju je dobila NR Crna Gora je bila 7.000 porodica. Primjenom Zakona obezbije\u0111en je i zemlji\u0161ni fond za sprovo\u0111enje agrarne reforme i kolonizacije, kao i za formiranje velikih dr\u017eavnih poljoprivrednih dobara. Ukupno 1.600.000 hektara plodne vojvo\u0111anske zemlje podijeljeno je na 66.000 kolonista, 70.000 bezemlja\u0161a, vi\u0161e poljoprivrednih dobara I drugih ustanova\u201d iz knjige Crnogorci u Vojvodini nakon70 godina Nenada Stevovi\u0107a.<\/p>\n<p><img loading=\"lazy\" decoding=\"async\" class=\"alignnone size-medium wp-image-5459\" src=\"https:\/\/talasidunava.rs\/wp-content\/uploads\/2024\/08\/Untitled-300x224.png\" alt=\"\" width=\"300\" height=\"224\" srcset=\"https:\/\/talasidunava.rs\/wp-content\/uploads\/2024\/08\/Untitled-300x224.png 300w, https:\/\/talasidunava.rs\/wp-content\/uploads\/2024\/08\/Untitled.png 373w\" sizes=\"auto, (max-width: 300px) 100vw, 300px\" \/><\/p>\n<p>&#8222;mapa puta crnogorskih kolonista&#8220;<\/p>\n<p><em>preuzeta fotografija iz &#8222;Crnogorci u Vojvodini nakon 70 godina&#8220;Nenada Stevovi\u0107a<\/em><\/p>\n<p>\u00a0<\/p>\n<p>\u00a0<\/p>\n<p>Dono\u0161enjem Zakona o agrarnoj reformi I kolonizaciji 23. Avgusta 1945. Godine pristupilo se njegovom sprovodjenju. Po \u010dlanu 18. tog zakona, Crna Gora je u okviru kvota koje su usvojene 3. I 4. septembra 1945 godine u\u010destvovala sa 7000 porodica. U svakom naseljenom mestu Narodnooslobodila\u010dki odbor je osnovao Komisiju za kolonizaciju, a taj odbor je donosio odluke o tome koje \u0107e porodice biti kolonizovane. Nakon \u0161to bi Odbor dobio pristanak porodice, dalje je prenosio Glavnoj komisiji za naseljavanje boraca. Savezno ministarstvo kolonizacije je preko Vlade Crne Gore uputilo formulare molbi za naseljavanje , te je svako ko je ispunjavao uslove dobio formular preko svog mesnog narodnog odbora. Za lica koja su se nalazila u vojsci formular molbe upu\u0107ivan je preko vojnih vlasti.<\/p>\n<p>U trenutku kada je postalo o\u010digledno da Crna Gora zbog velikog broja povratnika I nezainteresovanosti za kolonizaciju ne\u0107e ispuniti kvotu od 7000 porodica, de\u0161avalo se da su porodice kolonizovane po dekretu vlasti I bez podno\u0161enja molbe.<\/p>\n<p>\u201cPo zavr\u0161etku Drugog svjetskog rata, broj\u010dano veoma zastupljena nacionalna zajednica Njemaca u Vojvodini smanjena je za 90 procenata. Po popisu iz 1941. godine u Vojvodini je \u017eivjelo 318.259 Njemaca, a na prvom posljeratnom popisu, 1948. godine, 31.821. Razlozi su brojni i iz percepcije istorijskog trenutka razumljivi. Vojni\u010dka pogibija, bje\u017eanje, protjerivanje,asimilacija, etni\u010dka mimikrija\u2026\u201d iz knjige Crnogorci u Vojvodini nakon70 godina Nenada Stevovi\u0107a.<\/p>\n<p>Za dodelu zemlje Pokrajinska komisija anga\u017eovala je stru\u010dnu ekipu geometara . Porodica od dva do pet \u010dlanova dobila je ukupno 8 katastarskih jutara I 500 kvadratnih hvati(jutro =5755 metara kvadratnih, hvat=3,59 metara kvadratnih).To je predstavljalo donju granicu za zemljoradni\u010dka doma\u0107instva.Nezomljoradni\u010dka doma\u0107instva dobijala su oko 3ha \u0161to je bio maksimum za jednu porodicu.Porodice oficira NOBa dobijale su 1 katastarsko jutro vi\u0161e.Sva doma\u0107instva dobijala su zemlju u ataru , posebno vinograd ako ga je bilo u naselju I oki\u0107nicu, a zajedno sa ku\u0107om dvori\u0161te I ba\u0161tu.<\/p>\n<p>\u201cU Vojvodinu je tada naseljeno ukupno 6681 crnogorska familija, od \u010dega 6043 iz mati\u010dne domovine i 638 iz drugih djelova Jugoslavije. To je ukupno iznosilo 38450 Crnogoraca i zaslu\u017euje epitet iseljavanja epskih razmjera, imaju\u0107i u vidu da je to predstavljalo vi\u0161e od 10% tada\u0161njeg ukupnog stanovni\u0161tva Crne Gore. Danas, 70 godina kasnije, u Vojvodini jo\u0161 uvijek \u017eivi zna\u010dajan broj u\u010desnika istorijske kolonizacije, ali stasava i tre\u0107a generacija potomaka crnogorskih gor\u0161taka koji su ro\u0111eni u ravnici. Crnogorski antifa\u0161izam \u010dini neraskidivu vezu izme\u0111u crnogorskih kolonista i njihovih potomaka u Vojvodini i mati\u010dne dr\u017eave Crne Gore. Ta veza \u0107e trajati dokle god u novim pokoljenjima postoji sje\u0107anje i po\u0161tovanje na Njego\u0161eve rije\u010di ispisane na spomeniku palim borcima NOB-a u centru Lov\u0107enca: \u201eBlago tome ko dovijek \u017eivi, imao se ra\u0161ta i roditi\u201c.<\/p>\n<p>iz knjige Crnogorci u Vojvodini nakon70 godina Nenada Stevovi\u0107a.<\/p>\n<p>\u00a0<\/p>\n<p>Vrijeme I na\u010din putovanja<\/p>\n<p>U skladu sa zakonskim propisima Savezno ministarstvo unutra\u0161njih poslova izdalo je Rje\u0161enje o dozvoli preseljenja kolonista u Vojvodinu23 jo\u0161 17. marta 1945. godine.<\/p>\n<p>U cilju ta\u010dnog izvo\u0111enja preseljavanja donijeto je posebno<\/p>\n<p>Uputstvo za preseljavanje kolonista. Neke od stavki glase:<\/p>\n<p>\u00a0<\/p>\n<p><em>Stavka 3) Kolonistima \u0107e na ne\u0111elju dana unaprijed biti ta\u010dno ozna\u010den dan i \u010das kada moraju biti na odre\u0111enoj utovarnoj \u017eeljezni\u010dkoj stanici.<\/em><\/p>\n<p><em>Stavka 7) Pri utovaranju mora se voditi ra\u010duna o tome da se saobra\u0107ajni prostor \u0161to vi\u0161e iskoristi.<\/em><\/p>\n<p><em>Stavka 8) Stoka se mora odvojiti u zasebne vagone. <\/em><\/p>\n<p><em>Stavka 9) Organizaciju ishrane stoke u toku transportovanja vodi\u0107e sami kolonisti.<\/em><\/p>\n<p><em>Stavka 14) Putovanje i slanje voznih karata vr\u0161i\u0107ete sami vi s tim da kopije karata imate dostaviti ovom Ministarstvu \u010dim karte budu predane korisnicima.<\/em><\/p>\n<p><em>Stavka 17) Svaki korisnik putne i vozne karte sa\u010duva\u0107e istu I predati je organima ministarstva u mjestu naseljavanja.24<\/em><\/p>\n<p><em>\u201eUputstvo za popunjavanje karata:<\/em><\/p>\n<p><em>1) Svaka putna i vozna isprava va\u017ei samo za jednu porodicu.<\/em><\/p>\n<p><em>2) Putna i vozna isprava popunjava\u0107e se hemijskom (mastiljavom olovkom).<\/em><\/p>\n<p><em>3) Preko kopija (bijele hartije) stavi\u0107e se prije popunjavanja<\/em><\/p>\n<p><em>indigo, tako da se pisanje po originalu putne i vozne isprave<\/em><\/p>\n<p><em>(\u017euta hartija) preslika na njemu.<\/em><\/p>\n<p><em>4) Kod ispunjavanja broja \u010dlanova porodice navodi\u0107e se samo<\/em><\/p>\n<p>Preuzeto iz Kolonizacije Crnogoraa u Vojvodini Slobodana B. Medojevi\u0107a<\/p>\n<p>\u00a0<\/p>\n<p>Smestaj porodica kolonista<\/p>\n<p>\u00a0<\/p>\n<p>Prema tekstu Kolonizacija Crnogoraca u Vojvodini Slobodana B. Medojevi\u0107a, price kolonista o dolasku na stanice u Vojvodini su uglavnom sli\u010dne.Prvi utisak u ve\u0107ini slu\u010dajeva bio je razo\u010daravaju\u0107, neke je razo\u010darala ravnica, neke raspored ku\u0107a, jer ih nisu tako zami\u0161ljali.Najvi\u0161e su ih razo\u010darala prethodna obe\u0107anja da \u0107e ih u Vojvodini sa\u010dekati sve I da ne\u0107e morati ni\u0161ta da ponesu od ku\u0107e. priznat im je status kolonista.Prve koloniste su na stanici do\u010dekali mje\u0161tani koji su bili u odboru za kolonizaciju, uglavnom skojevci i afe\u017eeovke.U kasnijim talasima koloniste su uglavnom do\u010dekivali ne\u0161to ranije naseljeni ro\u0111aci odvode\u0107i ih svojim ku\u0107ama na privremeni smje\u0161taj. Oni koji nijesu imali nikoga svoga smje\u0161tani su u kolektivne sme\u0161taje \u2013 internate, na privremeni smje\u0161taj, dok ne dobiju ku\u0107u.<\/p>\n<p>\u00a0<\/p>\n<p>Zlatko Markovinovi\u0107<\/p>\n<p><img loading=\"lazy\" decoding=\"async\" class=\"alignnone size-medium wp-image-5457\" src=\"https:\/\/talasidunava.rs\/wp-content\/uploads\/2024\/08\/BanerSufinansiranja-1-1-300x88.png\" alt=\"\" width=\"300\" height=\"88\" \/><\/p>\n<p>\u00a0<\/p>\n<p>\u00a0<\/p>\n<p>\u00a0<\/p>\n\n\n<figure class=\"wp-block-gallery has-nested-images columns-default is-cropped wp-block-gallery-1 is-layout-flex wp-block-gallery-is-layout-flex\">\n<figure class=\"wp-block-image size-large\"><img loading=\"lazy\" decoding=\"async\" width=\"300\" height=\"93\" data-id=\"6361\" src=\"https:\/\/talasidunava.rs\/wp-content\/uploads\/2024\/11\/Screenshot_6-1-300x93-1.png\" alt=\"\" class=\"wp-image-6361\"\/><\/figure>\n<\/figure>\n","protected":false},"excerpt":{"rendered":"<p>Iz drugog svetskog rata Crna Gora je iza\u0161la sa procentualno najve\u0107im gubicima me\u0111u ju\u017enoslovenskim dr\u017eavama. Rasipanje stanovni\u0161tva Crne Gore, prepolovljenog tokom nekoliko decenija XX vijeka, nastavljeno je nakon oslobo\u0111enja i stvaranja nove Jugoslavije preseljevanjem njenog najvitalnijeg dijela u Vojvodinu. Kolonizacija Crnogoraca u Vojvodinu odvijala se u period 1945\u22121948. godine u specifi\u010dnim istorijskim uslovima neposredno posle<\/p>\n<div class=\"read-more\"><a href=\"https:\/\/talasidunava.rs\/?p=5456\" title=\"Op\u0161irnije\">Op\u0161irnije<\/a><\/div>\n","protected":false},"author":1,"featured_media":5458,"comment_status":"open","ping_status":"open","sticky":false,"template":"","format":"standard","meta":{"footnotes":""},"categories":[197,196],"tags":[],"class_list":{"0":"post-5456","1":"post","2":"type-post","3":"status-publish","4":"format-standard","5":"has-post-thumbnail","7":"category-kroz-oci-crnogoraca-zivot-u-vojvodini-2","8":"category-kroz-oci-crnogoraca-zivot-u-vojvodini"},"jetpack_featured_media_url":"https:\/\/talasidunava.rs\/wp-content\/uploads\/2024\/08\/Lovcenac_village_Vojvodina_Serbia_train_station.jpg","_links":{"self":[{"href":"https:\/\/talasidunava.rs\/index.php?rest_route=\/wp\/v2\/posts\/5456","targetHints":{"allow":["GET"]}}],"collection":[{"href":"https:\/\/talasidunava.rs\/index.php?rest_route=\/wp\/v2\/posts"}],"about":[{"href":"https:\/\/talasidunava.rs\/index.php?rest_route=\/wp\/v2\/types\/post"}],"author":[{"embeddable":true,"href":"https:\/\/talasidunava.rs\/index.php?rest_route=\/wp\/v2\/users\/1"}],"replies":[{"embeddable":true,"href":"https:\/\/talasidunava.rs\/index.php?rest_route=%2Fwp%2Fv2%2Fcomments&post=5456"}],"version-history":[{"count":3,"href":"https:\/\/talasidunava.rs\/index.php?rest_route=\/wp\/v2\/posts\/5456\/revisions"}],"predecessor-version":[{"id":6365,"href":"https:\/\/talasidunava.rs\/index.php?rest_route=\/wp\/v2\/posts\/5456\/revisions\/6365"}],"wp:featuredmedia":[{"embeddable":true,"href":"https:\/\/talasidunava.rs\/index.php?rest_route=\/wp\/v2\/media\/5458"}],"wp:attachment":[{"href":"https:\/\/talasidunava.rs\/index.php?rest_route=%2Fwp%2Fv2%2Fmedia&parent=5456"}],"wp:term":[{"taxonomy":"category","embeddable":true,"href":"https:\/\/talasidunava.rs\/index.php?rest_route=%2Fwp%2Fv2%2Fcategories&post=5456"},{"taxonomy":"post_tag","embeddable":true,"href":"https:\/\/talasidunava.rs\/index.php?rest_route=%2Fwp%2Fv2%2Ftags&post=5456"}],"curies":[{"name":"wp","href":"https:\/\/api.w.org\/{rel}","templated":true}]}}