{"id":5510,"date":"2024-08-21T10:30:25","date_gmt":"2024-08-21T09:30:25","guid":{"rendered":"https:\/\/talasidunava.rs\/?p=5510"},"modified":"2024-08-21T10:30:25","modified_gmt":"2024-08-21T09:30:25","slug":"predsednik-saveza-penzionera-srbije-prof-dr-andreja-savic-nasa-snaga-je-u-drzavotvornosti","status":"publish","type":"post","link":"https:\/\/talasidunava.rs\/?p=5510","title":{"rendered":"PREDSEDNIK SAVEZA PENZIONERA SRBIJE PROF. DR ANDREJA SAVI\u0106: \u201eNA\u0160A SNAGA JE U DR\u017dAVOTVORNOSTI\u201c"},"content":{"rendered":"<p>Savez penzionera Srbije ima najve\u0107u institucionalnu mre\u017eu i nejve\u0107u tradiciju , pro\u0161le<br \/>\ngodine obele\u017eili su 77 godina od postojanja.<br \/>\nProf. dr Andreja Savi\u0107 nalazi se na funkciji predsednika najve\u0107e organizacije civilnog<br \/>\ndru\u0161tva ,Saveza penzionera Srbije , punih pet godina. Savez penzionera Srbije ima<br \/>\nvi\u0161edecenijsku tradiciju i predstavlja najve\u0107u organizaciju civilnog dru\u0161tva u Republici<br \/>\nSrbiji , na samom po\u010detku razgovora isti\u010de predsednik ovog udru\u017eenja:<br \/>\n\u201eKada je re\u010d o organizaciji, ovo je krovna organizacija penzionera u Srbiji, zvani\u010dan naziv je<br \/>\nSavez penzionera Srbije, \u010ditav niz karakteristika ga svrtavaju u red<br \/>\nnajreprezentativnijih predstavnika ukupne penzionerske populacije. U Srbiji je prema<br \/>\nposlednjim statistikama 1. 653 .000 penzionera i oni su organizovani u okviru udru\u017eenja<br \/>\npenzionera na nivou op\u0161tina, gradova\u2026 \u201e<br \/>\nInstitucionalna mre\u017ea je ne\u0161to posebno karakteri\u0161e ovu organizaciju jer nijedna<br \/>\norganizacija nevladinog sektora nema tako mo\u0107nu i masovnu institucionalnu mre\u017eu. Prema<br \/>\nadministrativnoj podeli u Republici Srbiji postoji 169 lokalnih samouprava , a u svakoj od<br \/>\nnjih se nalazi posebna organizacija koja u svom nazivu naj\u010de\u0161\u0107e nosi prefiks udru\u017eenje<br \/>\npenzionera. Svaka od tih organizacija je potpisala izjavu o \u010dlanstvu u okviru republi\u010dke<br \/>\norganizacije , tako da je njihova nadle\u017enost u okviru teritrijalne jedinice kojoj pripadaju .<br \/>\n\u201e S obzirom da smo mi pre svega dr\u017eavotvorna organizacija, sve aktivnosti obavljamo na<br \/>\nosnovu koncenzusa tih na\u0161ih \u010dlanica\u201c, isti\u010de predsednik Andreja Savi\u0107 i dodaje:<br \/>\nTako da kada mi imamo socijalni dijalog sa dr\u017eavom , izlazimo sa na\u0161im predlozima oko<br \/>\npove\u0107anja penzija zavisno od rasta zarada i rasta inflacije\u201c<br \/>\nU okviru slo\u017eenijih vidova organizovanja , Udru\u017eenje penzionera Srbije obuhvata Savez<br \/>\npenzionera Vojvodine sa sedi\u0161tem u Novom Sadu kao i savez penzionera Kosova i Metohije<br \/>\nkoji funkcioni\u0161e u okviru ju\u017ene pokrajine. Imaju\u0107i u vidu poseban zna\u010daj Beograda kao<br \/>\nentiteta prestonice i \u010dinjenice da je tu broj penzionera masovan blizu 400 000 penzionera<br \/>\nsa prebivali\u0161tem u glavnom gradu , postoji i Gradska organizacija Beograd .<br \/>\n\u201eDa bi stvar bila kompleksnija i kompletnija sledimo i tu administrativo<br \/>\nteritorijalnu podelu RS na okruge tako da sedi\u0161ta okruga i ta udru\u017eenja koja se nalaze u<br \/>\nsedi\u0161tu okruga formiiraju okru\u017ene odbore, oni nemaju status pravnog lica ali imaju<br \/>\noperativnu sinhronizaciju op\u0161tinskih udru\u017eenja koja pripadaju tom okrugu. \u201e<\/p>\n<p><img decoding=\"async\" src=\"https:\/\/portalskadarlija.rs\/wp-content\/uploads\/2024\/08\/20240815_111150-461x1024.jpg\" \/><\/p>\n<p>Savez penzionera Kosova i Metohije je sa sedi\u0161tem u Severnoj Mitrovici , a od 21 op\u0161tine<br \/>\nsa ve\u0107inskim srpskim stanovni\u0161tvom , u ovo udru\u017eenje uklju\u010deno je 14 op\u0161tina na podru\u010dju<br \/>\nKosova i Metohije.<br \/>\n\u201eOko svih akcija koje mi preduzimamo na teritoriji Republike Srbije podrazumevamo i ovo<br \/>\nudu\u017eenje penzionera i oni funkcioni\u0161u na isti na\u010din kao i druge \u010dlanice Saveza penzinera<br \/>\nSrbije.\u201c<\/p>\n<p>SAVEZ PENZIONERA SRBIJE JE NEVLADINA , NESTRANA\u010cKA I NEDOBITNA ORGANIZACIJA<\/p>\n<p><img decoding=\"async\" src=\"https:\/\/portalskadarlija.rs\/wp-content\/uploads\/2024\/08\/20240815_111201-1-1024x461.jpg\" \/><\/p>\n<p>Savez penzionera Srbije broji vi\u0161e stotina hiljada \u010dlanova , a takav primer u nekim drugim<br \/>\nnevladinim organizacijama ne postoji. Zakon o udru\u017eenjima je vrlo fleksibilan i donet je 2009. godine a na snagu stupio 2011. godine i on dozvoljava da tri osobe mogu registrovati udru\u017eenje<br \/>\nu APRu .<\/p>\n<p>\u201ePrema raspolo\u017eivim podacima u Srbiji je desetina hiljada udru\u017eenja razli\u010ditih<br \/>\nvrsta.Prema na\u0161em statutu na\u0161e \u010dlanice ne mogu biti ona udru\u017eenja penzionera koja su<br \/>\nformirana od strane neke politi\u010dke organizacije. \u201e isti\u010de prof. Savi\u0107 i napominje:<br \/>\n\u201eVa\u017eno je ista\u0107i, i zakon defini\u0161e da su organizacije civilnog dru\u0161tva nestrana\u010dka .<br \/>\nTreba pomenuti da neki privredni subjekti da bi koristili benefite dr\u017eave oko nabavke<br \/>\nnekih resursa za potrebe porodice, govorimo o nabavci ogreva, namirnica , formiraju<br \/>\nudru\u017eenja sa prefiksom ili izrazom koji asocira na penzionere jer onda ostvaruju ve\u0107e<br \/>\nprofite na tr\u017ei\u0161tu, tako da i takva udru\u017eenja za nas nisu prihvatljiva\u201e.<\/p>\n<p>SAVEZ PENZIONERA SRBIJE DELUJE KAO PARTNER REPUBLI\u010cKOG FONDA PENZIJSKO I<br \/>\nINVALIDSKOG OSIGURANjA<\/p>\n<p>&nbsp;<\/p>\n<p>\u201eMi delujemo kao partner klju\u010dne republi\u010dke institucije a to je Republi\u010dki fond<br \/>\npenzijsko i invalidskog osiguranja imamo pravni osnov prema Pravilniku o dru\u0161tvenom<br \/>\nstandardu korisnika penzija na podru\u010dju Republike Srbije i na osnovu takve saradnje nama<br \/>\nsu povereni brojni poslovi .Postoji pet grupa takvih poslova . To su akcije vrlo masovnog<br \/>\nkaraktera koje se svake godine odvijaju.\u201c<br \/>\nPrva takva akcija odnosi se na participaciju u selektiranju i izboru zdravstveno<br \/>\nnajugro\u017eenijih penzionera koje imju prava da koriste besplatan desetodnevni banjski odmor<br \/>\nu Srbiji . U centralnoj Srbiji postoji oko deset RH centara i na podru\u010dju Vojvodine tri. Kako<br \/>\nisti\u010de Savi\u0107 , za penzionere je to zna\u010dajna stimulacija.<br \/>\n\u201eOno \u0161to bih posebno istakao to je da je dr\u017eava u poslednje vreme zna\u010dajno uve\u0107ala<br \/>\nfinansijska sredstva tako da ta sredstva za ovu godinu , govorim o pobolj\u0161anju<br \/>\ndru\u0161tvenog standarda, samo za ovu godinu za banjski oporavak je izdvojeno 1.050.000.000,00 dinara\u201c<br \/>\nDrugi segment aktivnosti koji je poveren Savezu penzionera Srbije je Fond solidarne pomo\u0107i<br \/>\n, podela socijalno humanitarnih paketa \u017eivotnih namirnica i ku\u0107ne hemije materijalno<br \/>\nnajugro\u017eenijim penzionerima. Po odre\u0111enoj proceduri dolazi se do ljudi kojima je ovakav<br \/>\nvid pomo\u0107i najpotrebniji .<br \/>\n\u201e I ovde bih posebno napomenuo da su sredstva uva\u0107ana , dr\u017eava je ove godine za ovakvu<br \/>\npomo\u0107 opredelila oko 111.000.000,00 dinara. Svi penzioneri bez obzira na to u kom delu<br \/>\nSrbije se nalaze dobili su jednoobrazne pakete. Nije bilo razlika i to su na\u0161i penzioneri<br \/>\nzna\u010dajno pozdravljali. Negde oko 60000 je ve\u0107 podenjeno u proeklim mesecima.\u201c<\/p>\n<p>Tre\u0107i segment odnosi se na kulturne i sportsko rekreativne aktivnosti.<br \/>\n\u201eOvakve aktivnosti su duhovna i fizi\u010dka komponenta nadogradnje u skladu sa Strategijom<br \/>\nstarenja i me\u0111ugeneracijske uskla\u0111enosti . To je jedan dokument usvojen krajem pro\u0161le<br \/>\ngodine, a za njega je nadle\u017eno Ministarstvo za rodnu ravnopravnost na \u010delu sa<br \/>\nministarkom Milicom \u0110ur\u0111evi\u0107 Stamenskovski. Ta strategija se odnosi na period<br \/>\n2024.godina do 2030. godine .Na\u0161a organizacija \u0107e imati vrlo zna\u010dajnu ulolgu u<br \/>\nrazmatranju i realizaciji svih dokumenata kji su doneti u paketu sa strategijom.<br \/>\nGovorim o smernicama i preduzimanju brojnih aktivnosti. \u201e<\/p>\n<p>\u201eOLIMPIJADA SPORTA, ZDRAVLjA I KULTURE TRE\u0106EG DOBA\u201c- OVE GODINE SABOR<br \/>\nPENZIONERA SRBIJE<br \/>\nKulturne i sportsko rekreativne aktivnosti sprovode se kroz slogan Olimpijada sporta,<br \/>\nzdravlja i kulture tre\u0107eg doba . Do sada je odr\u017eano 16 takvih manifestacija a ove godine<br \/>\npriprema se za period od 19.9. do 22. 9. u Vrnja\u010dkoj Banji.<br \/>\n\u201eOno \u0161to je zapo\u010deto pre toliko godina podle\u017eno je promenama, te smo u poslednje tri<br \/>\nolimpijade izvr\u0161ili modifikaciju\u201c isti\u010de prof. Savi\u0107 .<\/p>\n<p>KNjI\u017dEVNO I LIKOVNO STVARALA\u0160TVO, PANEL POSVE\u0106EN EKOLOGIJI<br \/>\nOve godine to \u0107e biti Sabor penzionera Srbije 2024. manifestacija koja ima nacionalni<br \/>\nzna\u010daj. Koncept je korigovan time \u0161to postoji period kvalifikacija tako da \u0107e penzioneri iz<br \/>\nsvih 24 okruga na\u0161e zemlje biti zastupljeni na Olimpijadi ili Saboru. Tako da \u0107e svaki<br \/>\nregion u\u010destvovati sa najmanje tri ekipe. U okviru manifestacije planirane su raznovrsne<br \/>\naktivnosti.<br \/>\n\u201eNa\u0161a organizacija svake godine sprovodi konkurse za oblasti knji\u017eevnog stvarala\u0161tva<br \/>\npoezija, novela esej, promocija knjige. U \u017eiriju su istaknuti knji\u017eevnici koji su \u010dlanovi<br \/>\nUdru\u017eenja knji\u017eevnika RS koji vr\u0161e selekciju. Najbolji radovi se uvr\u0161tavaju u zbirku<br \/>\n\u201ePlamenac\u201c. Ovo je idelana prilika da knji\u017eevni stavraoci, amateri, u\u010destvuju na jednbom<br \/>\njavnmom konkursu i da se to publikuje u jedan zbornik.\u201c<br \/>\nLikovno stvarala\u0161tvo je deo Olippijade te \u0107e na finalnoj manifestaciji u Vrnja\u010dkoj Banji<br \/>\nbiti odr\u017eana Likovna kolonija , izlo\u017eba slika i ikona iz prethodne godine.<br \/>\n\u201eU na\u0161im redovima imamo zna\u010dajan broj veterana, penzioneri koji su veoma aktivni u<br \/>\nekolo\u0161koj sferi i mogu da ka\u017eem na terenu imamo veoma aktivna udru\u017eenja kao \u0161to je<br \/>\nUdru\u017eenje penzionera iz Novog Pazara, Kragujevca, Ni\u0161a. Tako da je u okviru Olimpijade u<br \/>\nplanu panel posve\u0107en ekologiji. \u201e<br \/>\nRekreativne discipline koje su primerene starosnoj dobi penzionera sastavni su deo<br \/>\novogodi\u0161nje Olimpijade : \u0161tafeta u brzom hodanju na 40 m , ubacivanje lopte u ko\u0161,<br \/>\n\u0161utiranje na goli\u0107e sa 10m, \u0161ah i peta disciplina pikado. S obzirom da je va\u017eno ista\u0107i<br \/>\nzdravstvenu komponentu vr\u0161i\u0107e se provere zdravlja u\u010desnika.<\/p>\n<p>\u201e\u0160VAJCARSKA FORMULA PLUS\u201c<br \/>\n\u201eNa\u0161i penzioneri u ogomnom broju po\u0161tuju dr\u017eavu oni su stvarali ovu dr\u017eavu i dr\u017eava<br \/>\nmo\u017ee ra\u010dunati na njih\u201c<\/p>\n<p>Zajedno sa svojim strate\u0161im partnerima, Savezom samostalnih sindikata Srbije i<br \/>\nSindikatom penzionera Nezavisnost , Savezom penzionera Srbije sara\u0111uje u pitanjima koja<br \/>\nse odnose na korekcije penzija. Da stvar bude jasnija, zakonski osnov je donet i poslednjih<br \/>\ngodina uskla\u0111ivanje penzija sa platama i inflacijom se odvija prema \u201e\u0161vajcarskoj formuli<br \/>\nplus\u201c.<br \/>\nProf. Savi\u0107 obja\u0161njava u \u010demu je su\u0161tina ove formule: \u201eprose\u010dna penzija treba da bude<br \/>\njednaka polovini rasta zarada prose\u010dne plate plus 50 % polovini rasta inflacija. Ovde<br \/>\niznosim veoma pozitivan stav o odnosu dr\u017eave prema populaciji penzionera. Uprkos<br \/>\nograni\u010davaju\u0107im faktorima dr\u017eava je bila na visini zadatka\u201c nagla\u0161ava Savi\u0107.<\/p>\n","protected":false},"excerpt":{"rendered":"<p>Savez penzionera Srbije ima najve\u0107u institucionalnu mre\u017eu i nejve\u0107u tradiciju , pro\u0161le godine obele\u017eili su 77 godina od postojanja. Prof. dr Andreja Savi\u0107 nalazi se na funkciji predsednika najve\u0107e organizacije civilnog dru\u0161tva ,Saveza penzionera Srbije , punih pet godina. Savez penzionera Srbije ima vi\u0161edecenijsku tradiciju i predstavlja najve\u0107u organizaciju civilnog dru\u0161tva u Republici Srbiji ,<\/p>\n<div class=\"read-more\"><a href=\"https:\/\/talasidunava.rs\/?p=5510\" title=\"Op\u0161irnije\">Op\u0161irnije<\/a><\/div>\n","protected":false},"author":1,"featured_media":5511,"comment_status":"open","ping_status":"open","sticky":false,"template":"","format":"standard","meta":{"footnotes":""},"categories":[3],"tags":[],"class_list":{"0":"post-5510","1":"post","2":"type-post","3":"status-publish","4":"format-standard","5":"has-post-thumbnail","7":"category-vesti"},"jetpack_featured_media_url":"https:\/\/talasidunava.rs\/wp-content\/uploads\/2024\/08\/20240815_111054-1024x461-1.jpg","_links":{"self":[{"href":"https:\/\/talasidunava.rs\/index.php?rest_route=\/wp\/v2\/posts\/5510","targetHints":{"allow":["GET"]}}],"collection":[{"href":"https:\/\/talasidunava.rs\/index.php?rest_route=\/wp\/v2\/posts"}],"about":[{"href":"https:\/\/talasidunava.rs\/index.php?rest_route=\/wp\/v2\/types\/post"}],"author":[{"embeddable":true,"href":"https:\/\/talasidunava.rs\/index.php?rest_route=\/wp\/v2\/users\/1"}],"replies":[{"embeddable":true,"href":"https:\/\/talasidunava.rs\/index.php?rest_route=%2Fwp%2Fv2%2Fcomments&post=5510"}],"version-history":[{"count":1,"href":"https:\/\/talasidunava.rs\/index.php?rest_route=\/wp\/v2\/posts\/5510\/revisions"}],"predecessor-version":[{"id":5512,"href":"https:\/\/talasidunava.rs\/index.php?rest_route=\/wp\/v2\/posts\/5510\/revisions\/5512"}],"wp:featuredmedia":[{"embeddable":true,"href":"https:\/\/talasidunava.rs\/index.php?rest_route=\/wp\/v2\/media\/5511"}],"wp:attachment":[{"href":"https:\/\/talasidunava.rs\/index.php?rest_route=%2Fwp%2Fv2%2Fmedia&parent=5510"}],"wp:term":[{"taxonomy":"category","embeddable":true,"href":"https:\/\/talasidunava.rs\/index.php?rest_route=%2Fwp%2Fv2%2Fcategories&post=5510"},{"taxonomy":"post_tag","embeddable":true,"href":"https:\/\/talasidunava.rs\/index.php?rest_route=%2Fwp%2Fv2%2Ftags&post=5510"}],"curies":[{"name":"wp","href":"https:\/\/api.w.org\/{rel}","templated":true}]}}