{"id":5531,"date":"2024-09-02T09:50:46","date_gmt":"2024-09-02T08:50:46","guid":{"rendered":"https:\/\/talasidunava.rs\/?p=5531"},"modified":"2024-09-06T08:48:53","modified_gmt":"2024-09-06T07:48:53","slug":"cestitka-predsednice-gojkovic-povodom-pocetka-skolske-godin","status":"publish","type":"post","link":"https:\/\/talasidunava.rs\/?p=5531","title":{"rendered":"\u010cestitka predsednice Gojkovi\u0107 povodom po\u010detka \u0161kolske godine"},"content":{"rendered":"<p>Predsednica Pokrajinske vlade Maja Gojkovi\u0107 \u010destitala je danas po\u010detak nove \u0161kolske godine prvacima, svim \u0111acima i prosvetnim radnicima.<\/p>\n<p>\u201ePrvi septembar jedan je od va\u017enijih datuma svakog u\u010denika, roditelja i prosvetnog radnika. U ime Pokrajinske vlade i svoje li\u010dno ime \u010destitam vam polazak u \u0161kolu i \u017eelim vam uspe\u0161nu i sre\u0107nu novu \u0161kolsku godinu. \u0160kole su va\u017ena mesta ne samo za sticanje obrazovanja, ve\u0107 i za drugarstvo, i mesto su da poka\u017eete svoje najlep\u0161e emocije. Neka ovo \u017eivotno poglavalje ostane u lepom se\u0107anju i za vas i za va\u0161e porodice\u201c, izjavila je predsednica Gojkovi\u0107.<\/p>\n<p>Posebne \u010destitke upu\u0107ujem \u0111acima prvacima. Ovo je poseban dan za vas i va\u0161e porodice, jer po\u010dinjete novo poglavlje u \u017eivotu. Verujem da \u0107ete brzo prihvatiti nove obaveze i da \u0107ete se radovati u\u010denju i dru\u017eenju.<\/p>\n<p>Predsednica Gojkovi\u0107 je istakla da je ulaganje u obrazovanje klju\u010d prosperiteta jednog dru\u0161tva, i od vitalnog je zna\u010daja za stvaranje boljih uslova za razvoj budu\u0107ih generacija.<\/p>\n<p>\u201ePokrajinska vlada \u0107e i u novom mandatu, dosledno podr\u017eavati unapre\u0111ivanje obrazovanja, s ciljem da nastavnici, u\u010denici i njihovi roditelji u Vojvodini imaju sve bolje mogu\u0107nosti i uslove za u\u010denje i rad\u201c, naglasila je Gojkovi\u0107eva podsetiv\u0161i da je polovinom ove godine dodenjeno 186 miliona dinara za rekonstrukciju, adaptaciju, sanaciju i odr\u017eavanje \u0161kolskih objekata \u0161irom Vojvodine.<\/p>\n<p>Ula\u017ee se, podsetila je Gojkovi\u0107eva u izgradnju novih \u0161kola, ali i izgradnju i obnovu sportskih terena i \u0161kolskih igrali\u0161ta, kako bi se na\u0161im najmla\u0111ima obezbedili svi uslovi za zdravo i bezbedno odrastanje.<\/p>\n<p>Samo od 2021. godine, Pokrajinska vlada u oblast obrazovanja za investicije i opremanje ulo\u017eila je dve milijarde dinara.<\/p>\n","protected":false},"excerpt":{"rendered":"<p>Predsednica Pokrajinske vlade Maja Gojkovi\u0107 \u010destitala je danas po\u010detak nove \u0161kolske godine prvacima, svim \u0111acima i prosvetnim radnicima. \u201ePrvi septembar jedan je od va\u017enijih datuma svakog u\u010denika, roditelja i prosvetnog radnika. U ime Pokrajinske vlade i svoje li\u010dno ime \u010destitam vam polazak u \u0161kolu i \u017eelim vam uspe\u0161nu i sre\u0107nu novu \u0161kolsku godinu. \u0160kole su<\/p>\n<div class=\"read-more\"><a href=\"https:\/\/talasidunava.rs\/?p=5531\" title=\"Op\u0161irnije\">Op\u0161irnije<\/a><\/div>\n","protected":false},"author":1,"featured_media":5532,"comment_status":"open","ping_status":"open","sticky":false,"template":"","format":"standard","meta":{"footnotes":""},"categories":[3],"tags":[],"class_list":{"0":"post-5531","1":"post","2":"type-post","3":"status-publish","4":"format-standard","5":"has-post-thumbnail","7":"category-vesti"},"jetpack_featured_media_url":"https:\/\/talasidunava.rs\/wp-content\/uploads\/2024\/09\/Pocetak-skolske-godine.jpg","_links":{"self":[{"href":"https:\/\/talasidunava.rs\/index.php?rest_route=\/wp\/v2\/posts\/5531","targetHints":{"allow":["GET"]}}],"collection":[{"href":"https:\/\/talasidunava.rs\/index.php?rest_route=\/wp\/v2\/posts"}],"about":[{"href":"https:\/\/talasidunava.rs\/index.php?rest_route=\/wp\/v2\/types\/post"}],"author":[{"embeddable":true,"href":"https:\/\/talasidunava.rs\/index.php?rest_route=\/wp\/v2\/users\/1"}],"replies":[{"embeddable":true,"href":"https:\/\/talasidunava.rs\/index.php?rest_route=%2Fwp%2Fv2%2Fcomments&post=5531"}],"version-history":[{"count":2,"href":"https:\/\/talasidunava.rs\/index.php?rest_route=\/wp\/v2\/posts\/5531\/revisions"}],"predecessor-version":[{"id":5542,"href":"https:\/\/talasidunava.rs\/index.php?rest_route=\/wp\/v2\/posts\/5531\/revisions\/5542"}],"wp:featuredmedia":[{"embeddable":true,"href":"https:\/\/talasidunava.rs\/index.php?rest_route=\/wp\/v2\/media\/5532"}],"wp:attachment":[{"href":"https:\/\/talasidunava.rs\/index.php?rest_route=%2Fwp%2Fv2%2Fmedia&parent=5531"}],"wp:term":[{"taxonomy":"category","embeddable":true,"href":"https:\/\/talasidunava.rs\/index.php?rest_route=%2Fwp%2Fv2%2Fcategories&post=5531"},{"taxonomy":"post_tag","embeddable":true,"href":"https:\/\/talasidunava.rs\/index.php?rest_route=%2Fwp%2Fv2%2Ftags&post=5531"}],"curies":[{"name":"wp","href":"https:\/\/api.w.org\/{rel}","templated":true}]}}