{"id":5970,"date":"2024-11-01T13:37:06","date_gmt":"2024-11-01T12:37:06","guid":{"rendered":"https:\/\/talasidunava.rs\/?p=5970"},"modified":"2024-11-01T13:38:24","modified_gmt":"2024-11-01T12:38:24","slug":"danas-je-potpisan-protokol-o-saradnji-na-realizaciji-16-ciklusa-programa-za-cistije-i-zelenije-skole-u-vojvodini","status":"publish","type":"post","link":"https:\/\/talasidunava.rs\/?p=5970","title":{"rendered":"Danas je potpisan protokol o saradnji na realizaciji 16. ciklusa programa \u201eZa \u010distije i zelenije \u0161kole u Vojvodini\u201c."},"content":{"rendered":"<p>Protokol su potpisali Pokrajinski sekretarijat za obrazovanje, propise, upravu i nacionalne manjine \u2013 nacionalne zajednice, Pokrajinski sekretarijat za urbanizam i za\u0161titu \u017eivotne sredine, Pokrajinski sekretarijat za energetiku, gra\u0111evinarstvo i saobra\u0107aj, Pokrajinski sekretarijat za poljoprivredu, vodoprivredu i \u0161umarstvo, Pokrajinski sekretarijat za privredu i turizam, Gradska uprava za za\u0161titu \u017eivotne sredine Grada Novog Sada, JP \u201eVojvodina\u0161ume\u201c i Pokret gorana Vojvodine, koji su bili i dosada\u0161nji partneri na ovom projektu.<\/p>\n<p>Ispred Pokrajinskog sekretarijata za urbanizam i za\u0161titu \u017eivotne sredine, koji je koordinator programa, obratila se podsekretarka Brankica Tabak, koja je istakla rast ovog projekta kroz prethodne godine, kao i nagrade za u\u010denike.<\/p>\n<p>\u201eDana\u0161njim potpisivanjem se obavezujemo da \u0107emo zajedni\u010dki finansirati nagrade, odnosno izlete u za\u0161ti\u0107enim podru\u010djima. Nagrade su, kao i prethodnih godina, izleti u za\u0161ti\u0107enim podru\u010djima kojima upravlja JP \u2018Vojvodina\u0161ume\u2019 i izleti u realizaciji Pokreta gorana Vojvodine, \u0161to podrazumeva boravak u Specijalnom rezervatu prirode \u2018Koviljsko-petrovaradinski rit\u2019 i obilazak Sremskih Karlovaca, kako turisti\u010dki, tako i kroz ekolo\u0161ke radionice\u201c, izjavila je podsekretarka Tabak.<\/p>\n<p>Ona je navela da kroz ovaj program vaspitno-obrazovne ustanove sa teritorije AP Vojvodine imaju priliku da prika\u017eu sve \u0161to rade tokom \u0161kolske godine u oblasti za\u0161tite \u017eivotne sredine.<\/p>\n<p>\u201eNa ovaj na\u010din mogu da prika\u017eu svoje aktivnosti, po\u010dev\u0161i od pred\u0161kolskog uzrasta pa sve zaklju\u010dno sa srednjim \u0161kolama\u201c, rekla je podsekretarka i podsetila na to da je ove godine ostvarena saradnja i sa jedinicama lokalnih samouprava kako bi se udru\u017eenim sredstvima mogle podr\u017eati sve ustanove koje nastoje da za\u0161tite svoje okru\u017eenje.<\/p>\n<p>Program \u201eZa \u010distije i zelenije \u0161kole u Vojvodini\u201c nastao je sa ciljem da se podigne svest i li\u010dna odgovornost za brigu o \u017eivotnoj sredini u vaspitno-obrazovnim ustanovama i lokalnim zajednicama na teritoriji AP Vojvodine kroz aktivnosti poput edukativnih i kreativnih radionica, ure\u0111enje i ozelenjavanje ustanova, prikupljanje sekundarnih sirovina, uvo\u0111enje novih vidova ekolo\u0161ke edukacije, kao i novih metoda u\u010denja u oblasti za\u0161tite \u017eivotne sredine.<\/p>\n","protected":false},"excerpt":{"rendered":"<p>Protokol su potpisali Pokrajinski sekretarijat za obrazovanje, propise, upravu i nacionalne manjine \u2013 nacionalne zajednice, Pokrajinski sekretarijat za urbanizam i za\u0161titu \u017eivotne sredine, Pokrajinski sekretarijat za energetiku, gra\u0111evinarstvo i saobra\u0107aj, Pokrajinski sekretarijat za poljoprivredu, vodoprivredu i \u0161umarstvo, Pokrajinski sekretarijat za privredu i turizam, Gradska uprava za za\u0161titu \u017eivotne sredine Grada Novog Sada, JP \u201eVojvodina\u0161ume\u201c i<\/p>\n<div class=\"read-more\"><a href=\"https:\/\/talasidunava.rs\/?p=5970\" title=\"Op\u0161irnije\">Op\u0161irnije<\/a><\/div>\n","protected":false},"author":1,"featured_media":5971,"comment_status":"open","ping_status":"open","sticky":false,"template":"","format":"standard","meta":{"footnotes":""},"categories":[3],"tags":[],"class_list":{"0":"post-5970","1":"post","2":"type-post","3":"status-publish","4":"format-standard","5":"has-post-thumbnail","7":"category-vesti"},"jetpack_featured_media_url":"https:\/\/talasidunava.rs\/wp-content\/uploads\/2024\/11\/Za-cistije-i-zelenije-skole-u-Vojvodini-09.jpg","_links":{"self":[{"href":"https:\/\/talasidunava.rs\/index.php?rest_route=\/wp\/v2\/posts\/5970","targetHints":{"allow":["GET"]}}],"collection":[{"href":"https:\/\/talasidunava.rs\/index.php?rest_route=\/wp\/v2\/posts"}],"about":[{"href":"https:\/\/talasidunava.rs\/index.php?rest_route=\/wp\/v2\/types\/post"}],"author":[{"embeddable":true,"href":"https:\/\/talasidunava.rs\/index.php?rest_route=\/wp\/v2\/users\/1"}],"replies":[{"embeddable":true,"href":"https:\/\/talasidunava.rs\/index.php?rest_route=%2Fwp%2Fv2%2Fcomments&post=5970"}],"version-history":[{"count":1,"href":"https:\/\/talasidunava.rs\/index.php?rest_route=\/wp\/v2\/posts\/5970\/revisions"}],"predecessor-version":[{"id":5972,"href":"https:\/\/talasidunava.rs\/index.php?rest_route=\/wp\/v2\/posts\/5970\/revisions\/5972"}],"wp:featuredmedia":[{"embeddable":true,"href":"https:\/\/talasidunava.rs\/index.php?rest_route=\/wp\/v2\/media\/5971"}],"wp:attachment":[{"href":"https:\/\/talasidunava.rs\/index.php?rest_route=%2Fwp%2Fv2%2Fmedia&parent=5970"}],"wp:term":[{"taxonomy":"category","embeddable":true,"href":"https:\/\/talasidunava.rs\/index.php?rest_route=%2Fwp%2Fv2%2Fcategories&post=5970"},{"taxonomy":"post_tag","embeddable":true,"href":"https:\/\/talasidunava.rs\/index.php?rest_route=%2Fwp%2Fv2%2Ftags&post=5970"}],"curies":[{"name":"wp","href":"https:\/\/api.w.org\/{rel}","templated":true}]}}