{"id":6184,"date":"2024-12-24T16:04:40","date_gmt":"2024-12-24T15:04:40","guid":{"rendered":"https:\/\/talasidunava.rs\/?p=6184"},"modified":"2024-12-24T16:04:40","modified_gmt":"2024-12-24T15:04:40","slug":"cestitka-predsednice-gojkovic-vernicima-koji-bozic-slave-po-gregorijanskom-kalendaru","status":"publish","type":"post","link":"https:\/\/talasidunava.rs\/?p=6184","title":{"rendered":"\u010cestitka predsednice Gojkovi\u0107 vernicima koji Bo\u017ei\u0107 slave po gregorijanskom kalendaru"},"content":{"rendered":"<div class=\"news-single_main\">\n<div class=\"jsx-3734709700\">\n<div class=\"jsx-3734709700 single-page-content \">\n<div class=\"wp-content-wrapper undefined\">\n<p>Predsednica Pokrajinske vlade Maja Gojkovi\u0107 \u010destitala je danas Bo\u017ei\u0107 beogradskom nadbiskupu i mitropolitu, kardinalu Ladislavu Nemetu, sve\u0161tenstvu i vernicima koji ovaj najradosniji hri\u0161\u0107anski praznik slave po gregorijanskom kalendaru.<\/p>\n<p>\u201eU ime Pokrajinske vlade i svoje ime, upu\u0107ujem vam srda\u010dne \u010destitke povodom Bo\u017ei\u0107a. Neka ovaj praznik donese radost va\u0161im domovima, osna\u017ei porodice i unese svetlost nade i uzajamne vere. Praznici su prilika da se iznova podsetimo na zna\u010daj me\u0111usobnog po\u0161tovanja i vrednosti koje nas ujedinjuju i ja\u010daju na\u0161u zajednicu.<\/p>\n<p>\u017delim vam da ovaj praznik provedete u zdravlju i blagostanju, okru\u017eeni svojim najmilijima i osna\u017eeni sa verom u bolje sutra\u201c.<\/p>\n<\/div>\n<\/div>\n<\/div>\n<\/div>\n<div class=\"news-gallery-section\">\n<div><\/div>\n<\/div>\n<div class=\"news-single_links\"><\/div>\n","protected":false},"excerpt":{"rendered":"<p>Predsednica Pokrajinske vlade Maja Gojkovi\u0107 \u010destitala je danas Bo\u017ei\u0107 beogradskom nadbiskupu i mitropolitu, kardinalu Ladislavu Nemetu, sve\u0161tenstvu i vernicima koji ovaj najradosniji hri\u0161\u0107anski praznik slave po gregorijanskom kalendaru. \u201eU ime Pokrajinske vlade i svoje ime, upu\u0107ujem vam srda\u010dne \u010destitke povodom Bo\u017ei\u0107a. Neka ovaj praznik donese radost va\u0161im domovima, osna\u017ei porodice i unese svetlost nade i<\/p>\n<div class=\"read-more\"><a href=\"https:\/\/talasidunava.rs\/?p=6184\" title=\"Op\u0161irnije\">Op\u0161irnije<\/a><\/div>\n","protected":false},"author":1,"featured_media":5419,"comment_status":"open","ping_status":"open","sticky":false,"template":"","format":"standard","meta":{"footnotes":""},"categories":[3],"tags":[],"class_list":{"0":"post-6184","1":"post","2":"type-post","3":"status-publish","4":"format-standard","5":"has-post-thumbnail","7":"category-vesti"},"jetpack_featured_media_url":"https:\/\/talasidunava.rs\/wp-content\/uploads\/2024\/08\/IMG_5655-scaled.jpeg","_links":{"self":[{"href":"https:\/\/talasidunava.rs\/index.php?rest_route=\/wp\/v2\/posts\/6184","targetHints":{"allow":["GET"]}}],"collection":[{"href":"https:\/\/talasidunava.rs\/index.php?rest_route=\/wp\/v2\/posts"}],"about":[{"href":"https:\/\/talasidunava.rs\/index.php?rest_route=\/wp\/v2\/types\/post"}],"author":[{"embeddable":true,"href":"https:\/\/talasidunava.rs\/index.php?rest_route=\/wp\/v2\/users\/1"}],"replies":[{"embeddable":true,"href":"https:\/\/talasidunava.rs\/index.php?rest_route=%2Fwp%2Fv2%2Fcomments&post=6184"}],"version-history":[{"count":1,"href":"https:\/\/talasidunava.rs\/index.php?rest_route=\/wp\/v2\/posts\/6184\/revisions"}],"predecessor-version":[{"id":6185,"href":"https:\/\/talasidunava.rs\/index.php?rest_route=\/wp\/v2\/posts\/6184\/revisions\/6185"}],"wp:featuredmedia":[{"embeddable":true,"href":"https:\/\/talasidunava.rs\/index.php?rest_route=\/wp\/v2\/media\/5419"}],"wp:attachment":[{"href":"https:\/\/talasidunava.rs\/index.php?rest_route=%2Fwp%2Fv2%2Fmedia&parent=6184"}],"wp:term":[{"taxonomy":"category","embeddable":true,"href":"https:\/\/talasidunava.rs\/index.php?rest_route=%2Fwp%2Fv2%2Fcategories&post=6184"},{"taxonomy":"post_tag","embeddable":true,"href":"https:\/\/talasidunava.rs\/index.php?rest_route=%2Fwp%2Fv2%2Ftags&post=6184"}],"curies":[{"name":"wp","href":"https:\/\/api.w.org\/{rel}","templated":true}]}}