{"id":6407,"date":"2025-02-16T23:15:49","date_gmt":"2025-02-16T22:15:49","guid":{"rendered":"https:\/\/talasidunava.rs\/?p=6407"},"modified":"2025-02-16T23:15:49","modified_gmt":"2025-02-16T22:15:49","slug":"rab-srbija-obelezio-rodjendan-i-svetski-dan-radija","status":"publish","type":"post","link":"https:\/\/talasidunava.rs\/?p=6407","title":{"rendered":"RAB SRBIJA obele\u017eio ro\u0111endan i Svetski dan radija"},"content":{"rendered":"<p>RAB SRBIJA obele\u017eio je Svetski dan radija, 13. februar u beogradskom IN hotelu, a ujedno i 16 godina postojanja. Tradicionalno su dodeljene nagrade VRABAC za najbolje radijske reklame i d\u017einglove, kao i priznanje ,,Radijski prijatelj godine\u201c Brankici Jankovi\u0107, poverenici za za\u0161titu ravnopravnosti.<\/p>\n<p>-Radio u Srbiji postoji vi\u0161e od jednog veka i to je medij \u010dija snaga samo raste sa godinama i novim tehnologijama. Da podsetim, kada se pojavila televizija a posebno internet, svi su radiju predvi\u0111ali pad slu\u0161anosti\u2026 Me\u0111utim, on je uspeo da iskoristi pojavu novih tehnologija, da se nadgradi sa pojavom interneta i da danas bude slu\u0161an u svakom delu svetu. To je i medij koji je uvek uz svoje slu\u0161aoce \u2013 u kolima, na poslu, kod ku\u0107e\u2026 i oni mu i najvi\u0161e veruju. Udru\u017eenje RAB SRBIJA na \u010dijem sam \u010delu punih 16 godina je i nastalo s ciljem da osna\u017ei radio, da ujedini i okupi lokalne i regionalne radio-stanice Srbije, kako bismo zajedno, uz konstantnu edukaciju i savetovanje, podigli nivo radija i u tome smo uspeli. Moram da ka\u017eem i da sam veoma ponosna na to \u0161to je RAB SRBIJA prepoznato i van okvira na\u0161e zemlje kao visoko profesionalno udru\u017eenje, tako da na\u0161i \u010dlanovi u\u010destvuju u svim relevantnim medijskim radnim telima i u kreiranju i dono\u0161enju odluka koje su od zna\u010daja i za medijsku scenu i za budu\u0107nost radija kao medija \u2013 izjavila je Maja Rakovic, predsednica RAB SRBIJA.<\/p>\n<p>&nbsp;<\/p>\n<p>Svetski dan radija najve\u0107e regionalno Udru\u017eenje radio-stanica RAB SRBIJA obele\u017eio je velikom promocijom radija kao medija. Preko 170 \u010dlanica ovog udru\u017eenja pu\u0161talo je d\u017eingl koji slavi radio kao medij, a u svojim programima govorili su o radiju i o toj posebnoj i neraskidivoj vezi izme\u0111u radija i slu\u0161alaca.<\/p>\n<p>Ina\u010de, RAB SRBIJA je i ponosni partner Radiosays Europe, koji \u0107e ove godine biti odr\u017eani u martu u Atini.<\/p>\n","protected":false},"excerpt":{"rendered":"<p>RAB SRBIJA obele\u017eio je Svetski dan radija, 13. februar u beogradskom IN hotelu, a ujedno i 16 godina postojanja. Tradicionalno su dodeljene nagrade VRABAC za najbolje radijske reklame i d\u017einglove, kao i priznanje ,,Radijski prijatelj godine\u201c Brankici Jankovi\u0107, poverenici za za\u0161titu ravnopravnosti. -Radio u Srbiji postoji vi\u0161e od jednog veka i to je medij \u010dija<\/p>\n<div class=\"read-more\"><a href=\"https:\/\/talasidunava.rs\/?p=6407\" title=\"Op\u0161irnije\">Op\u0161irnije<\/a><\/div>\n","protected":false},"author":1,"featured_media":6408,"comment_status":"open","ping_status":"open","sticky":false,"template":"","format":"standard","meta":{"footnotes":""},"categories":[3],"tags":[],"class_list":{"0":"post-6407","1":"post","2":"type-post","3":"status-publish","4":"format-standard","5":"has-post-thumbnail","7":"category-vesti"},"jetpack_featured_media_url":"https:\/\/talasidunava.rs\/wp-content\/uploads\/2025\/02\/479490289_18447221257073662_5662568099093366108_n.jpg","_links":{"self":[{"href":"https:\/\/talasidunava.rs\/index.php?rest_route=\/wp\/v2\/posts\/6407","targetHints":{"allow":["GET"]}}],"collection":[{"href":"https:\/\/talasidunava.rs\/index.php?rest_route=\/wp\/v2\/posts"}],"about":[{"href":"https:\/\/talasidunava.rs\/index.php?rest_route=\/wp\/v2\/types\/post"}],"author":[{"embeddable":true,"href":"https:\/\/talasidunava.rs\/index.php?rest_route=\/wp\/v2\/users\/1"}],"replies":[{"embeddable":true,"href":"https:\/\/talasidunava.rs\/index.php?rest_route=%2Fwp%2Fv2%2Fcomments&post=6407"}],"version-history":[{"count":1,"href":"https:\/\/talasidunava.rs\/index.php?rest_route=\/wp\/v2\/posts\/6407\/revisions"}],"predecessor-version":[{"id":6409,"href":"https:\/\/talasidunava.rs\/index.php?rest_route=\/wp\/v2\/posts\/6407\/revisions\/6409"}],"wp:featuredmedia":[{"embeddable":true,"href":"https:\/\/talasidunava.rs\/index.php?rest_route=\/wp\/v2\/media\/6408"}],"wp:attachment":[{"href":"https:\/\/talasidunava.rs\/index.php?rest_route=%2Fwp%2Fv2%2Fmedia&parent=6407"}],"wp:term":[{"taxonomy":"category","embeddable":true,"href":"https:\/\/talasidunava.rs\/index.php?rest_route=%2Fwp%2Fv2%2Fcategories&post=6407"},{"taxonomy":"post_tag","embeddable":true,"href":"https:\/\/talasidunava.rs\/index.php?rest_route=%2Fwp%2Fv2%2Ftags&post=6407"}],"curies":[{"name":"wp","href":"https:\/\/api.w.org\/{rel}","templated":true}]}}