{"id":6513,"date":"2025-03-17T12:06:26","date_gmt":"2025-03-17T11:06:26","guid":{"rendered":"https:\/\/talasidunava.rs\/?p=6513"},"modified":"2025-03-17T12:06:26","modified_gmt":"2025-03-17T11:06:26","slug":"vlada-srbije-donela-odluku-da-18-mart-bude-dan-zalosti-zbog-tragedije-u-severnoj-makedoniji","status":"publish","type":"post","link":"https:\/\/talasidunava.rs\/?p=6513","title":{"rendered":"Vlada Srbije donela odluku da 18. mart bude dan \u017ealosti zbog tragedije u Severnoj Makedoniji"},"content":{"rendered":"<p class=\"single-news-short-description\">Vlada Republike Srbije danas je jednoglasno donela odluku da se utorak, 18. mart proglasi danom \u017ealosti u Republici Srbiji, zbog tragedije u Severnoj Makedoniji.<\/p>\n<p>U po\u017earu u diskoteci \u201ePuls\u201c u Ko\u010danima, koji je izbio jutros u tri sata nakon pono\u0107i tokom koncerta, prema poslednjim informacijama koje je saop\u0161tio ministar unutra\u0161njih poslova Severne Makedonije Pan\u010de To\u0161kovski, poginula je 51 osoba, a povre\u0111eno je vi\u0161e od 100 ljudi.<\/p>\n","protected":false},"excerpt":{"rendered":"<p>Vlada Republike Srbije danas je jednoglasno donela odluku da se utorak, 18. mart proglasi danom \u017ealosti u Republici Srbiji, zbog tragedije u Severnoj Makedoniji. U po\u017earu u diskoteci \u201ePuls\u201c u Ko\u010danima, koji je izbio jutros u tri sata nakon pono\u0107i tokom koncerta, prema poslednjim informacijama koje je saop\u0161tio ministar unutra\u0161njih poslova Severne Makedonije Pan\u010de To\u0161kovski,<\/p>\n<div class=\"read-more\"><a href=\"https:\/\/talasidunava.rs\/?p=6513\" title=\"Op\u0161irnije\">Op\u0161irnije<\/a><\/div>\n","protected":false},"author":1,"featured_media":5991,"comment_status":"open","ping_status":"open","sticky":false,"template":"","format":"standard","meta":{"footnotes":""},"categories":[3],"tags":[],"class_list":{"0":"post-6513","1":"post","2":"type-post","3":"status-publish","4":"format-standard","5":"has-post-thumbnail","7":"category-vesti"},"jetpack_featured_media_url":"https:\/\/talasidunava.rs\/wp-content\/uploads\/2024\/11\/78e51a7fd7d5589cba62.jpeg","_links":{"self":[{"href":"https:\/\/talasidunava.rs\/index.php?rest_route=\/wp\/v2\/posts\/6513","targetHints":{"allow":["GET"]}}],"collection":[{"href":"https:\/\/talasidunava.rs\/index.php?rest_route=\/wp\/v2\/posts"}],"about":[{"href":"https:\/\/talasidunava.rs\/index.php?rest_route=\/wp\/v2\/types\/post"}],"author":[{"embeddable":true,"href":"https:\/\/talasidunava.rs\/index.php?rest_route=\/wp\/v2\/users\/1"}],"replies":[{"embeddable":true,"href":"https:\/\/talasidunava.rs\/index.php?rest_route=%2Fwp%2Fv2%2Fcomments&post=6513"}],"version-history":[{"count":1,"href":"https:\/\/talasidunava.rs\/index.php?rest_route=\/wp\/v2\/posts\/6513\/revisions"}],"predecessor-version":[{"id":6514,"href":"https:\/\/talasidunava.rs\/index.php?rest_route=\/wp\/v2\/posts\/6513\/revisions\/6514"}],"wp:featuredmedia":[{"embeddable":true,"href":"https:\/\/talasidunava.rs\/index.php?rest_route=\/wp\/v2\/media\/5991"}],"wp:attachment":[{"href":"https:\/\/talasidunava.rs\/index.php?rest_route=%2Fwp%2Fv2%2Fmedia&parent=6513"}],"wp:term":[{"taxonomy":"category","embeddable":true,"href":"https:\/\/talasidunava.rs\/index.php?rest_route=%2Fwp%2Fv2%2Fcategories&post=6513"},{"taxonomy":"post_tag","embeddable":true,"href":"https:\/\/talasidunava.rs\/index.php?rest_route=%2Fwp%2Fv2%2Ftags&post=6513"}],"curies":[{"name":"wp","href":"https:\/\/api.w.org\/{rel}","templated":true}]}}