{"id":6709,"date":"2025-04-07T21:32:54","date_gmt":"2025-04-07T20:32:54","guid":{"rendered":"https:\/\/talasidunava.rs\/?p=6709"},"modified":"2025-04-07T22:03:30","modified_gmt":"2025-04-07T21:03:30","slug":"ministar-ristic-potrebno-je-da-budemo-uz-svoju-srbiju-i-jedni-uz-druge-za-narod-i-drzavu","status":"publish","type":"post","link":"https:\/\/talasidunava.rs\/?p=6709","title":{"rendered":"Ministar Risti\u0107: ,,POTREBNO JE DA BUDEMO UZ SVOJU SRBIJU I JEDNI UZ DRUGE, ZA NAROD I DR\u017dAVU\u201c"},"content":{"rendered":"<p>,,Nema nikakve dileme da u ovo na\u0161e vreme svedo\u010dimo poku\u0161aj sprovo\u0111enja obojene revolucije u Srbiji. Ona je, po svim svojim pojavnim oblicima, temeljno i dugo pripremana. U njenu realizaciju ulo\u017eena su ogromna sredstva, logistika i mnogo toga drugog \u0161to predstavlja determini\u0161u\u0107e karakteristike poku\u0161aja sofisticirane nedemokratske i protivpravne promene vlasti\u201c, izjavio je, pored ostalog, ministar informisanja i telekomunikacija g. Dejan Risti\u0107 u intervjuu za dana\u0161nje izdanje lista ,,Srpski telegraf\u201c.<\/p>\n<p>&nbsp;<\/p>\n<p>Na pitanje da li mo\u017eemo biti sigurni da je u pitanju poku\u0161aj obojene revolucije i na koji na\u010din se ona prepoznaje, ministar je istakao to da je potpuno jasno to da svedo\u010dimo poku\u0161aju obojene revolucije, \u010dije se sprovo\u0111enje poku\u0161ava u na\u0161oj zemlji.<\/p>\n<p>&nbsp;<\/p>\n<p>&nbsp;<\/p>\n<p>,,Scenario je u svojoj osnovi nastao izvan granica Srbije, ali je u njeno koncipiranje bio uklju\u010den i deo pojedinaca anga\u017eovanih u odre\u0111enim strukturama, organizacijama civilnog sektora, neformalnim grupama, medijima, ali i ustanovama u na\u0161oj zemlji. Slo\u017eena mre\u017ea i na\u010din delovanja svih onih koji rukovode i u\u010destvuju u sprovo\u0111enju obojene revolucije svedo\u010di o njihovoj nameri da, ne samo na nedemokratski i protivpravan na\u010din promene vlast, ve\u0107 i da u potpunosti uru\u0161e i oslabe na\u0161u otad\u017ebinu, a sve to pod licemernim izgovorom komemorisanja nedu\u017enih \u017ertava novosadske tragedije \u010diju uspomenu brutalno zloupotrebljavaju i njome manipuli\u0161u\u201c, istakao je ministar.<\/p>\n<p>&nbsp;<\/p>\n<p>Komentari\u0161u\u0107i prave, neskrivene namere i cilj obojene revolucije, ministar je ukazao na to da ,,O njihovim pravim namerama svedo\u010de brojni primeri poput masovnih i na momente histeri\u010dnih slavlja i izliva radosti tokom protesta kojim odaju po\u010dast nedu\u017enim \u017ertvama novosadske tragedije, brojni \u010dinovi nasilja od kojih je lin\u010d koji su nedavno nad mirnim gra\u0111anima Ni\u0161a sproveli apsolutno zastra\u0161uju\u0107i\u2026 Iako se neve\u0161to kriju iza floskule o mirnom i demokratskim protestima, njihove aktivnosti to nikako nisu. One u sebi sadr\u017ee mnogobrojna kr\u0161enja Ustava, zakona i me\u0111unarodnih normi. Blokade obrazovnih ustanova, saobra\u0107ajnica, javnih povr\u0161ina, poku\u0161aji upada u dr\u017eavna nadle\u0161tva, nasilje, poku\u0161aji naru\u0161avanja ustavnog poretka, diskriminacija, javno bla\u0107enje i nipoda\u0161tavanje neistomi\u0161ljenika ukazuju na pravi karakter nedemokratskih i nasilnih aktivnosti onih koji sprovode obojenu revoluciju. Jer, \u0161ta je to, na primer, mirno i demokratski u tome \u0161to fizi\u010dki, uz brojne incidente i nepo\u010dinstva, spre\u010davate decu da poha\u0111aju nastavu \u010dime im uskra\u0107ujete ustavno pravo na obrazovanje i vaspitanje\u201c, ukazao je ministar.<\/p>\n<p>&nbsp;<\/p>\n<p>&nbsp;<\/p>\n<p>Na pitanje kakve \u0107e posledice blokade osnovnih i srednjih \u0161kola i fakulteta ostaviti, ministar je ukazao na to da \u0107e ,,Scene verbalnog i svakovrsnog drugog nasilja kojima smo prethodnih meseci posvedo\u010dili u brojnim osnovnim i srednjim \u0161kolama, vr\u0161ene od strane pojedinih u\u010denika instruiranih od svojih nastavnika, ostati primer do sada nezabele\u017eenog uru\u0161avanja prosvetnog sistema. Ostra\u0161\u0107enost,sklonost ka radikalizaciji postupaka i vr\u0161enju nasilja ukazuje na to da ovi protesti nisu ni demokratski, a ponajmanje mirni. Gra\u0111ani na\u0161e otad\u017ebine, makar ogromna ve\u0107ina njih, prozrela je zloslutne namere inspiratora i sprovodilaca obojene revolucije. Mnogobrojni jalovi pozivi i \u017ealopojke kolovo\u0111a ovog ru\u0161ila\u010dkog pohoda na sopstvenu domovinu da im se pridru\u017ee razli\u010dite dru\u0161tvene i privredne delatnosti govore o njihovoj svesti o tome da su ve\u0107 do\u017eiveli neuspeh i poraz. Narod ih je porazio i to onaj narod koji u kontinuitetu vre\u0111aju, prozivaju i omalova\u017eavaju. I kada kao papagaji ponavljaju da je kraj kada oni to ka\u017eu znaju da je narod upravo njima odsvirao kraj\u201c, rekao je ministar.<\/p>\n<p>&nbsp;<\/p>\n<p>&nbsp;<\/p>\n<p>Govore\u0107i o koracima koje je potrebno preduzeti u narednom periodu, ministar g. Risti\u0107 ukazao je na to da ,,Vreme koje je pred nama zahteva od svih nas mnogo vi\u0161e rada, truda, zalaganja i zajedni\u0161tva kako bi se otklonile brojne negativne posledice koje su ovi protesti na\u010dinili na\u0161em dru\u0161tvu i privredi, ali i celokupnoj na\u0161oj otad\u017ebini. Bi\u0107e potrebno i da sagledamo kako je moglo da do\u0111e do toga da se u Srbiji poku\u0161a sa sprovo\u0111enjem obojene revolucije koja je zahvatila i deo na\u0161ih gra\u0111ana o\u010dito spremnih da (ne)svesno nasrnu na svoju dr\u017eavu. Mnogo je pitanja koja tra\u017ee celovite odgovore. Mnogo je i zadataka pred nama koji tra\u017ee na\u0161e potpuno i nesebi\u010dno zalaganje. Potrebno je da budemo uz svoju Srbiju i jedni uz druge, za narod i dr\u017eavu\u201c, istakao je ministar.<\/p>\n<p>&nbsp;<\/p>\n<p>&nbsp;<\/p>\n<p>&nbsp;<\/p>\n<p>Na pitanje da oceni svoj dosada\u0161nji rad, kao i rezultate Ministarstva u prethodnih 11 meseci, ministar je rekao da je ,,Predlog i ponuda da preuzmem odgovornu du\u017enost srpskog ministra, a posebno onog odgovornog za oblast javnog informisanja i telekomunikacija, predstavljala svakako najve\u0107i profesionalni izazov pred kojim sam se do sada na\u0161ao. Svest o zna\u010daju ta dva va\u017ena resora, kao i prethodno ste\u010deno dugogodi\u0161nje iskustvo rada u nekoliko saziva Vlada Republike Srbije, pomogli su mi da prihvatim tu ponudu i da sa timom okupljenim u Ministarstvu u\u010dinim sve kako bismo ostvarili zna\u010dajan napredak i uspeh. Sada, ne\u0161to vi\u0161e od jedanaest meseci nakon polaganja zakletve i preuzimanja du\u017enosti ministra u meni se me\u0161a nekoliko ose\u0107anja. Na prvom mestu to je ose\u0107aj zahvalnosti za ukazanu \u010dast. Potom, tu je i dalje, nepromenjen i neokrnjen, ose\u0107aj odgovornosti da se do poslednjeg dana mandata radi po\u017ertvovano, savesno i u javnom interesu. Kona\u010dno, ne \u017eelim to da krijem, tu je i ose\u0107aj zahvalnosti celokupnom timu Ministarstva na ogromnom trudu, nesebi\u010dnom zalaganju, izuzetnom znanju i ve\u0161tinama ulo\u017eenim tokom prethodnog perioda \u0161to je sve rezultiralo brojnim uspesima. No, iznad svega, ose\u0107am potrebu da na ovom mestu iznova zahvalim predsedniku Republike g. Vu\u010di\u0107u i predsedniku Vlade g. Vu\u010devi\u0107u na ukazanom poverenju i potpunoj podr\u0161ci bez koje ovo Ministarstvo u tako kratkom roku ne bi ostvarilo rezultate koji su na ponos celokupnom na\u0161em dru\u0161tvu\u201c, izjavio je ministar.<\/p>\n<p>&nbsp;<\/p>\n<p>&nbsp;<\/p>\n<p>,,Srpski IKT sektor postigao je tokom prethodne godine do skora nezamisliv i smatralo se nedosti\u017ean rezultat, a to je da godi\u0161nji prihod od izvoza IKT proizvoda i usluga prema\u0161i 4 milijarde evra. To smo postigli upravo tokom prethodne 2024. godine kada je ukupan prihod od izvoza IKT proizvoda dosegao sumu od 4,133 milijarde evra. Prose\u010dna plata u tom sektoru u januaru iznosila je 207.000,00 dinara. Sektor informaciono\u2013komunikacionih tehnologija u Srbiji jeste najbr\u017ee rastu\u0107a i jedna od najprihodovnijih privrednih grana. Tako\u0111e, Srbija je po svim me\u0111unarodnim indeksima i merilima tokom prethodne godine svrstana me\u0111u zemlje uzore u oblasti informacionog dru\u0161tva, informacione bezbednosti i razvoja IKT sektora\u201c, istakao je ministar govore\u0107i o rezultatima Republike Srbije u IKT sektoru.<\/p>\n<p>&nbsp;<\/p>\n<p>&nbsp;<\/p>\n<p>Kona\u010dno, govore\u0107i o rezultatima ostvarenim u oblasti javnog informisanja, ministar je ukazao na to da je Ministarstvo od po\u010detka mandata iniciralo dijalog unutar medijske zajednice, kao i to da su ostvareni brojni zna\u010dajni rezultati u ovoj oblasti. ,,Li\u010dno sam odmah po preuzimanju du\u017enosti inicirao dijalog unutar medijske zajednice koja obuhvata oko 2.200 medija, 76 strukovnih udru\u017eenja, 3 nezavisna regulatorna, odnosno samoregulatorna tela, vi\u0161e sindikalnih organizacija i oko 1.400 proizvo\u0111a\u010da medija. Taj dijalog, intenzivan, transparentan, inkluzivan, participativan i demokrati\u010dan, urodio je nekolikim plodovima. Po prvi put tokom prethodne godine svi organi vlasti sproveli su i raspisali konkurse za sufinansiranje proizvodnje medijskih sadr\u017eaja i edukaciju novinara. Izmenili smo odgovaraju\u0107i podzakonski akt kojim smo zna\u010dajno relaksirali uslove za konkurisanje za sredstva kod organa vlasti. Tokom prethodne godine, oba nacionalna strukovna udru\u017eenja (UNS i NUNS) evidentirala su za oko 15% manje slu\u010dajeva ometanja rada i ugro\u017eavanja bezbednosti novinara. Kona\u010dno, ove godine obezbedili smo do sada najve\u0107i iznos sredstava na nacionalnim konkursima za sufinansiranje proizvodnje medijskih sadr\u017eaja i edukaciju novinara koji \u0107e biti okon\u010dani 25. aprila \u0161to zna\u010di najranije u odnosu na sve prethodne godine\u201c, rekao je ministar.<\/p>\n<p>&nbsp;<\/p>\n<p>&nbsp;<\/p>\n<p>,,Svi rezultati postignuti u oblasti javnog informisanja i telekomunikacija me\u0111u kojima su i ovi prethodno pobrojani obavezuju na jo\u0161 odgovorniji, intenzivniji i posve\u0107eniji rad. Tim na\u0161eg Ministarstva pokazao je da je sposoban da radi efikasno, savesno, odgovorno i pod pritiskom. Bila je \u010dast biti deo jednog takvog tima\u201c, zaklju\u010dio je ministar.<\/p>\n<p>&nbsp;<\/p>\n<p>&nbsp;<\/p>\n<p>&nbsp;<\/p>\n<p>Izvor- Ministarstvo informisanja i telekomunikacija RS<\/p>\n","protected":false},"excerpt":{"rendered":"<p>,,Nema nikakve dileme da u ovo na\u0161e vreme svedo\u010dimo poku\u0161aj sprovo\u0111enja obojene revolucije u Srbiji. Ona je, po svim svojim pojavnim oblicima, temeljno i dugo pripremana. U njenu realizaciju ulo\u017eena su ogromna sredstva, logistika i mnogo toga drugog \u0161to predstavlja determini\u0161u\u0107e karakteristike poku\u0161aja sofisticirane nedemokratske i protivpravne promene vlasti\u201c, izjavio je, pored ostalog, ministar informisanja<\/p>\n<div class=\"read-more\"><a href=\"https:\/\/talasidunava.rs\/?p=6709\" title=\"Op\u0161irnije\">Op\u0161irnije<\/a><\/div>\n","protected":false},"author":1,"featured_media":6710,"comment_status":"open","ping_status":"open","sticky":false,"template":"","format":"standard","meta":{"footnotes":""},"categories":[3],"tags":[],"class_list":{"0":"post-6709","1":"post","2":"type-post","3":"status-publish","4":"format-standard","5":"has-post-thumbnail","7":"category-vesti"},"jetpack_featured_media_url":"https:\/\/talasidunava.rs\/wp-content\/uploads\/2025\/04\/4422.jpg","_links":{"self":[{"href":"https:\/\/talasidunava.rs\/index.php?rest_route=\/wp\/v2\/posts\/6709","targetHints":{"allow":["GET"]}}],"collection":[{"href":"https:\/\/talasidunava.rs\/index.php?rest_route=\/wp\/v2\/posts"}],"about":[{"href":"https:\/\/talasidunava.rs\/index.php?rest_route=\/wp\/v2\/types\/post"}],"author":[{"embeddable":true,"href":"https:\/\/talasidunava.rs\/index.php?rest_route=\/wp\/v2\/users\/1"}],"replies":[{"embeddable":true,"href":"https:\/\/talasidunava.rs\/index.php?rest_route=%2Fwp%2Fv2%2Fcomments&post=6709"}],"version-history":[{"count":1,"href":"https:\/\/talasidunava.rs\/index.php?rest_route=\/wp\/v2\/posts\/6709\/revisions"}],"predecessor-version":[{"id":6711,"href":"https:\/\/talasidunava.rs\/index.php?rest_route=\/wp\/v2\/posts\/6709\/revisions\/6711"}],"wp:featuredmedia":[{"embeddable":true,"href":"https:\/\/talasidunava.rs\/index.php?rest_route=\/wp\/v2\/media\/6710"}],"wp:attachment":[{"href":"https:\/\/talasidunava.rs\/index.php?rest_route=%2Fwp%2Fv2%2Fmedia&parent=6709"}],"wp:term":[{"taxonomy":"category","embeddable":true,"href":"https:\/\/talasidunava.rs\/index.php?rest_route=%2Fwp%2Fv2%2Fcategories&post=6709"},{"taxonomy":"post_tag","embeddable":true,"href":"https:\/\/talasidunava.rs\/index.php?rest_route=%2Fwp%2Fv2%2Ftags&post=6709"}],"curies":[{"name":"wp","href":"https:\/\/api.w.org\/{rel}","templated":true}]}}