{"id":6867,"date":"2025-04-29T10:27:28","date_gmt":"2025-04-29T09:27:28","guid":{"rendered":"https:\/\/talasidunava.rs\/?p=6867"},"modified":"2025-05-04T23:13:36","modified_gmt":"2025-05-04T22:13:36","slug":"maja-gojkovic-osudila-prebijanje-dekana-drida-i-nasilnicko-ponasanje-blokadera","status":"publish","type":"post","link":"https:\/\/talasidunava.rs\/?p=6867","title":{"rendered":"Maja Gojkovi\u0107 osudila prebijanje dekana Drida i nasilni\u010dko pona\u0161anje blokadera"},"content":{"rendered":"<p>Predsednica Pokrajinske vlade Maja Gojkovi\u0107, najo\u0161trije je osudila pona\u0161anje blokadera koji su\u00a0 protestovali ispred Fakulteta za sport i fizi\u010dko vaspitanje u Novom Sadu, pri \u010demu su dekanu tog fakulteta, Patriku Dridu, nanete te\u0161ke fizi\u010dke povrede.<\/p>\n<p>\u201eNedopustivo je da ljudi koji nemaju nikakve veze sa Fakultetom za sport i fizi\u010dko vaspitanje odlu\u010duju kada i pod kojim uslovima dekan mo\u017ee da do\u0111e na svoje radno mesto. Posebno je zabrinjavaju\u0107e \u0161to mnogi smatraju da nasiljem i primenom fizi\u010dke sile mogu da napadaju bilo koga ko obavlja svoj posao\u201c, navela je Gojkovi\u0107, pozivaju\u0107i nadle\u017ene organe da \u0161to pre identifikuju i procesuiraju sve koji su sprovodili nasilje ispred Fakulteta za sport i fizi\u010dko vaspitanje.<\/p>\n<p>Ona je tako\u0111e ocenila da je prebijanje Patrika Drida, demoliranje i onemogu\u0107avanje vozila Hitne pomo\u0107i da preveze povre\u0111enog dekana, te\u017eak oblik nasilni\u010dkog pona\u0161anja koji ugro\u017eava ljudska prava i bezbednost.<\/p>\n<p>Gojkovi\u0107eva je dodala i da su napadi na policiju samo nastavak nasilnog pona\u0161anja blokadera i opozicionih aktivista, poru\u010div\u0161i da se odluke ne mogu donositi uz pomo\u0107 sile i mimo demokratske volje gra\u0111ana.<\/p>\n","protected":false},"excerpt":{"rendered":"<p>Predsednica Pokrajinske vlade Maja Gojkovi\u0107, najo\u0161trije je osudila pona\u0161anje blokadera koji su\u00a0 protestovali ispred Fakulteta za sport i fizi\u010dko vaspitanje u Novom Sadu, pri \u010demu su dekanu tog fakulteta, Patriku Dridu, nanete te\u0161ke fizi\u010dke povrede. \u201eNedopustivo je da ljudi koji nemaju nikakve veze sa Fakultetom za sport i fizi\u010dko vaspitanje odlu\u010duju kada i pod kojim<\/p>\n<div class=\"read-more\"><a href=\"https:\/\/talasidunava.rs\/?p=6867\" title=\"Op\u0161irnije\">Op\u0161irnije<\/a><\/div>\n","protected":false},"author":1,"featured_media":6405,"comment_status":"open","ping_status":"open","sticky":false,"template":"","format":"standard","meta":{"footnotes":""},"categories":[3],"tags":[],"class_list":{"0":"post-6867","1":"post","2":"type-post","3":"status-publish","4":"format-standard","5":"has-post-thumbnail","7":"category-vesti"},"jetpack_featured_media_url":"https:\/\/talasidunava.rs\/wp-content\/uploads\/2025\/02\/Predsenica-Pokrajinske-vlade-Maja-Gojkovic.jpg","_links":{"self":[{"href":"https:\/\/talasidunava.rs\/index.php?rest_route=\/wp\/v2\/posts\/6867","targetHints":{"allow":["GET"]}}],"collection":[{"href":"https:\/\/talasidunava.rs\/index.php?rest_route=\/wp\/v2\/posts"}],"about":[{"href":"https:\/\/talasidunava.rs\/index.php?rest_route=\/wp\/v2\/types\/post"}],"author":[{"embeddable":true,"href":"https:\/\/talasidunava.rs\/index.php?rest_route=\/wp\/v2\/users\/1"}],"replies":[{"embeddable":true,"href":"https:\/\/talasidunava.rs\/index.php?rest_route=%2Fwp%2Fv2%2Fcomments&post=6867"}],"version-history":[{"count":2,"href":"https:\/\/talasidunava.rs\/index.php?rest_route=\/wp\/v2\/posts\/6867\/revisions"}],"predecessor-version":[{"id":6869,"href":"https:\/\/talasidunava.rs\/index.php?rest_route=\/wp\/v2\/posts\/6867\/revisions\/6869"}],"wp:featuredmedia":[{"embeddable":true,"href":"https:\/\/talasidunava.rs\/index.php?rest_route=\/wp\/v2\/media\/6405"}],"wp:attachment":[{"href":"https:\/\/talasidunava.rs\/index.php?rest_route=%2Fwp%2Fv2%2Fmedia&parent=6867"}],"wp:term":[{"taxonomy":"category","embeddable":true,"href":"https:\/\/talasidunava.rs\/index.php?rest_route=%2Fwp%2Fv2%2Fcategories&post=6867"},{"taxonomy":"post_tag","embeddable":true,"href":"https:\/\/talasidunava.rs\/index.php?rest_route=%2Fwp%2Fv2%2Ftags&post=6867"}],"curies":[{"name":"wp","href":"https:\/\/api.w.org\/{rel}","templated":true}]}}