{"id":7460,"date":"2025-08-27T09:28:24","date_gmt":"2025-08-27T08:28:24","guid":{"rendered":"https:\/\/talasidunava.rs\/?p=7460"},"modified":"2025-08-27T09:28:24","modified_gmt":"2025-08-27T08:28:24","slug":"pokrajinska-vlada-nastavlja-sa-razvojem-i-ocuvanjem-zasticenih-podrucja","status":"publish","type":"post","link":"https:\/\/talasidunava.rs\/?p=7460","title":{"rendered":"Pokrajinska vlada nastavlja sa razvojem i o\u010duvanjem za\u0161ti\u0107enih podru\u010dja"},"content":{"rendered":"<p>Pokrajinska vlada je putem svog Sekretarijata za urbanizam i za\u0161titu \u017eivotne sredine izdvojila 15 miliona dinara za realizaciju javnog konkursa za dodelu bud\u017eetskih sredstava radi finansiranja i sufinansiranja projektnih aktivnosti koje se ti\u010du za\u0161tite prirode, kao i o\u010duvanja i unapre\u0111enja stanja za\u0161ti\u0107enih podru\u010dja kroz ja\u010danje kapaticeta upravlja\u010da, a danas su tim povodom i dodeljeni ugovori upravlja\u010dima za\u0161ti\u0107enih podru\u010dja sa teritorije AP Vojvodine.<\/p>\n<p>Pomo\u0107nik pokrajinskog sekretara za urbanizam i za\u0161titu \u017eivotne sredine zadu\u017een za za\u0161titu i unapre\u0111enje prirodnih dobara i biolo\u0161ke raznovrsnosti Gojko Palali\u0107 dodelio je 28 ugovora, potpisanih sa 17 upravlja\u010da za\u0161ti\u0107enih podru\u010dja sa teritorije Autonomne pokrajine Vojvodine, istakav\u0161i tom prilikom da su danas dodeljena sredstva pokazatelj da za\u0161tita prirode ostaje jedan od klju\u010dnih prioriteta u radu Pokrajinske vlade.<\/p>\n<p>\u201e\u010cestitam svim upravlja\u010dima na dobro osmi\u0161ljenim projektima sa kojima ste se prijavili na ovaj konkurs. Jedan od osnovnih ciljeva konkursa svakako je za\u0161tita prirode i o\u010duvanje biodiverziteta, a sredstva koja su danas dodeljena koristi\u0107e se, izme\u0111u ostalog, za aktivne mere za\u0161tite ugro\u017eenih vrsta, ja\u010danje kapaciteta upravlja\u010da kroz nabavku neophodne opreme, izradu promotivnih materijala koji \u0107e slu\u017eiti za afirmaciju samih za\u0161ti\u0107enih podru\u010dja, kao i ure\u0111enje eko-turisti\u010dkih sadr\u017eaja\u201c, naveo je Palali\u0107 prilikom dana\u0161nje dodele ugovora u Pokrajinskoj vladi.<\/p>\n<p>On je izjavio i da \u0107e Pokrajinska vlada kroz svoj rad u narednim godinama dodatno unaprediti stanje u svim za\u0161ti\u0107enim podru\u010djima u AP Vojvodini, podsetiv\u0161i da su pre samo deset godina na teritoriji AP Vojvodine postojala svega dva za\u0161ti\u0107ena podru\u010dja od pokrajinskog zna\u010daja, a da ih je danas \u010dak devet, te da \u0107e uz pomo\u0107 svih relevantnih \u010dinioca raditi na pove\u0107anju broja za\u0161ti\u0107enih podru\u010dja i samog procenta povr\u0161ina pod za\u0161titom.<\/p>\n<p>U okviru ovog konkursa po kome Pokrajinska vlada sufinansira i finansira teku\u0107a ulaganja, upravlja\u010di za\u0161ti\u0107enih podru\u010dja dobili su od 300 hiljada do milion dinara za tu namenu.<\/p>\n","protected":false},"excerpt":{"rendered":"<p>Pokrajinska vlada je putem svog Sekretarijata za urbanizam i za\u0161titu \u017eivotne sredine izdvojila 15 miliona dinara za realizaciju javnog konkursa za dodelu bud\u017eetskih sredstava radi finansiranja i sufinansiranja projektnih aktivnosti koje se ti\u010du za\u0161tite prirode, kao i o\u010duvanja i unapre\u0111enja stanja za\u0161ti\u0107enih podru\u010dja kroz ja\u010danje kapaticeta upravlja\u010da, a danas su tim povodom i dodeljeni ugovori<\/p>\n<div class=\"read-more\"><a href=\"https:\/\/talasidunava.rs\/?p=7460\" title=\"Op\u0161irnije\">Op\u0161irnije<\/a><\/div>\n","protected":false},"author":1,"featured_media":7461,"comment_status":"open","ping_status":"open","sticky":false,"template":"","format":"standard","meta":{"footnotes":""},"categories":[3],"tags":[],"class_list":{"0":"post-7460","1":"post","2":"type-post","3":"status-publish","4":"format-standard","5":"has-post-thumbnail","7":"category-vesti"},"jetpack_featured_media_url":"https:\/\/talasidunava.rs\/wp-content\/uploads\/2025\/08\/Potpisivanje-ugovora-sa-upravljacima-zasticenih-podrucja-u-AP-Vojvodini-05.jpg","_links":{"self":[{"href":"https:\/\/talasidunava.rs\/index.php?rest_route=\/wp\/v2\/posts\/7460","targetHints":{"allow":["GET"]}}],"collection":[{"href":"https:\/\/talasidunava.rs\/index.php?rest_route=\/wp\/v2\/posts"}],"about":[{"href":"https:\/\/talasidunava.rs\/index.php?rest_route=\/wp\/v2\/types\/post"}],"author":[{"embeddable":true,"href":"https:\/\/talasidunava.rs\/index.php?rest_route=\/wp\/v2\/users\/1"}],"replies":[{"embeddable":true,"href":"https:\/\/talasidunava.rs\/index.php?rest_route=%2Fwp%2Fv2%2Fcomments&post=7460"}],"version-history":[{"count":1,"href":"https:\/\/talasidunava.rs\/index.php?rest_route=\/wp\/v2\/posts\/7460\/revisions"}],"predecessor-version":[{"id":7462,"href":"https:\/\/talasidunava.rs\/index.php?rest_route=\/wp\/v2\/posts\/7460\/revisions\/7462"}],"wp:featuredmedia":[{"embeddable":true,"href":"https:\/\/talasidunava.rs\/index.php?rest_route=\/wp\/v2\/media\/7461"}],"wp:attachment":[{"href":"https:\/\/talasidunava.rs\/index.php?rest_route=%2Fwp%2Fv2%2Fmedia&parent=7460"}],"wp:term":[{"taxonomy":"category","embeddable":true,"href":"https:\/\/talasidunava.rs\/index.php?rest_route=%2Fwp%2Fv2%2Fcategories&post=7460"},{"taxonomy":"post_tag","embeddable":true,"href":"https:\/\/talasidunava.rs\/index.php?rest_route=%2Fwp%2Fv2%2Ftags&post=7460"}],"curies":[{"name":"wp","href":"https:\/\/api.w.org\/{rel}","templated":true}]}}