{"id":7632,"date":"2025-09-23T21:34:08","date_gmt":"2025-09-23T20:34:08","guid":{"rendered":"https:\/\/talasidunava.rs\/?p=7632"},"modified":"2025-09-23T21:34:08","modified_gmt":"2025-09-23T20:34:08","slug":"ivanisevic-najavio-fruskogorsku-vinsku-setnju-novi-sadrzaji-za-razvoj-turizma","status":"publish","type":"post","link":"https:\/\/talasidunava.rs\/?p=7632","title":{"rendered":"Ivani\u0161evi\u0107 najavio Fru\u0161kogorsku vinsku \u0161etnju: Novi sadr\u017eaji za razvoj turizma"},"content":{"rendered":"<p>Pokrajinski sekretar za privredu i turizam dr Nenad Ivani\u0161evi\u0107 obratio se danas na konferenciji za novinare, odr\u017eanoj u Turisti\u010dkoj organizaciji Vojvodine, povodom predstoje\u0107e Fru\u0161kogorske vinske \u0161etnje \u201eFru\u0161ka Walk &amp; Wine 2025\u201c.<\/p>\n<p>Polazna ta\u010dka ovogodi\u0161nje manifestacije bi\u0107e ispred Info-centra Turisti\u010dke organizacije Sremskih Karlovaca, odakle \u0107e polasci biti organizovani na svakih sat vremena, po\u010dev od 11.00 \u010dasova.<\/p>\n<p>Ivani\u0161evi\u0107 je istakao da ova manifestacija ima za cilj predstavljanje turisti\u010dkih potencijala Sremskih Karlovaca, ali i razvoj vinskog i verskog turizma.<\/p>\n<p>\u201eIdeja je da Fru\u0161ku goru pripremamo za period kada \u0107e biti zavr\u0161en Fru\u0161kogorski koridor, kako bi postala ozbiljan turisti\u010dki potencijal. Upravo ova inicijativa Turisti\u010dke organizacije Vojvodine, lokalnih samouprava i proizvo\u0111a\u010da vina i hrane treba da ispuni Fru\u0161ku goru sadr\u017eajem\u201c, naglasio je Ivani\u0161evi\u0107.<\/p>\n","protected":false},"excerpt":{"rendered":"<p>Pokrajinski sekretar za privredu i turizam dr Nenad Ivani\u0161evi\u0107 obratio se danas na konferenciji za novinare, odr\u017eanoj u Turisti\u010dkoj organizaciji Vojvodine, povodom predstoje\u0107e Fru\u0161kogorske vinske \u0161etnje \u201eFru\u0161ka Walk &amp; Wine 2025\u201c. Polazna ta\u010dka ovogodi\u0161nje manifestacije bi\u0107e ispred Info-centra Turisti\u010dke organizacije Sremskih Karlovaca, odakle \u0107e polasci biti organizovani na svakih sat vremena, po\u010dev od 11.00 \u010dasova.<\/p>\n<div class=\"read-more\"><a href=\"https:\/\/talasidunava.rs\/?p=7632\" title=\"Op\u0161irnije\">Op\u0161irnije<\/a><\/div>\n","protected":false},"author":1,"featured_media":7633,"comment_status":"open","ping_status":"open","sticky":false,"template":"","format":"standard","meta":{"footnotes":""},"categories":[3],"tags":[],"class_list":{"0":"post-7632","1":"post","2":"type-post","3":"status-publish","4":"format-standard","5":"has-post-thumbnail","7":"category-vesti"},"jetpack_featured_media_url":"https:\/\/talasidunava.rs\/wp-content\/uploads\/2025\/09\/Konferencija-za-medije-povodom-predstojece-Fruskogorske-vinske-setnje-02.jpg","_links":{"self":[{"href":"https:\/\/talasidunava.rs\/index.php?rest_route=\/wp\/v2\/posts\/7632","targetHints":{"allow":["GET"]}}],"collection":[{"href":"https:\/\/talasidunava.rs\/index.php?rest_route=\/wp\/v2\/posts"}],"about":[{"href":"https:\/\/talasidunava.rs\/index.php?rest_route=\/wp\/v2\/types\/post"}],"author":[{"embeddable":true,"href":"https:\/\/talasidunava.rs\/index.php?rest_route=\/wp\/v2\/users\/1"}],"replies":[{"embeddable":true,"href":"https:\/\/talasidunava.rs\/index.php?rest_route=%2Fwp%2Fv2%2Fcomments&post=7632"}],"version-history":[{"count":1,"href":"https:\/\/talasidunava.rs\/index.php?rest_route=\/wp\/v2\/posts\/7632\/revisions"}],"predecessor-version":[{"id":7634,"href":"https:\/\/talasidunava.rs\/index.php?rest_route=\/wp\/v2\/posts\/7632\/revisions\/7634"}],"wp:featuredmedia":[{"embeddable":true,"href":"https:\/\/talasidunava.rs\/index.php?rest_route=\/wp\/v2\/media\/7633"}],"wp:attachment":[{"href":"https:\/\/talasidunava.rs\/index.php?rest_route=%2Fwp%2Fv2%2Fmedia&parent=7632"}],"wp:term":[{"taxonomy":"category","embeddable":true,"href":"https:\/\/talasidunava.rs\/index.php?rest_route=%2Fwp%2Fv2%2Fcategories&post=7632"},{"taxonomy":"post_tag","embeddable":true,"href":"https:\/\/talasidunava.rs\/index.php?rest_route=%2Fwp%2Fv2%2Ftags&post=7632"}],"curies":[{"name":"wp","href":"https:\/\/api.w.org\/{rel}","templated":true}]}}