{"id":7638,"date":"2025-09-26T11:35:44","date_gmt":"2025-09-26T10:35:44","guid":{"rendered":"https:\/\/talasidunava.rs\/?p=7638"},"modified":"2025-09-26T11:36:05","modified_gmt":"2025-09-26T10:36:05","slug":"dani-srpske-u-srbiji","status":"publish","type":"post","link":"https:\/\/talasidunava.rs\/?p=7638","title":{"rendered":"Dani Srpske u Somboru"},"content":{"rendered":"<p>Gradona\u010delnik Sombora Antonio Ratkovi\u0107 i predsednik Skup\u0161tine grada Sombora Vladislav \u017divanovi\u0107, zajedno sa saradnicima, uprili\u010dili su prijem za delegaciju Republike Srpske u prostorijama Gradske uprave. Povod prijema bila je manifestacija \u201eDani Srpske u Srbiji\u201c, koja se danas odr\u017eava u Somboru.<br \/>\nU\u010desnici sastanka razgovarali su o me\u0111usobnoj saradnji, sa posebnim osvrtom na oblasti kulture, sporta i privrede.<br \/>\n\u201eVeliko mi je zadovoljstvo \u0161to i ove godine Grad Sombor u\u010destvuje u manifestaciji Dani Srpske u Srbiji i \u0161to smo i ove godine jedan od gradova doma\u0107ina. Posebno bih se zahvalio na\u0161im prijateljima i na\u0161em bratskom gradu Isto\u010dnom Novom Sarajevu, sa kojim imamo i potpisan sporazum o saradnji i bratimljenju, \u0161to su nam danas, na zadovoljstvo svih sugra\u0111ana Sombora, omogu\u0107ili predstavu koja \u0107e se odr\u017eati u Narodnom pozori\u0161tu. Ono \u0161to volim da ka\u017eem: ovakvi susreti su uvek prilika da razmenimo iskustva, da svakako produbimo na\u0161u saradnju i srce mi je puno s obzirom da smo ove godine, kad smo obele\u017eavali Dan grada potpisali ovaj sporazum i da smo ve\u0107 na leto imali konkretnu realizaciju, a to je bila poseta najmla\u0111ih sugra\u0111ana Isto\u010dnog Sarajeva, koji su ovde boravili zajedno sa na\u0161om decom, sa decom iz Ki\u0161pe\u0161te, dru\u017eili se i nadam se poneli najlep\u0161a iskustva iz na\u0161eg grada. Svakako da \u017eelimo da ovu saradnju imamo i u kulturi, i u sportu, a naravno o\u010dekujemo i u privredi. Ono \u0161to je bitno za mene kao gradona\u010delnika je da moji saradnici koji su pre nekih dve nedelje boravili u Isto\u010dnom Sarajevu uvek iskoriste tu priliku da vide primere dobre prakse, da \u010duju ne\u0161to novo i da to isto realizuju u Gradu Somboru i siguran sam da \u0107emo na tome raditi i u budu\u0107nosti i da \u0107emo na\u0161u saradnju, ne samo sa Isto\u010dnim Sarajevom, nego i sa drugim gradovima u Republici Srpskoj, podi\u0107i na jedan vi\u0161i stepenik i ono \u0161to bih naglasio je da na\u0161i dragi prijatelji iz Republike Srpske u Gradu Somboru imaju iskrenog i pouzdanog partnera, a pre svega prijatelja\u201c poru\u010dio je nakon sastanka gradona\u010delnik Antonio Ratkovi\u0107.<br \/>\nNa sastanku su u\u010destovali i zamenik gradona\u010delnika Milan Staki\u0107, \u010dlanica Gradskog ve\u0107a za oblast kulture i obrazovanja Jasmina Ili\u0107, \u010dlan Gradskog ve\u0107a za oblast me\u0111unarodne saradnje Tama\u0161 Kani\u017eai i \u010dlan Gradskog ve\u0107a za oblast komunalne delatnosti i investicija Neboj\u0161a Trivunovi\u0107, a delegaciju Republike Srpske \u010dinili su potpredsednik Skup\u0161tine grada Isto\u010dno Sarajevo Jovan Golijan, v.d. direktora Narodnog pozori\u0161ta Isto\u010dno Sarajevo Jelena Krsti\u0107 i savetnik u Predstavni\u0161tvu Republike Srpske u Beogradu Borislav Maksimovi\u0107.<br \/>\nNakon sastanka gostima je predstavljena i \u010duvena slika \u201eBitka kod Sente\u201c, najve\u0107e ulje na platnu u Republici Srbiji.<\/p>\n<p>U okviru manifestacije u Narodnom pozori\u0161tu Sombor odigrana je predstava \u201e42 (ravnote\u017ea jednostavnog an\u0111ela)\u201c u produkciji Narodnog pozori\u0161ta Isto\u010dno Sarajevo. Tekst i re\u017eiju potpisuje Zoran Todorovi\u0107, a igrali su Marija Novakovi\u0107 i Milan Dimi\u0107, a v.d. direktora Narodnog pozori\u0161ta Isto\u010dno Sarajevo Jelena Krsti\u0107 istakla je da je \u010dast i zadovoljstvo da se predstava u produkciji Narodnog pozori\u0161ta Isto\u010dno Sarajevo odigra na sceni Narodnog pozori\u0161ta Sombor.<br \/>\n\u201eOvo nam je drugi put da u\u010destvujemo na manifestaciji Dani Srpske u Srbiji, tako da mogu re\u0107i da sam jako sre\u0107na i ponosna zbog toga, samim tim \u0161to smo jedno od najmla\u0111ih pozori\u0161ta, drugi najmla\u0111i nacionalni teatar u Republici Srpskoj \u2013 pozori\u0161te je staro tek godinu i po. Jo\u0161 uvek nemamo dovoljan broj ljudskih resursa, ali snalazimo se i moram vam re\u0107i da smo do\u0161li svi zajedno, sve \u0161to nas ima i u umetni\u010dkom i tehni\u010dkom sektoru\u201c rekla je Jelena Krsti\u0107.<br \/>\n\u201eDani Srpske u Srbiji\u201c je manifestacija koja je pokrenuta 2013. godine sa idejom da se Srbiji i njenim gra\u0111anima na uvek nov i jedinstven na\u010din predstavi Republika Srpska i njeni potencijali. Manifestacija se organizuje u vi\u0161e gradova u Srbiji gde se predstavljaju kulturna ostvarenja i kulturna ba\u0161tina, prirodne lepote, turisti\u010dka mesta, ugostiteljstvo, gastronomija, a sve sa ciljem boljeg povezivanja srpskog naroda sa obe strane Drine.<\/p>\n<p>Info i foto: www.sombor.rs<\/p>\n","protected":false},"excerpt":{"rendered":"<p>Gradona\u010delnik Sombora Antonio Ratkovi\u0107 i predsednik Skup\u0161tine grada Sombora Vladislav \u017divanovi\u0107, zajedno sa saradnicima, uprili\u010dili su prijem za delegaciju Republike Srpske u prostorijama Gradske uprave. Povod prijema bila je manifestacija \u201eDani Srpske u Srbiji\u201c, koja se danas odr\u017eava u Somboru. U\u010desnici sastanka razgovarali su o me\u0111usobnoj saradnji, sa posebnim osvrtom na oblasti kulture, sporta i<\/p>\n<div class=\"read-more\"><a href=\"https:\/\/talasidunava.rs\/?p=7638\" title=\"Op\u0161irnije\">Op\u0161irnije<\/a><\/div>\n","protected":false},"author":1,"featured_media":7639,"comment_status":"open","ping_status":"open","sticky":false,"template":"","format":"standard","meta":{"footnotes":""},"categories":[1],"tags":[],"class_list":{"0":"post-7638","1":"post","2":"type-post","3":"status-publish","4":"format-standard","5":"has-post-thumbnail","7":"category-uncategorized"},"jetpack_featured_media_url":"https:\/\/talasidunava.rs\/wp-content\/uploads\/2025\/09\/69975.jpg","_links":{"self":[{"href":"https:\/\/talasidunava.rs\/index.php?rest_route=\/wp\/v2\/posts\/7638","targetHints":{"allow":["GET"]}}],"collection":[{"href":"https:\/\/talasidunava.rs\/index.php?rest_route=\/wp\/v2\/posts"}],"about":[{"href":"https:\/\/talasidunava.rs\/index.php?rest_route=\/wp\/v2\/types\/post"}],"author":[{"embeddable":true,"href":"https:\/\/talasidunava.rs\/index.php?rest_route=\/wp\/v2\/users\/1"}],"replies":[{"embeddable":true,"href":"https:\/\/talasidunava.rs\/index.php?rest_route=%2Fwp%2Fv2%2Fcomments&post=7638"}],"version-history":[{"count":2,"href":"https:\/\/talasidunava.rs\/index.php?rest_route=\/wp\/v2\/posts\/7638\/revisions"}],"predecessor-version":[{"id":7641,"href":"https:\/\/talasidunava.rs\/index.php?rest_route=\/wp\/v2\/posts\/7638\/revisions\/7641"}],"wp:featuredmedia":[{"embeddable":true,"href":"https:\/\/talasidunava.rs\/index.php?rest_route=\/wp\/v2\/media\/7639"}],"wp:attachment":[{"href":"https:\/\/talasidunava.rs\/index.php?rest_route=%2Fwp%2Fv2%2Fmedia&parent=7638"}],"wp:term":[{"taxonomy":"category","embeddable":true,"href":"https:\/\/talasidunava.rs\/index.php?rest_route=%2Fwp%2Fv2%2Fcategories&post=7638"},{"taxonomy":"post_tag","embeddable":true,"href":"https:\/\/talasidunava.rs\/index.php?rest_route=%2Fwp%2Fv2%2Ftags&post=7638"}],"curies":[{"name":"wp","href":"https:\/\/api.w.org\/{rel}","templated":true}]}}