{"id":7690,"date":"2025-10-06T10:24:03","date_gmt":"2025-10-06T09:24:03","guid":{"rendered":"https:\/\/talasidunava.rs\/?p=7690"},"modified":"2025-10-06T10:25:57","modified_gmt":"2025-10-06T09:25:57","slug":"7690","status":"publish","type":"post","link":"https:\/\/talasidunava.rs\/?p=7690","title":{"rendered":"Otvaranje izlo\u017ebe \u201eVizura Eshatona\u201d"},"content":{"rendered":"<p>Kulturni centar Laza Kosti\u0107 je za utorak, 7. oktobar zakazao otvaranje izlo\u017ebe \u201eVizura Eshatona\u201d, umetnika Zorana \u010calije. Doga\u0111aj u galeriji najavljen je za 19 \u010dasova. Organizatori su saop\u0161tili da \u0107e ova postavka biti izlo\u017eena do 14. novembra.<\/p>\n<p>Zoran \u010calija, ro\u0111en u Skoplju 1963. godine, je krajem osamdesetih godina zavr\u0161io Fakultet likovnih umetnosti u Beogradu, odsek Slikarstvo u klasi prof. Mirjane Miha\u010d. Nedugo potom je postao \u010dlan Udru\u017eenja likovnih umetnika Srbije, a od 1994. godine je u statusu slobodnog umetnika. \u010calija iza sebe ima preko 20 samostalnih i pedesetak kolektivnih izlo\u017ebi.<\/p>\n","protected":false},"excerpt":{"rendered":"<p>Kulturni centar Laza Kosti\u0107 je za utorak, 7. oktobar zakazao otvaranje izlo\u017ebe \u201eVizura Eshatona\u201d, umetnika Zorana \u010calije. Doga\u0111aj u galeriji najavljen je za 19 \u010dasova. Organizatori su saop\u0161tili da \u0107e ova postavka biti izlo\u017eena do 14. novembra. Zoran \u010calija, ro\u0111en u Skoplju 1963. godine, je krajem osamdesetih godina zavr\u0161io Fakultet likovnih umetnosti u Beogradu, odsek<\/p>\n<div class=\"read-more\"><a href=\"https:\/\/talasidunava.rs\/?p=7690\" title=\"Op\u0161irnije\">Op\u0161irnije<\/a><\/div>\n","protected":false},"author":1,"featured_media":7693,"comment_status":"open","ping_status":"open","sticky":false,"template":"","format":"standard","meta":{"footnotes":""},"categories":[8,3],"tags":[],"class_list":{"0":"post-7690","1":"post","2":"type-post","3":"status-publish","4":"format-standard","5":"has-post-thumbnail","7":"category-sombor","8":"category-vesti"},"jetpack_featured_media_url":"https:\/\/talasidunava.rs\/wp-content\/uploads\/2025\/10\/sombor-galerija.jpg","_links":{"self":[{"href":"https:\/\/talasidunava.rs\/index.php?rest_route=\/wp\/v2\/posts\/7690","targetHints":{"allow":["GET"]}}],"collection":[{"href":"https:\/\/talasidunava.rs\/index.php?rest_route=\/wp\/v2\/posts"}],"about":[{"href":"https:\/\/talasidunava.rs\/index.php?rest_route=\/wp\/v2\/types\/post"}],"author":[{"embeddable":true,"href":"https:\/\/talasidunava.rs\/index.php?rest_route=\/wp\/v2\/users\/1"}],"replies":[{"embeddable":true,"href":"https:\/\/talasidunava.rs\/index.php?rest_route=%2Fwp%2Fv2%2Fcomments&post=7690"}],"version-history":[{"count":2,"href":"https:\/\/talasidunava.rs\/index.php?rest_route=\/wp\/v2\/posts\/7690\/revisions"}],"predecessor-version":[{"id":7695,"href":"https:\/\/talasidunava.rs\/index.php?rest_route=\/wp\/v2\/posts\/7690\/revisions\/7695"}],"wp:featuredmedia":[{"embeddable":true,"href":"https:\/\/talasidunava.rs\/index.php?rest_route=\/wp\/v2\/media\/7693"}],"wp:attachment":[{"href":"https:\/\/talasidunava.rs\/index.php?rest_route=%2Fwp%2Fv2%2Fmedia&parent=7690"}],"wp:term":[{"taxonomy":"category","embeddable":true,"href":"https:\/\/talasidunava.rs\/index.php?rest_route=%2Fwp%2Fv2%2Fcategories&post=7690"},{"taxonomy":"post_tag","embeddable":true,"href":"https:\/\/talasidunava.rs\/index.php?rest_route=%2Fwp%2Fv2%2Ftags&post=7690"}],"curies":[{"name":"wp","href":"https:\/\/api.w.org\/{rel}","templated":true}]}}