{"id":7787,"date":"2025-10-20T14:05:49","date_gmt":"2025-10-20T13:05:49","guid":{"rendered":"https:\/\/talasidunava.rs\/?p=7787"},"modified":"2025-10-20T14:05:49","modified_gmt":"2025-10-20T13:05:49","slug":"sekretar-vranjkovic-bezbednost-mladih-u-saobracaju-je-nas-prioritet","status":"publish","type":"post","link":"https:\/\/talasidunava.rs\/?p=7787","title":{"rendered":"Sekretar Vranjkovi\u0107: Bezbednost mladih u saobra\u0107aju je na\u0161 prioritet"},"content":{"rendered":"<p>Pokrajinski sekretar za energetiku, gra\u0111evinarstvo i saobra\u0107aj otvorio je danas Sajam saobra\u0107aja na Novosadskom sajmu, dvodnevni skup posve\u0107en unapre\u0111enju bezbednosti u saobra\u0107aju, sa posebnim osvrtom na za\u0161titu mladih i dece.<\/p>\n<p>Sajam saobra\u0107aja se odr\u017eava pod pokroviteljstvom Pokrajinskog sekretarijata za energetiku, gra\u0111evinarstvo i saobra\u0107aj i Gradske uprave za saobra\u0107aj i puteve, a organizatori su Centar za unapre\u0111enje bezbednosti u saobra\u0107aju i Novosadski sajam.<\/p>\n<p>Sekretar Vranjkovi\u0107 je prilikom otvaranja ove zna\u010dajne manifestacije istakao da su Pokrajinska vlada i resorni sekretarijat u prethodnom periodu preduzeli vi\u0161e aktivnosti, koje za cilj imaju pove\u0107anje bezbednosti saobra\u0107aja na teritoriji AP Vojvodine.<\/p>\n<p>\u201eU toku je izrada Strategije bezbednosti saobra\u0107aja na putevima na teritoriji AP Vojvodine za period 2026 \u2013 2030. godine. Strate\u0161ki pristup obezbedi\u0107e saradnju i koordinaciju rada svih subjekata u sistemu bezbednosti saobra\u0107aja, kao i vrednovanje i pra\u0107enje ostvarenih efekata tokom njene primene. Uporedo sa izradom Strategije u izradi su i tri studije koje za cilj imaju mapiranje rizika u saobra\u0107aju na dr\u017eavnim putevima, analizu bezbednosti saobra\u0107aja na pru\u017enim prelazima i primenu vizije nula stradanja dece u saobra\u0107aju\u201c, istakao je Vranjkovi\u0107.<\/p>\n<p>On je ukazao na to da kada je re\u010d o najmla\u0111ima, resorni sekretarijat apsolutno stavlja prioritet na njihovu bezbednost.<\/p>\n<p>\u201eU pogledu bezbednosti dece u saobra\u0107aju resorni sekretarijat je obavio pregled gotovo 600 zona \u0161kola u AP Vojvodini i pribavio 345 saobra\u0107ajnih projekata za ure\u0111enje, koji su stavljeni na raspolaganje jedinicama lokalnih samouprava kako bi mogle da obezbede finansiranje njihovog ure\u0111enja\u201c, rekao je sekretar Vranjkovi\u0107.<\/p>\n<p>Naveo je da je iz sredstava bud\u017eeta AP Vojvodine kompletno ure\u0111eno 75 zona \u0161kola i da je u pogledu razvoja saobra\u0107ajne infrastrukture Vojvodina nesporno na pravcu zna\u010dajnog pobolj\u0161anja.<\/p>\n<p>\u201eProtekle nedelje je probijana cev na najdu\u017eem tunelu u na\u0161oj zemlji, a u sklopu realizacije projekta izgradnje Fru\u0161kogorskog koridora, koji je od klju\u010dnog zna\u010daja za AP Vojvodinu. Uz navedeni projekat imamo jo\u0161 zna\u010dajnih projekata: autoputevi Ruma \u2013 \u0160abac, Kuzmin \u2013 Sremska Ra\u010da, Beograd \u2013 Zrenjanin \u2013 Novi Sad, brza saobra\u0107ajnice Sombor \u2013 Vrbas \u2013 Kikinda, a otvaranjem brze pruge Beograd \u2013 Novi Sad \u2013 Subotica, otpo\u010delo je novo poglavlje u \u017eelezni\u010dkom saobra\u0107aju na\u0161e zemlje\u201c, poru\u010dio je Vranjkovi\u0107 i dodao da veruje da \u0107e i ova sajamska manifestacija biti uspe\u0161na te da \u0107e se nastaviti tradicija njenog odr\u017eavanja.<\/p>\n<p>Tokom trajanja manifestacije bi\u0107e odr\u017eano vi\u0161e panela posve\u0107enih razlozima stradanja mladih u saobra\u0107aju, izazovima u realizaciji projekata za mlade u oblasti bezbednosti u saobra\u0107aju, urbanoj mobilnosti, problemimima sa kojima se susre\u0107u osobe sa invaliditetom, kao i novinama u postupku tehni\u010dkog pregleda vozila i edukaciji biciklista.<\/p>\n<p>Na otvaranju su se obratili i generalni direktor Novosadskog sajma Slobodan Cvetkovi\u0107, dekan novosadskog Fakulteta tehni\u010dkih nauka prof. dr Boris Dumni\u0107, direktor Agencije za bezbednost saobra\u0107aja Branko Stamatovi\u0107, \u010dlan Gradskog ve\u0107a za saobra\u0107aj Aleksandar Bulaji\u0107, pomo\u0107nik na\u010delnika Uprave saobra\u0107ajne policije Zlatko Belencan i prof. dr Miroslava Kostadinovi\u0107a sa Saobra\u0107ajnog fakulteta u Doboju.<\/p>\n","protected":false},"excerpt":{"rendered":"<p>Pokrajinski sekretar za energetiku, gra\u0111evinarstvo i saobra\u0107aj otvorio je danas Sajam saobra\u0107aja na Novosadskom sajmu, dvodnevni skup posve\u0107en unapre\u0111enju bezbednosti u saobra\u0107aju, sa posebnim osvrtom na za\u0161titu mladih i dece. Sajam saobra\u0107aja se odr\u017eava pod pokroviteljstvom Pokrajinskog sekretarijata za energetiku, gra\u0111evinarstvo i saobra\u0107aj i Gradske uprave za saobra\u0107aj i puteve, a organizatori su Centar za<\/p>\n<div class=\"read-more\"><a href=\"https:\/\/talasidunava.rs\/?p=7787\" title=\"Op\u0161irnije\">Op\u0161irnije<\/a><\/div>\n","protected":false},"author":1,"featured_media":7788,"comment_status":"open","ping_status":"open","sticky":false,"template":"","format":"standard","meta":{"footnotes":""},"categories":[3],"tags":[],"class_list":{"0":"post-7787","1":"post","2":"type-post","3":"status-publish","4":"format-standard","5":"has-post-thumbnail","7":"category-vesti"},"jetpack_featured_media_url":"https:\/\/talasidunava.rs\/wp-content\/uploads\/2025\/10\/Otvoren-Sajam-saobracaja-09-scaled.jpg","_links":{"self":[{"href":"https:\/\/talasidunava.rs\/index.php?rest_route=\/wp\/v2\/posts\/7787","targetHints":{"allow":["GET"]}}],"collection":[{"href":"https:\/\/talasidunava.rs\/index.php?rest_route=\/wp\/v2\/posts"}],"about":[{"href":"https:\/\/talasidunava.rs\/index.php?rest_route=\/wp\/v2\/types\/post"}],"author":[{"embeddable":true,"href":"https:\/\/talasidunava.rs\/index.php?rest_route=\/wp\/v2\/users\/1"}],"replies":[{"embeddable":true,"href":"https:\/\/talasidunava.rs\/index.php?rest_route=%2Fwp%2Fv2%2Fcomments&post=7787"}],"version-history":[{"count":1,"href":"https:\/\/talasidunava.rs\/index.php?rest_route=\/wp\/v2\/posts\/7787\/revisions"}],"predecessor-version":[{"id":7789,"href":"https:\/\/talasidunava.rs\/index.php?rest_route=\/wp\/v2\/posts\/7787\/revisions\/7789"}],"wp:featuredmedia":[{"embeddable":true,"href":"https:\/\/talasidunava.rs\/index.php?rest_route=\/wp\/v2\/media\/7788"}],"wp:attachment":[{"href":"https:\/\/talasidunava.rs\/index.php?rest_route=%2Fwp%2Fv2%2Fmedia&parent=7787"}],"wp:term":[{"taxonomy":"category","embeddable":true,"href":"https:\/\/talasidunava.rs\/index.php?rest_route=%2Fwp%2Fv2%2Fcategories&post=7787"},{"taxonomy":"post_tag","embeddable":true,"href":"https:\/\/talasidunava.rs\/index.php?rest_route=%2Fwp%2Fv2%2Ftags&post=7787"}],"curies":[{"name":"wp","href":"https:\/\/api.w.org\/{rel}","templated":true}]}}