{"id":8140,"date":"2026-01-19T16:20:04","date_gmt":"2026-01-19T15:20:04","guid":{"rendered":"https:\/\/talasidunava.rs\/?p=8140"},"modified":"2026-01-19T16:20:04","modified_gmt":"2026-01-19T15:20:04","slug":"potpredsednik-zigmanov-na-obelezavanju-nacionalnog-praznika-rusina-u-srbiji","status":"publish","type":"post","link":"https:\/\/talasidunava.rs\/?p=8140","title":{"rendered":"Potpredsednik \u017digmanov na obele\u017eavanju Nacionalnog praznika Rusina u Srbiji"},"content":{"rendered":"<p>Potpredsednik Pokrajinske vlade Tomislav \u017digmanov prisustvovao je centralnoj proslavi Nacionalnog praznika Rusina u Republici Srbiji, koja je odr\u017eana ve\u010deras u Novom Orahovu, u organizaciji Zavoda za kulturu vojvo\u0111anskih Rusina.<\/p>\n<p>\u010cestitaju\u0107i pripadnicima rusinske zajednice ovaj datum &#8211; 17. januar &#8211; potpredsednik \u017digmanov je ukazao na va\u017enost kulture se\u0107anja u \u017eivotu manjinskih zajednica.<\/p>\n<p>\u201eSvako obele\u017eavanje zna\u010dajnih doga\u0111aja iz istorije i ukazivanje na ljude iz ranijih vremena koji su svojim delima doprineli o\u010duvanje i razvoju svog naroda, va\u017eni su i u sada\u0161njosti jer nas sve zajedno podse\u0107aju na to da ono \u0161to danas imamo i \u0161to danas jesmo ba\u0161tinimo od doga\u0111aja iz istorije i od onih koji su \u017eiveli i stvarali pre nas\u201d, rekao je \u017digmanov i podsetio na to da prisustvo Rusina na teritoriji AP Vojvodine datira od 1751. godine, kada je administrator Kraljevsko-dr\u017eavnog distrikta u Somboru Franc Jozef de Redl potpisao ugovor o naseljavanju 200 rusinskih grkokatoli\u010dkih porodica u pustaru Veliki Krstur, istakav\u0161i da je upravo taj dan ozna\u010dio po\u010detak doseljavanja Rusina u Ba\u010dku i Srem.<\/p>\n<p>Prema njegovim re\u010dima, iako je re\u010d o malobrojnoj zajednici koja, prema popisu stanovni\u0161tva iz 2022. godine, ima 11.483 pripadnika, Rusini su ostali va\u017ena i dragocena kockica u bogatom multietni\u010dkom mozaiku Vojvodine i Srbije.<\/p>\n<p>\u017digmanov je istakao da su Rusini na podru\u010dju Vojvodine, tokom istorije duge vi\u0161e od 270 godina, osnivali svoje obrazovne i druge institucije od zna\u010daja za o\u010duvanje i razvoj nacionalnog identiteta, i do danas sa\u010duvali svoje ime, jezik i bogato kulturno nasle\u0111e.<\/p>\n<p>\u201e\u010cuvaju\u0107i svoje nacionalne vrednosti, u poslednje vreme primereno ste razvili manjinsku nacionalnu infrastrukturu u podru\u010dju obrazovanja, informisanja, kulture i slu\u017ebene upotrebe rusinskog jezika i pisma na \u010dijem je \u010delu Nacionalni savet rusinske nacionalne manjine. Pokrajinska vlada sa svojim sekretarijatima kroz izgra\u0111ene partnerske odnose obezbe\u0111uje dovoljna finansijska sredstva za nesmetano funkcionisanje va\u0161ih institucija\u201d, kazao je \u017digmanov dodav\u0161i da je to sastavni deo politike Pokrajinske vlade koja \u0107e se u saradnji sa nacionalnim zajednicama i ubudu\u0107e razvijati.<\/p>\n","protected":false},"excerpt":{"rendered":"<p>Potpredsednik Pokrajinske vlade Tomislav \u017digmanov prisustvovao je centralnoj proslavi Nacionalnog praznika Rusina u Republici Srbiji, koja je odr\u017eana ve\u010deras u Novom Orahovu, u organizaciji Zavoda za kulturu vojvo\u0111anskih Rusina. \u010cestitaju\u0107i pripadnicima rusinske zajednice ovaj datum &#8211; 17. januar &#8211; potpredsednik \u017digmanov je ukazao na va\u017enost kulture se\u0107anja u \u017eivotu manjinskih zajednica. \u201eSvako obele\u017eavanje zna\u010dajnih doga\u0111aja<\/p>\n<div class=\"read-more\"><a href=\"https:\/\/talasidunava.rs\/?p=8140\" title=\"Op\u0161irnije\">Op\u0161irnije<\/a><\/div>\n","protected":false},"author":1,"featured_media":8141,"comment_status":"open","ping_status":"open","sticky":false,"template":"","format":"standard","meta":{"footnotes":""},"categories":[3],"tags":[],"class_list":{"0":"post-8140","1":"post","2":"type-post","3":"status-publish","4":"format-standard","5":"has-post-thumbnail","7":"category-vesti"},"jetpack_featured_media_url":"https:\/\/talasidunava.rs\/wp-content\/uploads\/2026\/01\/Potpredsednik-Zigmanov-na-obelezavanju-Nacionalnog-praznika-Rusina.jpg","_links":{"self":[{"href":"https:\/\/talasidunava.rs\/index.php?rest_route=\/wp\/v2\/posts\/8140","targetHints":{"allow":["GET"]}}],"collection":[{"href":"https:\/\/talasidunava.rs\/index.php?rest_route=\/wp\/v2\/posts"}],"about":[{"href":"https:\/\/talasidunava.rs\/index.php?rest_route=\/wp\/v2\/types\/post"}],"author":[{"embeddable":true,"href":"https:\/\/talasidunava.rs\/index.php?rest_route=\/wp\/v2\/users\/1"}],"replies":[{"embeddable":true,"href":"https:\/\/talasidunava.rs\/index.php?rest_route=%2Fwp%2Fv2%2Fcomments&post=8140"}],"version-history":[{"count":1,"href":"https:\/\/talasidunava.rs\/index.php?rest_route=\/wp\/v2\/posts\/8140\/revisions"}],"predecessor-version":[{"id":8142,"href":"https:\/\/talasidunava.rs\/index.php?rest_route=\/wp\/v2\/posts\/8140\/revisions\/8142"}],"wp:featuredmedia":[{"embeddable":true,"href":"https:\/\/talasidunava.rs\/index.php?rest_route=\/wp\/v2\/media\/8141"}],"wp:attachment":[{"href":"https:\/\/talasidunava.rs\/index.php?rest_route=%2Fwp%2Fv2%2Fmedia&parent=8140"}],"wp:term":[{"taxonomy":"category","embeddable":true,"href":"https:\/\/talasidunava.rs\/index.php?rest_route=%2Fwp%2Fv2%2Fcategories&post=8140"},{"taxonomy":"post_tag","embeddable":true,"href":"https:\/\/talasidunava.rs\/index.php?rest_route=%2Fwp%2Fv2%2Ftags&post=8140"}],"curies":[{"name":"wp","href":"https:\/\/api.w.org\/{rel}","templated":true}]}}