{"id":8146,"date":"2026-01-19T16:29:03","date_gmt":"2026-01-19T15:29:03","guid":{"rendered":"https:\/\/talasidunava.rs\/?p=8146"},"modified":"2026-01-19T16:29:03","modified_gmt":"2026-01-19T15:29:03","slug":"medjunarodni-sajam-peradarstva","status":"publish","type":"post","link":"https:\/\/talasidunava.rs\/?p=8146","title":{"rendered":"Me\u0111unarodni sajam peradarstva"},"content":{"rendered":"<p>Me\u0111unarodni sajam peradarstva i ove godine \u0107e predstaviti veliki broj sitnih \u017eivotinja u Somboru, a tim povodom manifestaciju su najavili Igor Gromilovi\u0107 ispred Dru\u0161tva odgajiva\u010da sitnih \u017eivotinja \u201eSombor 1871\u201c, Igor \u0106upurdija, \u010dlan Gradskog ve\u0107a za oblast poljoprivrede i Jovan Uzelac, direktor Turisti\u010dke organizacije grada Sombora.<br \/>\nSve\u010dano otvaranje sajma zakazano je za 23. januar u 13.00 \u010dasova u tr\u017enom centru \u201eZiper\u201c na Staparskom putu, a sajam \u0107e za posetioce biti otvoren sve do nedelje, 25. januara.<\/p>\n<p>\u201eDrago mi je da \u0107e Grad Sombor i ove godine pru\u017eiti podr\u0161ku organizaciji 49. Me\u0111unarodnog sajma peradarstva u Somboru, u okviru kog \u0107e se odr\u017eati Dr\u017eavni \u0161ampionat sitnih \u017eivotinja Republike Srbije i 6. Memorijal Prm. dr Zoran Par\u010deti\u0107 \u2013 Nona. Ova manifestacija je od velikog zna\u010daja za Grad Sombor i gra\u0111ane koji \u0107e imati priliku da posete doga\u0111aj. Iskoristio bih ovu priliku da se zahvalim organizatoru na dobroj saradnji i da im po\u017eelim uspeh u budu\u0107em radu. Tako\u0111e, ovom prilikom pozivam sve na\u0161e sugra\u0111ane, a naro\u010dito one najmla\u0111e, da posete sajam\u201c, rekao je Igor \u0106upurdija.<\/p>\n<p>Manifestaciju je podr\u017eala i Turisti\u010dka organizacija grada, a direktor Jovan Uzelac istakao je turisti\u010dki zna\u010daj Me\u0111unarodnog sajma peradarstva.<\/p>\n<p>\u201eVeoma nam je drago \u0161to \u0107e Turisti\u010dka organizacija grada Sombora i ove godine podr\u017eati manifestaciju \u2013 49. po redu Me\u0111unarodni sajam peradarstva Sombor. Ovim putem bih se, tako\u0111e, zahvalio organizatoru na organizaciji ove manifestacije i pozvao sve ljubitelje sitnih \u017eivotinja da do\u0111u i uzmu svoje u\u010de\u0161\u0107e, da li kao posetioci, ili kao izlaga\u010di, od 23. do 25. januara. Dolazi nam preko 2500 izlaga\u010da, kako iz Srbije, tako i iz inostranstva, koji \u0107e imati priliku da posete i neke na\u0161e ustanove kulture i znamenitosti grada Sombora, tako da je ova manifestacija i sa turisti\u010dkog aspekta veoma zna\u010dajna za grad\u201c, poru\u010dio je Uzelac.<\/p>\n<p>Obezbe\u0111ene su i besplatne karte za najmla\u0111e, a ispred organizatora Me\u0111unarodnog sajma peradarstva Igor Gromilovi\u0107 istakao je da \u0107e ove godine biti ve\u0107i broj izlo\u017eenih \u017eivotinja.<\/p>\n<p>\u201eOno \u0161to nas kao organizatore raduje je da smo ove godine prema\u0161ili kapacitet dosada\u0161nji, koji nam je bio na raspolaganju u tr\u017enom centru Ziper, tako da smo morali da obezbedimo dodatni prostor, \u0161to zna\u010di da je broj \u017eivotinja dodatno pove\u0107an. Ova manifestacija svakako ne bi bila mogu\u0107a bez pomo\u0107i lokalne samouprave grada Sombora, kao i Turisti\u010dke organizacije grada Sombora. Veliko hvala njima, kao i svim sponzorima koji su nam pomogli da ova manifestacija bude realizovana. Dru\u0161tvo je i ove godine nastavilo tradiciju \u2013 uru\u010di\u0107emo 5000 ulaznica za na\u0161e najmla\u0111e sugra\u0111ane, kao i 100 besplatnih ulaznica za dobrovoljne davaoce krvi koji u ovom periodu daju krv\u201c istakao je Igor Gromilovi\u0107, uz poziv sugra\u0111anima da posete sajam.<\/p>\n<p>Info i foto:<\/p>\n","protected":false},"excerpt":{"rendered":"<p>Me\u0111unarodni sajam peradarstva i ove godine \u0107e predstaviti veliki broj sitnih \u017eivotinja u Somboru, a tim povodom manifestaciju su najavili Igor Gromilovi\u0107 ispred Dru\u0161tva odgajiva\u010da sitnih \u017eivotinja \u201eSombor 1871\u201c, Igor \u0106upurdija, \u010dlan Gradskog ve\u0107a za oblast poljoprivrede i Jovan Uzelac, direktor Turisti\u010dke organizacije grada Sombora. Sve\u010dano otvaranje sajma zakazano je za 23. januar u 13.00<\/p>\n<div class=\"read-more\"><a href=\"https:\/\/talasidunava.rs\/?p=8146\" title=\"Op\u0161irnije\">Op\u0161irnije<\/a><\/div>\n","protected":false},"author":1,"featured_media":8147,"comment_status":"open","ping_status":"open","sticky":false,"template":"","format":"standard","meta":{"footnotes":""},"categories":[3],"tags":[],"class_list":{"0":"post-8146","1":"post","2":"type-post","3":"status-publish","4":"format-standard","5":"has-post-thumbnail","7":"category-vesti"},"jetpack_featured_media_url":"https:\/\/talasidunava.rs\/wp-content\/uploads\/2026\/01\/naslovna-5-scaled-1.jpg","_links":{"self":[{"href":"https:\/\/talasidunava.rs\/index.php?rest_route=\/wp\/v2\/posts\/8146","targetHints":{"allow":["GET"]}}],"collection":[{"href":"https:\/\/talasidunava.rs\/index.php?rest_route=\/wp\/v2\/posts"}],"about":[{"href":"https:\/\/talasidunava.rs\/index.php?rest_route=\/wp\/v2\/types\/post"}],"author":[{"embeddable":true,"href":"https:\/\/talasidunava.rs\/index.php?rest_route=\/wp\/v2\/users\/1"}],"replies":[{"embeddable":true,"href":"https:\/\/talasidunava.rs\/index.php?rest_route=%2Fwp%2Fv2%2Fcomments&post=8146"}],"version-history":[{"count":1,"href":"https:\/\/talasidunava.rs\/index.php?rest_route=\/wp\/v2\/posts\/8146\/revisions"}],"predecessor-version":[{"id":8148,"href":"https:\/\/talasidunava.rs\/index.php?rest_route=\/wp\/v2\/posts\/8146\/revisions\/8148"}],"wp:featuredmedia":[{"embeddable":true,"href":"https:\/\/talasidunava.rs\/index.php?rest_route=\/wp\/v2\/media\/8147"}],"wp:attachment":[{"href":"https:\/\/talasidunava.rs\/index.php?rest_route=%2Fwp%2Fv2%2Fmedia&parent=8146"}],"wp:term":[{"taxonomy":"category","embeddable":true,"href":"https:\/\/talasidunava.rs\/index.php?rest_route=%2Fwp%2Fv2%2Fcategories&post=8146"},{"taxonomy":"post_tag","embeddable":true,"href":"https:\/\/talasidunava.rs\/index.php?rest_route=%2Fwp%2Fv2%2Ftags&post=8146"}],"curies":[{"name":"wp","href":"https:\/\/api.w.org\/{rel}","templated":true}]}}