{"id":8150,"date":"2026-01-19T16:32:56","date_gmt":"2026-01-19T15:32:56","guid":{"rendered":"https:\/\/talasidunava.rs\/?p=8150"},"modified":"2026-01-19T16:32:56","modified_gmt":"2026-01-19T15:32:56","slug":"odrzana-premijera-predstave-iluzije-u-domu-kulture-u-crvenki","status":"publish","type":"post","link":"https:\/\/talasidunava.rs\/?p=8150","title":{"rendered":"Odr\u017eana premijera predstave ,,Iluzije\u201c u Domu kulture u Crvenki"},"content":{"rendered":"<p>Glumci Pozori\u0161ta ,,Stevan Sremac\u201c Doma kulture u Crvenki premijerno su izveli predstavu ,,Iluzije\u201c, po tekstu \u010duvenog ameri\u010dkog dramskog pisca Tonija Ku\u0161nera, u re\u017eiji Milene Pavlovi\u0107. Iako je rediteljka bila spre\u010dena da prisustvuje premijernom izvo\u0111enju, glumci u sastavu: Zoran Radulovi\u0107, Cvijeta Jovanovi\u0107 Mu\u010dalica, Gordana Jeli\u0107 Me\u0161ter, Milorad Bjelan, Miroslav Malacko i Rebeka Plan\u010dak dali su svoj maksimum, a publika je sa odu\u0161evljenjem ispratila predstavu, \u0161to su potvrdili dugi aplauzi i izuzetne reakcije nakon izvo\u0111enja.<\/p>\n<p>Direktor Doma kulture Crvenka, Milan Vujakovi\u0107, istakao je da je ansambl i ovoga puta pokazao sna\u017enu uigranost i scensku hemiju, \u0161to je publika prepoznala. Kako je istakao, ove godine Pozori\u0161te ,,Stevan Sremac\u201c slavi 80 godina postojanja, a s obzirom na sve dosada\u0161nje uspehe i pro\u0161logodi\u0161nju pobedu na Republi\u010dkom festivalu, veruju da \u0107e i ova predstava zavr\u0161iti na istom i nadaju se velikim rezultatima i uspesima u ovoj godini:<\/p>\n<p>,,Milena Pavlovi\u0107, na\u0161a rediteljka, nije ve\u010deras mogla da prisustvuje premijeri predstave. Predstava je ,,Iluzije\u201c, autora Tonija Ku\u0161nera, a Milena je radila adaptaciju teksta. Scenski pokret je radio Igor Greksa iz Srpskog narodnog pozori\u0161ta, a \u0161to se ti\u010de kostima to je radila Stanislava \u017dkupovski, tako\u0111e iz SNP-a. Kao i svaki put, i ova predstava se dugo pripremala, vi\u0161e od dva meseca. Glumci su bili posve\u0107eni i ulo\u017eili su mnogo truda. Ove godine Pozori\u0161te ,,Stevan Sremac\u201c slavi 80 godina postojanja, tako da u godini jubileja pravimo izuzetnu predstavu. Videli ste da je reakcija publike bila sjajna, pa se nadam da \u0107e ova predstava, kao i prethodna koju je Milena re\u017eirala, do\u017eiveti veliki uspeh. Gluma\u010dka ekipa je stalna, s tim da smo imali i neke male novine. Tu su Zoran Radulovi\u0107, Cvijeta Jovanovi\u0107 Mu\u010dalica, Gordana Jeli\u0107 Me\u0161ter, Milorad Bjelan, Miroslav Malacko i Rebeka Plan\u010dak. Oni su sjajni, imali su jako dobru hemiju tokom rada, bili su pravi tim i mislim da se to videlo i ve\u010deras u toku predstave. Mi svake godine radimo s ciljem da na\u0161a predstava zavr\u0161i na Republi\u010dkom festivalu i uvek se nadamo pobedi. U ovu predstavu je ulo\u017eeno mnogo truda i rada i nadamo se i verujemo u to da \u0107emo posti\u0107i velike rezultate u ovoj godini. Ne mo\u017eemo da obe\u0107amo da \u0107emo biti pobednici, ali se ipak nadamo tome\u201c.<\/p>\n<p>Iz crvena\u010dkog pozori\u0161ta poru\u010dili su da \u0107e publika i u narednom periodu imati priliku da pogleda predstavu \u201eIluzije\u201c, uz poziv da nastave da podr\u017eavaju pozori\u0161ni \u017eivot u Crvenki \u2013 jer je, kako poru\u010duju, sa njima lep\u0161e.<\/p>\n<p>Info i foto:\u00a0<a href=\"https:\/\/kula.rs\/2026\/01\/19\/odrzana-premijera-predstave-iluzije-u-domu-kulture-u-crvenki\/\">https:\/\/kula.rs\/2026\/01\/19\/odrzana-premijera-predstave-iluzije-u-domu-kulture-u-crvenki\/<\/a><\/p>\n","protected":false},"excerpt":{"rendered":"<p>Glumci Pozori\u0161ta ,,Stevan Sremac\u201c Doma kulture u Crvenki premijerno su izveli predstavu ,,Iluzije\u201c, po tekstu \u010duvenog ameri\u010dkog dramskog pisca Tonija Ku\u0161nera, u re\u017eiji Milene Pavlovi\u0107. Iako je rediteljka bila spre\u010dena da prisustvuje premijernom izvo\u0111enju, glumci u sastavu: Zoran Radulovi\u0107, Cvijeta Jovanovi\u0107 Mu\u010dalica, Gordana Jeli\u0107 Me\u0161ter, Milorad Bjelan, Miroslav Malacko i Rebeka Plan\u010dak dali su svoj<\/p>\n<div class=\"read-more\"><a href=\"https:\/\/talasidunava.rs\/?p=8150\" title=\"Op\u0161irnije\">Op\u0161irnije<\/a><\/div>\n","protected":false},"author":1,"featured_media":8151,"comment_status":"open","ping_status":"open","sticky":false,"template":"","format":"standard","meta":{"footnotes":""},"categories":[3],"tags":[],"class_list":{"0":"post-8150","1":"post","2":"type-post","3":"status-publish","4":"format-standard","5":"has-post-thumbnail","7":"category-vesti"},"jetpack_featured_media_url":"https:\/\/talasidunava.rs\/wp-content\/uploads\/2026\/01\/iluzije_190126-9.jpeg","_links":{"self":[{"href":"https:\/\/talasidunava.rs\/index.php?rest_route=\/wp\/v2\/posts\/8150","targetHints":{"allow":["GET"]}}],"collection":[{"href":"https:\/\/talasidunava.rs\/index.php?rest_route=\/wp\/v2\/posts"}],"about":[{"href":"https:\/\/talasidunava.rs\/index.php?rest_route=\/wp\/v2\/types\/post"}],"author":[{"embeddable":true,"href":"https:\/\/talasidunava.rs\/index.php?rest_route=\/wp\/v2\/users\/1"}],"replies":[{"embeddable":true,"href":"https:\/\/talasidunava.rs\/index.php?rest_route=%2Fwp%2Fv2%2Fcomments&post=8150"}],"version-history":[{"count":1,"href":"https:\/\/talasidunava.rs\/index.php?rest_route=\/wp\/v2\/posts\/8150\/revisions"}],"predecessor-version":[{"id":8152,"href":"https:\/\/talasidunava.rs\/index.php?rest_route=\/wp\/v2\/posts\/8150\/revisions\/8152"}],"wp:featuredmedia":[{"embeddable":true,"href":"https:\/\/talasidunava.rs\/index.php?rest_route=\/wp\/v2\/media\/8151"}],"wp:attachment":[{"href":"https:\/\/talasidunava.rs\/index.php?rest_route=%2Fwp%2Fv2%2Fmedia&parent=8150"}],"wp:term":[{"taxonomy":"category","embeddable":true,"href":"https:\/\/talasidunava.rs\/index.php?rest_route=%2Fwp%2Fv2%2Fcategories&post=8150"},{"taxonomy":"post_tag","embeddable":true,"href":"https:\/\/talasidunava.rs\/index.php?rest_route=%2Fwp%2Fv2%2Ftags&post=8150"}],"curies":[{"name":"wp","href":"https:\/\/api.w.org\/{rel}","templated":true}]}}