{"id":8334,"date":"2026-04-07T14:40:10","date_gmt":"2026-04-07T13:40:10","guid":{"rendered":"https:\/\/talasidunava.rs\/?p=8334"},"modified":"2026-04-07T14:57:28","modified_gmt":"2026-04-07T13:57:28","slug":"ivanisevic-na-predstavljanju-strategijskog-marketing-plan-turizma-republike-srbije-za-period-2026-2030-godine","status":"publish","type":"post","link":"https:\/\/talasidunava.rs\/?p=8334","title":{"rendered":"Ivani\u0161evi\u0107 na predstavljanju Strategijskog\u00a0marketing plan turizma Republike Srbije\u00a0za period\u00a02026\u20132030. godine"},"content":{"rendered":"<div class=\"input\">\n<div class=\"footer\"><\/div>\n<\/div>\n<div class=\"output\">\n<div class=\"editor\">\n<div id=\"output\" class=\"textarea highlight-restored\" data-type=\"output\" data-variant=\"latin\">\n<p><span lang=\"SR-CYRL-RS\">Pokrajinski sekretar za privredu i turizam dr Nenad Ivani\u0161evi\u0107 u\u010destvovao je danas na skupu povodom predstavljanja\u00a0<\/span>Strategijsk<span lang=\"SR-CYRL-RS\">og\u00a0<\/span>marketing plan turizma Republike Srbije\u00a0<span lang=\"SR-CYRL-RS\">za period\u00a0<\/span>2026\u20132030<span lang=\"SR-CYRL-RS\">. godine.<\/span><\/p>\n<p><span lang=\"SR-CYRL-RS\">Turisti\u010dka organizacija Srbije i Centar za istra\u017eivanja i studije turizma iz Novog Sada, uz podr\u0161ku Sekretarijata, okupili su danas predstavnike Turisti\u010dke organizacije Vojvodine i lokalnih turisti\u010dkih organizacija sa teritorije na\u0161e pokrajine, kako bi dali doprinos u konsultativnom procesu izrade Plana, kroz predloge i ideje zajedni\u010dke promocije, nastupa i brendiranja destinacije.<\/span><\/p>\n<p><span lang=\"SR-CYRL-RS\">Ivani\u0161evi\u0107 je istakao da S<\/span>ekretarijat\u00a0<span lang=\"SR-CYRL-RS\">planira<\/span>\u00a0izradu Programa razvoja turizma AP Vojvodine za naredni<span lang=\"SR-CYRL-RS\">h pet godina<\/span><span lang=\"SR-CYRL-RS\">\u00a0<\/span>u skladu sa Strategijom turizma Republike Srbije\u00a0k<span lang=\"SR-CYRL-RS\">ao\u00a0<\/span>krovni<span lang=\"SR-CYRL-RS\">m\u00a0<\/span>\u00a0dokument<span lang=\"SR-CYRL-RS\">om.<\/span><\/p>\n<p><span lang=\"SR-CYRL-RS\">\u201eMoramo da sagledamo \u0161ta smo imali u prethodnom Planu i da defini\u0161emo koji su trendovi u svetu. Te\u0161ko je predvideti u kom pravcu \u0107e i\u0107i razvoj turisti\u010dkog tr\u017ei\u0161ta. Danas govorimo o marketing strategiji, kako da se \u0161to bolje predstavimo i pripremimo za predstoje\u0107u sezonu koja je ve\u0107 po\u010dela\u201c, rekao je Ivani\u0161evi\u0107 dodav\u0161i da je na osnovu prva dva meseca u teku\u0107oj godini evidentan oporavak te privredne grane, \u0161to, prema njegovim re\u010dima, najavljuje uspe\u0161nu turisti\u010dku sezonu, kao i nastavak regionalne kampanje koju Sekretarijat sprovodi sa Turisti\u010dkom organizacijom Vojvodine i sa Privrednom komorom Vojvodine.<\/span><\/p>\n<p>Prema podacima Privredne komore Vojvodine, u prva dva meseca u 2026. godini, u Vojvodini je pove\u0107an turisti\u010dki promet za 8,8 odsto meren brojem dolazaka turista, odnosno za 10,2 odsto po broju registrovanih no\u0107enja u posmatranom periodu godine, u odnosu na isti u protekloj godini, dok je na nivou cele dr\u017eave promet pove\u0107an za 6,6 odsto.<\/p>\n<p><span lang=\"SR-CYRL-RS\">\u201ePred nama je godina koja predstavlja najve\u0107u \u0161ansu za razvoj turizma. Zajedno se pripremamo za\u00a0Ekspo, kako bismo Srbiju i Vojvodinu predstavili na najbolji mogu\u0107i na\u010din\u201c, rekao je Ivani\u0161evi\u0107 i dodao i da \u0107e \u010ditav region biti posve\u0107en doma\u0107im dolascima, \u0161to \u0107e doprineti i ve\u0107em prilivu turista i na teritoriji AP Vojvodine.<\/span><\/p>\n<p><span lang=\"SR-CYRL-RS\">D<\/span>irektor<span lang=\"SR-CYRL-RS\">ka<\/span>\u00a0Turisti\u010dke organizacije Srbije<span lang=\"SR-CYRL-RS\">\u00a0mr Marija Labovi\u0107 rekla je da su susreti poput dana\u0161njeg od naro\u010ditog zna\u010daja za sagledavanje iskustava istakav\u0161i va\u017enost prethodnog petogodi\u0161njeg plana u organizaciji marketin\u0161ke kampanje i predstavljanja Srbije kao turisti\u010dke destinacije.<\/span><\/p>\n<p><span lang=\"SR-CYRL-RS\">P<\/span>redsednik UO Centra za istra\u017eivanja i studije turizma<span lang=\"SR-CYRL-RS\">\u00a0dr Milan \u0106uli\u0107 i vanredni profesor Prirodno-matemati\u010dkog fakulteta Univerziteta u Novom Sadu prof. dr Sanja Kova\u010di\u0107 predstavili su\u00a0<\/span>ciljeve izrade Strategijskog marketing plana<span lang=\"SR-CYRL-RS\">, koji<\/span>\u00a0defini\u0161e pristup i korake u uspostavljanju okvira za upravljanje marketingom Srbije<span lang=\"SR-CYRL-RS\">\u00a0i AP Vojvodine\u00a0<\/span>kao turisti\u010dke destinacije.<\/p>\n<p><span lang=\"SR-CYRL-RS\">Kao p<\/span><span lang=\"SR-LATN-RS\">oseb<\/span><span lang=\"SR-CYRL-RS\">ni<\/span><span lang=\"SR-LATN-RS\">\u00a0marketin\u0161k<\/span><span lang=\"SR-CYRL-RS\">i<\/span><span lang=\"SR-LATN-RS\">\u00a0ciljev<\/span><span lang=\"SR-CYRL-RS\">i<\/span><span lang=\"SR-LATN-RS\">\u00a0Republike Srbije<\/span><span lang=\"SR-LATN-RS\">\u00a0<\/span><span lang=\"SR-CYRL-RS\">navode se p<\/span><span lang=\"SR-LATN-RS\">ove\u0107anje vidljivosti Srbije na me\u0111unarodnom tr\u017ei\u0161tu, sa posebnim akcentom na povezivanje sa brendom\u00a0<\/span><span lang=\"SR-CYRL-RS\">Ekspa<\/span><span lang=\"SR-LATN-RS\">,\u00a0<\/span><span lang=\"SR-CYRL-RS\">u<\/span><span lang=\"SR-LATN-RS\">napre\u0111enje sistemskog planiranja i koordinacije promotivnih aktivnosti kroz jasno definisan, uskla\u0111en i tr\u017ei\u0161no orijentisan okvir za promociju Srbije kao turisti\u010dke destinacije,<\/span><span lang=\"SR-CYRL-RS\">\u00a0kao i i<\/span><span lang=\"SR-LATN-RS\">ntenzivnij<\/span><span lang=\"SR-CYRL-RS\">a<\/span><span lang=\"SR-LATN-RS\">\u00a0komunikacij<\/span><span lang=\"SR-CYRL-RS\">a\u00a0<\/span><span lang=\"SR-LATN-RS\">nacionalnog brenda na prioritetnim me\u0111unarodnim tr\u017ei\u0161tima i integrisanje na lokalnom nivou.<\/span><\/p>\n<p><span lang=\"SR-CYRL-RS\">Pored uvo\u0111enja novih destinacija na nacionalnom nivou, turisti\u010dki proizvodi Srbije, koji su Planom ozna\u010deni kao proizvodi od izuzetnog zna\u010daja za razvoj turizma jesu kratki gradski odmori, turizam doga\u0111aja i poslovni turizam, planinski, zdravstveni, kulturni, etno-gastronomski, ruralni, nauti\u010dki, tranzitni i eko turizam, kao i turizam posve\u0107en specijalnim interesovanjima.<\/span><\/p>\n<p><span lang=\"SR-CYRL-RS\">Tokom dana\u0161njeg susreta, istaknuto je da se u narednim nedeljama o\u010dekuje i prvi nacrt tog dokumenta koji \u0107e biti dat na uvid stru\u010dnoj javnosti.<\/span><\/p>\n<\/div>\n<\/div>\n<div class=\"footer\"><\/div>\n<\/div>\n","protected":false},"excerpt":{"rendered":"<p>Pokrajinski sekretar za privredu i turizam dr Nenad Ivani\u0161evi\u0107 u\u010destvovao je danas na skupu povodom predstavljanja\u00a0Strategijskog\u00a0marketing plan turizma Republike Srbije\u00a0za period\u00a02026\u20132030. godine. Turisti\u010dka organizacija Srbije i Centar za istra\u017eivanja i studije turizma iz Novog Sada, uz podr\u0161ku Sekretarijata, okupili su danas predstavnike Turisti\u010dke organizacije Vojvodine i lokalnih turisti\u010dkih organizacija sa teritorije na\u0161e pokrajine, kako bi<\/p>\n<div class=\"read-more\"><a href=\"https:\/\/talasidunava.rs\/?p=8334\" title=\"Op\u0161irnije\">Op\u0161irnije<\/a><\/div>\n","protected":false},"author":1,"featured_media":8335,"comment_status":"open","ping_status":"open","sticky":false,"template":"","format":"standard","meta":{"footnotes":""},"categories":[3],"tags":[],"class_list":{"0":"post-8334","1":"post","2":"type-post","3":"status-publish","4":"format-standard","5":"has-post-thumbnail","7":"category-vesti"},"jetpack_featured_media_url":"https:\/\/talasidunava.rs\/wp-content\/uploads\/2026\/04\/Nenad-Ivanisevic-predstavio-turisticki-plan-2026-2030-01.jpg","_links":{"self":[{"href":"https:\/\/talasidunava.rs\/index.php?rest_route=\/wp\/v2\/posts\/8334","targetHints":{"allow":["GET"]}}],"collection":[{"href":"https:\/\/talasidunava.rs\/index.php?rest_route=\/wp\/v2\/posts"}],"about":[{"href":"https:\/\/talasidunava.rs\/index.php?rest_route=\/wp\/v2\/types\/post"}],"author":[{"embeddable":true,"href":"https:\/\/talasidunava.rs\/index.php?rest_route=\/wp\/v2\/users\/1"}],"replies":[{"embeddable":true,"href":"https:\/\/talasidunava.rs\/index.php?rest_route=%2Fwp%2Fv2%2Fcomments&post=8334"}],"version-history":[{"count":1,"href":"https:\/\/talasidunava.rs\/index.php?rest_route=\/wp\/v2\/posts\/8334\/revisions"}],"predecessor-version":[{"id":8336,"href":"https:\/\/talasidunava.rs\/index.php?rest_route=\/wp\/v2\/posts\/8334\/revisions\/8336"}],"wp:featuredmedia":[{"embeddable":true,"href":"https:\/\/talasidunava.rs\/index.php?rest_route=\/wp\/v2\/media\/8335"}],"wp:attachment":[{"href":"https:\/\/talasidunava.rs\/index.php?rest_route=%2Fwp%2Fv2%2Fmedia&parent=8334"}],"wp:term":[{"taxonomy":"category","embeddable":true,"href":"https:\/\/talasidunava.rs\/index.php?rest_route=%2Fwp%2Fv2%2Fcategories&post=8334"},{"taxonomy":"post_tag","embeddable":true,"href":"https:\/\/talasidunava.rs\/index.php?rest_route=%2Fwp%2Fv2%2Ftags&post=8334"}],"curies":[{"name":"wp","href":"https:\/\/api.w.org\/{rel}","templated":true}]}}