{"id":8738,"date":"2026-08-31T12:47:14","date_gmt":"2026-08-31T11:47:14","guid":{"rendered":"https:\/\/talasidunava.rs\/?p=8738"},"modified":"2026-08-31T12:47:14","modified_gmt":"2026-08-31T11:47:14","slug":"sutra-pocinje-nova-skolska-godina","status":"publish","type":"post","link":"https:\/\/talasidunava.rs\/?p=8738","title":{"rendered":"Sutra po\u010dinje nova \u0161kolska godina"},"content":{"rendered":"<p>Sutra, 01. septembra po\u010dinje nova \u0161kolska godina. \u00a0Za osnovce prvo polugodi\u0161te traje do 30. decembra, a drugo po\u010dinje 18. januara; osmacima nastava zavr\u0161ava 28. maja, a ostalima 11. juna.<\/p>\n<div class=\"container\"><main><\/p>\n<div class=\"section\">\n<div class=\"section__left\" data-mrf-recirculation=\"Section Left\">\n<article class=\"article\">\n<div class=\"article__sticky\">\n<div class=\"article__content\">\n<div class=\"article__text\">\n<p>Prvo polugodi\u0161te po\u010dinje 1. septembra, a traja\u0107e do 30. decembra ove godine na teritoriji centralne Srbije,\u00a0dok se u Vojvodini ono zavr\u0161ava ne\u0161to ranije, 23. decembra.<\/p>\n<p>Nastava u drugom polugodi\u0161tu za vojvo\u0111anske \u0111ake po\u010dinje 11. januara 2027. godine, a u centralnoj Srbiji 18. januara, dok \u0107e se zavr\u0161iti 11. juna. Za srednjo\u0161kolce, sa izuzetkom maturanata, drugo polugodi\u0161te traje do 18. juna 2027. godine. \u0160to se ti\u010de maturanata u gimnazijama, oni sa nastavom zavr\u0161avaju 21. maja, dok \u0107e maturanti srednjih stru\u010dnih \u0161kola u klupe i\u0107i do 28. maja.<\/p>\n<p>Tokom predstoje\u0107e \u0161kolske godine, u\u010denici \u0107e imati jesenji, zimski, sretenjski, prole\u0107ni, kao i letnji raspust. Planirano je da se jesenji raspust odr\u017ei od 11. do 13. novembra, sretenjski predah od 15. do 19. februara 2027, prole\u0107ni od 30. aprila do 4. maja, dok letnji raspust zvani\u010dno startuje 14. juna 2027. godine.<\/p>\n<p>Zimski raspust za \u0111ake u centralnoj Srbiji planiran je od 31. decembra 2026. do 15. januara 2027. godine,\u00a0dok u Vojvodini on traje od 24. decembra ove do 8. januara naredne godine.\u00a0Pored toga,\u00a0nenastavni dani za \u0161kole na teritoriji Vojvodine bi\u0107e 26. i 29. mart 2027. godine.<\/p>\n<p>U planu rada je predvi\u0111eno i da period od 5. do 7. maja 2027. godine bude obele\u017een kao \u201eNedelja se\u0107anja i zajedni\u0161tva\u201c. Ova nedelja posve\u0107ena je uspomeni na u\u010denike i mlade koji su tragi\u010dno stradali u beogradskoj O\u0160 \u201eVladislav Ribnikar\u201c, kao i u selima Dubona i Malo Ora\u0161je.<\/p>\n<p>Kada je re\u010d o maloj maturi, prema zvani\u010dnom Kalendaru ona je zakazana za 14, 15. i 16. jun 2027. godine. Tako\u0111e je predvi\u0111eno da \u0161kole kroz svoj godi\u0161nji plan rada obavezno uvrste jednodnevnu posetu u\u010denika specijalizovanoj izlo\u017ebi \u201eEkspo 2027\u201c, i to u periodu od 17. maja do 25. juna slede\u0107e godine.<\/p>\n<p>&nbsp;<\/p>\n<div class=\"article__jwplayer article__jwplayer--video\">\n<div id=\"botr_sqegIlNj_8Y9gU3vI_div\" class=\"jwplayer jw-reset jw-state-idle jw-stretch-uniform jw-flag-aspect-mode jw-floating-dismissible jw-keep-thumbnail jw-flag-user-inactive\" tabindex=\"0\" role=\"application\" aria-label=\"Video Player - Koliko je novca potrebno za povratak u \u0161kolske klupe?\" aria-describedby=\"jw-botr_sqegIlNj_8Y9gU3vI_div-shortcuts-tooltip-explanation\">\n<div class=\"jw-wrapper jw-reset\">\n<div class=\"jw-media jw-reset\"><\/div>\n<div class=\"jw-preview jw-reset\">\n<div class=\"jw-video-thumbnail-generated jw-video-thumbnail-container\"><\/div>\n<\/div>\n<div class=\"jw-title jw-reset-text\" dir=\"auto\"><\/div>\n<div class=\"jw-overlays jw-reset\">\n<div id=\"botr_sqegIlNj_8Y9gU3vI_div_googima\" class=\"jw-plugin jw-reset jw-plugin-googima\">\n<div id=\"botr_sqegIlNj_8Y9gU3vI_div_ad\" class=\"jw-ads-view\">\n<div><\/div>\n<\/div>\n<\/div>\n<\/div>\n<div class=\"jw-controls jw-reset\">\n<div class=\"jw-display jw-reset\">\n<div class=\"jw-display-container jw-reset\">\n<div class=\"jw-display-controls jw-reset\">\n<div class=\"jw-display-icon-container jw-display-icon-display jw-reset\">\n<div class=\"jw-icon jw-icon-display jw-button-color jw-reset\" tabindex=\"0\" role=\"button\" aria-label=\"Play\"><\/div>\n<\/div>\n<\/div>\n<\/div>\n<\/div>\n<\/div>\n<\/div>\n<\/div>\n<\/div>\n<div class=\"discovery__video\">\n<div id=\"botr_Rt3zecjZ_ur0tnLOX_div\" class=\"jwplayer jw-reset jw-state-idle jw-stretch-uniform jw-flag-aspect-mode jw-floating-dismissible jw-keep-thumbnail jw-flag-user-inactive\" tabindex=\"0\" role=\"application\" aria-label=\"Video Player - Zabava - Bonus video\" aria-describedby=\"jw-botr_Rt3zecjZ_ur0tnLOX_div-shortcuts-tooltip-explanation\">\n<div class=\"jw-wrapper jw-reset\">\n<div class=\"jw-media jw-reset\"><\/div>\n<div class=\"jw-overlays jw-reset\">\n<div id=\"botr_Rt3zecjZ_ur0tnLOX_div_cnx\" class=\"jw-plugin jw-reset jw-plugin-cnx\">\n<div id=\"botr_Rt3zecjZ_ur0tnLOX_div_ad\" class=\"jw-ads-view cnx-ad-container\">\n<div class=\"cnx-ad-bid-slot\" aria-hidden=\"true\">\n<div class=\"cnx-ad-slot\">\n<div class=\"cnx-ad-slot\">\n<div><\/div>\n<\/div>\n<\/div>\n<\/div>\n<\/div>\n<\/div>\n<\/div>\n<div class=\"jw-controls jw-reset\">\n<div class=\"jw-display jw-reset\">\n<div class=\"jw-display-container jw-reset\">\n<div class=\"jw-display-controls jw-reset\">\n<div class=\"jw-display-icon-container jw-display-icon-display jw-reset\">\n<div class=\"jw-icon jw-icon-display jw-button-color jw-reset\" tabindex=\"0\" role=\"button\" aria-label=\"Play\"><\/div>\n<\/div>\n<\/div>\n<\/div>\n<\/div>\n<div class=\"jw-nextup-container jw-reset\">\n<div class=\"jw-nextup jw-background-color jw-reset\">\n<div class=\"jw-nextup-tooltip jw-reset\"><\/div>\n<\/div>\n<\/div>\n<\/div>\n<\/div>\n<\/div>\n<\/div>\n<\/div>\n<footer>\n<div class=\"article__tags\" data-run-module=\"localV4\/common\/articlePianoEvent.init\" data-run-module-isrun=\"1\">\n<ul>\n<li><a href=\"https:\/\/www.blic.rs\/skolska-godina\" data-mrf-link=\"https:\/\/www.blic.rs\/skolska-godina\">#\u0160kolska godina<\/a><\/li>\n<li><a href=\"https:\/\/www.blic.rs\/raspust\" data-mrf-link=\"https:\/\/www.blic.rs\/raspust\">#Raspust<\/a><\/li>\n<li><a href=\"https:\/\/www.blic.rs\/skolski-kalendar\" data-mrf-link=\"https:\/\/www.blic.rs\/skolski-kalendar\">#\u0161kolski kalendar<\/a><\/li>\n<\/ul>\n<\/div>\n<div id=\"taboola-alternating-below-article\" class=\"trc_related_container tbl-trecs-container trc_spotlight_widget\"><\/div>\n<div class=\"news-box-title\">\n<h2>Preporu\u010dujemo<\/h2>\n<\/div>\n<div id=\"piano-story-recommendations\">\n<div class=\"tp-cxense-placeholder-inline tp-widget-placeholder\">\n<div id=\"cxense-b4f9024ad021adb388bd70bd6bb2b024e008ea11\">\n<div class=\"cx-flex-module\" data-cx_t2u7=\"\">\n<section class=\"news-box news-box--list2\">\n<div class=\"news news--small\">\n<div class=\"news__image\">\n<figure><picture><img loading=\"lazy\" decoding=\"async\" src=\"https:\/\/content-thumbnail.cxpublic.com\/content\/dominantthumbnail\/28282b8d70c6dd078571a2c9d707cef980bf2a4f.jpg?6a953fbb\" alt=\"Umrla voditeljka Ksenija Urli\u010di\u0107\" width=\"300\" height=\"210\" \/><\/picture><\/figure>\n<\/div>\n<div class=\"news__content\">\n<h3><a id=\"cXLinkIdmth43ndcnig3o2kg\" class=\"cx-item\" title=\"Umrla voditeljka Ksenija Urli\u010di\u0107\" href=\"https:\/\/www.blic.rs\/sudbine\/umrla-voditeljka-ksenija-urlicic\/vckjm3s\" target=\"_top\" data-mrf-link=\"https:\/\/www.blic.rs\/sudbine\/umrla-voditeljka-ksenija-urlicic\/vckjm3s\">Umrla voditeljka Ksenija Urli\u010di\u0107<\/a><\/h3>\n<\/div>\n<\/div>\n<div class=\"news news--small\">\n<div class=\"news__image\">\n<figure><picture><img loading=\"lazy\" decoding=\"async\" src=\"https:\/\/content-thumbnail.cxpublic.com\/content\/dominantthumbnail\/ff525605b9ca596ad302b6097abd2298393c7ede.jpg?6a954914\" alt=\"Umrla influenserka Kristina Kova\u010devi\u0107 Hitrec, majka \u0161estoro dece\" width=\"300\" height=\"210\" \/><\/picture><\/figure>\n<\/div>\n<div class=\"news__content\">\n<h3><a id=\"cXLinkIdmth43ndcdtes8dwc\" class=\"cx-item\" title=\"Umrla influenserka Kristina Kova\u010devi\u0107 Hitrec, majka \u0161estoro dece\" href=\"https:\/\/www.blic.rs\/sudbine\/umrla-influenserka-kristina-kovacevic-hitrec-majka-sestoro-dece\/hwwr0v3\" target=\"_top\" data-mrf-link=\"https:\/\/www.blic.rs\/sudbine\/umrla-influenserka-kristina-kovacevic-hitrec-majka-sestoro-dece\/hwwr0v3\">Umrla influenserka Kristina Kova\u010devi\u0107 Hitrec, majka \u0161estoro dece<\/a><\/h3>\n<\/div>\n<\/div>\n<div class=\"news news--small\">\n<div class=\"news__image\">\n<figure><picture><img loading=\"lazy\" decoding=\"async\" src=\"https:\/\/content-thumbnail.cxpublic.com\/content\/dominantthumbnail\/37eb303450e66b0861fab75371f7104cc7c6a8fd.jpg?6a945b30\" alt=\"Snimljeni poslednji minuti na brodu koji se prevrnuo na Kipru (Video)\" width=\"300\" height=\"210\" \/><\/picture><\/figure>\n<\/div>\n<div class=\"news__content\">\n<h3><a id=\"cXLinkIdmth43ndcvj7dmmtl\" class=\"cx-item\" title=\"Snimljeni poslednji minuti na brodu koji se prevrnuo na Kipru (Video)\" href=\"https:\/\/www.blic.rs\/vesti\/svet\/snimljeni-poslednji-minuti-na-brodu-koji-se-prevrnuo-na-kipru-video\/2crd3w3\" target=\"_top\" data-mrf-link=\"https:\/\/www.blic.rs\/vesti\/svet\/snimljeni-poslednji-minuti-na-brodu-koji-se-prevrnuo-na-kipru-video\/2crd3w3\">Snimljeni poslednji minuti na brodu koji se prevrnuo na Kipru (Video)<\/a><\/h3>\n<\/div>\n<\/div>\n<div class=\"news news--small\">\n<div class=\"news__image\">\n<figure><picture><img loading=\"lazy\" decoding=\"async\" src=\"https:\/\/content-thumbnail.cxpublic.com\/content\/dominantthumbnail\/974e6bd76ce6ec355d270caf3521693dcb2f3e5d.jpg?6a9480ac\" alt=\"Oglasila se \u0107erka Srpkinje nestale u Nepalu (Foto)\" width=\"300\" height=\"210\" \/><\/picture><\/figure>\n<\/div>\n<div class=\"news__content\">\n<h3><a id=\"cXLinkIdmth43nddy6xz9d8v\" class=\"cx-item\" title=\"Oglasila se \u0107erka Srpkinje nestale u Nepalu (Foto)\" href=\"https:\/\/www.blic.rs\/vesti\/drustvo\/oglasila-se-cerka-srpkinje-nestale-u-nepalu-foto\/88lydpw\" target=\"_top\" data-mrf-link=\"https:\/\/www.blic.rs\/vesti\/drustvo\/oglasila-se-cerka-srpkinje-nestale-u-nepalu-foto\/88lydpw\">Oglasila se \u0107erka Srpkinje nestale u Nepalu (Foto)<\/a><\/h3>\n<\/div>\n<\/div>\n<\/section>\n<\/div>\n<\/div>\n<\/div>\n<\/div>\n<div class=\"article__community-groups-blic\">\n<div class=\"article__community-top\">\n<div class=\"article__community-icon\">Pridru\u017eite se<\/div>\n<p>Saznajte sve o najva\u017enijim vestima i doga\u0111ajima, pridru\u017eite se na\u0161oj Viber i WhatsApp zajednici ili \u010ditajte na Google News.<\/p>\n<\/div>\n<div class=\"article__community-button\">\n<div class=\"article__community article__community--viber article_direct-community\"><a href=\"https:\/\/invite.viber.com\/?g2=AQBI0Sbh%2FqkqL0xslYqfxIfVNI824DTNNKhlGsV00aLd58O6E4klv96aRe8SmMSE\" target=\"_blank\" rel=\"noopener\" aria-label=\"viber community\" data-mrf-link=\"https:\/\/invite.viber.com\/?g2=AQBI0Sbh%2FqkqL0xslYqfxIfVNI824DTNNKhlGsV00aLd58O6E4klv96aRe8SmMSE\">Blic Viber<\/a><\/div>\n<div class=\"article__community article__community--whatsapp article_direct-community\"><a href=\"https:\/\/whatsapp.com\/channel\/0029Va9AnaGJUM2hafZrhJ2f\" target=\"_blank\" rel=\"noopener\" aria-label=\"whatsapp community\" data-mrf-link=\"https:\/\/whatsapp.com\/channel\/0029Va9AnaGJUM2hafZrhJ2f\">Blic WhatsApp<\/a><\/div>\n<div class=\"article__community article__community--google article_direct-community\"><a href=\"https:\/\/news.google.com\/publications\/CAAiEPSa46r4AkUjcaud9FX33woqFAgKIhD0muOq-AJFI3GrnfRV998K?hl=sr&amp;gl=RS&amp;ceid=RS%3Asr\" target=\"_blank\" rel=\"noopener\" data-run-module=\"local\/common\/ga4Events\/googleNewsFollowEvent.init\" aria-label=\"google news community\" data-mrf-link=\"https:\/\/news.google.com\/publications\/CAAiEPSa46r4AkUjcaud9FX33woqFAgKIhD0muOq-AJFI3GrnfRV998K?hl=sr&amp;gl=RS&amp;ceid=RS%3Asr\" data-run-module-isrun=\"1\">Google News<\/a><\/div>\n<\/div>\n<\/div>\n<div class=\"article__social\" data-run-module=\"localV4\/desktop\/copy.init\" data-run-module-isrun=\"1\">\n<ul>\n<li><\/li>\n<li><\/li>\n<li><\/li>\n<li><\/li>\n<li class=\"copy\"><\/li>\n<\/ul>\n<\/div>\n<\/footer>\n<\/div>\n<\/div>\n<\/article>\n<div class=\"news-box-title\" data-run-module=\"localV4\/common\/carousel.init\" data-run-module-isrun=\"1\">Izdvajamo za vas<\/p>\n<div class=\"news-box-title__arrows\">\n<div class=\"carousel-prev\" tabindex=\"0\" role=\"button\" aria-label=\"Previous slide\" aria-controls=\"swiper-wrapper-2bbade2d71075ee107\"><\/div>\n<div class=\"carousel-next\" tabindex=\"0\" role=\"button\" aria-label=\"Next slide\" aria-controls=\"swiper-wrapper-2bbade2d71075ee107\"><\/div>\n<\/div>\n<\/div>\n<div class=\"news-box news-box--list swiper news-list-carousel swiper-initialized swiper-horizontal swiper-backface-hidden\">\n<div id=\"swiper-wrapper-2bbade2d71075ee107\" class=\"swiper-wrapper\" aria-live=\"polite\">\n<article class=\"news news--small swiper-slide swiper-slide-active\" role=\"group\" aria-label=\"1 \/ 6\" data-swiper-slide-index=\"0\">\n<div class=\"news__image\" data-article-title=\"&quot;NUDIO JE 15 MILIONA ZA MOJU NEVINOST!&quot; Sofija odbila bogatu ponudu POZNATOG KO\u0160ARKA\u0160A, iako je \u017eivela od socijalne pomo\u0107i \/FOTO\/\">\n<figure><picture><source srcset=\"\/\/ocdn.eu\/pulscms-transforms\/1\/Tgbk9kuTURBXy84NGIzZWM1My03MzM5LTQ3MTItYjJlYi1hOTBlYWY3NDFjYjkuanBlZ5GTBc0BLMzS3gABoTAF 1x, \/\/ocdn.eu\/pulscms-transforms\/1\/FU_k9kuTURBXy84NGIzZWM1My03MzM5LTQ3MTItYjJlYi1hOTBlYWY3NDFjYjkuanBlZ5GTBc0CWM0BpN4AAaEwBQ 2x\" type=\"image\/webp\" \/><img loading=\"lazy\" decoding=\"async\" src=\"https:\/\/ocdn.eu\/pulscms-transforms\/1\/zTOk9kuTURBXy84NGIzZWM1My03MzM5LTQ3MTItYjJlYi1hOTBlYWY3NDFjYjkuanBlZ5GTBc0BLMzS3gABoTAB\" alt=\"\" width=\"300\" height=\"210\" \/><\/picture><\/figure>\n<\/div>\n<div class=\"news__content\">\n<h4 data-article-title=\"&quot;NUDIO JE 15 MILIONA ZA MOJU NEVINOST!&quot; Sofija odbila bogatu ponudu POZNATOG KO\u0160ARKA\u0160A, iako je \u017eivela od socijalne pomo\u0107i \/FOTO\/\"><a href=\"https:\/\/sportal.blic.rs\/prica\/sofi-rejn-odbila-da-proda-nevinost-za-15-miliona-poznatom-kosarkasu-2026083109255615738\" target=\"_blank\" rel=\"noopener\" data-mrf-link=\"https:\/\/sportal.blic.rs\/prica\/sofi-rejn-odbila-da-proda-nevinost-za-15-miliona-poznatom-kosarkasu-2026083109255615738\">&#8222;NUDIO JE 15 MILIONA ZA MOJU NEVINOST!&#8220; Sofija odbila bogatu ponudu POZNATOG KO\u0160ARKA\u0160A, iako je \u017eivela od socijalne pomo\u0107i \/FOTO\/<\/a><\/h4>\n<\/div>\n<\/article>\n<article class=\"news news--small swiper-slide swiper-slide-next\" role=\"group\" aria-label=\"2 \/ 6\" data-swiper-slide-index=\"1\">\n<div class=\"news__image\" data-article-title=\"Medicinska sestra Kristina (24) iz Valjeva zatrudnela sa O\u017dENJENIM LEKAROM od 60 godina: &quot;Tra\u017eio je DNK TEST, nije hteo da prizna dete&quot;\">\n<figure><picture><source srcset=\"\/\/ocdn.eu\/pulscms-transforms\/1\/hJRk9kuTURBXy8wYWFjZjYzYS0xNWIzLTQwOWMtODRkZC04MDY0NjY5NTBkZDQuanBlZ5GTBc0BLMzS3gABoTAF 1x, \/\/ocdn.eu\/pulscms-transforms\/1\/529k9kuTURBXy8wYWFjZjYzYS0xNWIzLTQwOWMtODRkZC04MDY0NjY5NTBkZDQuanBlZ5GTBc0CWM0BpN4AAaEwBQ 2x\" type=\"image\/webp\" \/><img loading=\"lazy\" decoding=\"async\" src=\"https:\/\/ocdn.eu\/pulscms-transforms\/1\/eCok9kuTURBXy8wYWFjZjYzYS0xNWIzLTQwOWMtODRkZC04MDY0NjY5NTBkZDQuanBlZ5GTBc0BLMzS3gABoTAB\" alt=\"\" width=\"300\" height=\"210\" \/><\/picture><\/figure>\n<\/div>\n<div class=\"news__content\">\n<h4 data-article-title=\"Medicinska sestra Kristina (24) iz Valjeva zatrudnela sa O\u017dENJENIM LEKAROM od 60 godina: &quot;Tra\u017eio je DNK TEST, nije hteo da prizna dete&quot;\"><a href=\"https:\/\/zena.blic.rs\/porodica\/medicinska-sestra-kristina-zatrudnela-sa-ozenjenim-lekarom-starijim-39-godina-trazio\/hk35e2z\" target=\"_blank\" rel=\"noopener\" data-mrf-link=\"https:\/\/zena.blic.rs\/porodica\/medicinska-sestra-kristina-zatrudnela-sa-ozenjenim-lekarom-starijim-39-godina-trazio\/hk35e2z\">Medicinska sestra Kristina (24) iz Valjeva zatrudnela sa O\u017dENJENIM LEKAROM od 60 godina: &#8222;Tra\u017eio je DNK TEST, nije hteo da prizna dete&#8220;<\/a><\/h4>\n<\/div>\n<\/article>\n<article class=\"news news--small swiper-slide\" role=\"group\" aria-label=\"3 \/ 6\" data-swiper-slide-index=\"2\">\n<div class=\"news__image\" data-article-title=\"RUSI OTKRILI TAJNO ORU\u017dJE PROTIV MASKA: Njegov STARLINK vi\u0161e nije NEDODIRLJIV, novi sistem MENJA TOK RATA\">\n<figure><picture><source srcset=\"\/\/ocdn.eu\/pulscms-transforms\/1\/NDvk9kuTURBXy9jZGY3ZDQ0My1hOGQ0LTRkY2ItOGYzNS04Njc1YWExOGFjMmIuanBlZ5GTBc0BLMzS3gABoTAF 1x, \/\/ocdn.eu\/pulscms-transforms\/1\/0Kok9kuTURBXy9jZGY3ZDQ0My1hOGQ0LTRkY2ItOGYzNS04Njc1YWExOGFjMmIuanBlZ5GTBc0CWM0BpN4AAaEwBQ 2x\" type=\"image\/webp\" \/><img loading=\"lazy\" decoding=\"async\" src=\"https:\/\/ocdn.eu\/pulscms-transforms\/1\/egtk9kuTURBXy9jZGY3ZDQ0My1hOGQ0LTRkY2ItOGYzNS04Njc1YWExOGFjMmIuanBlZ5GTBc0BLMzS3gABoTAB\" alt=\"\" width=\"300\" height=\"210\" \/><\/picture><\/figure>\n<\/div>\n<div class=\"news__content\">\n<h4 data-article-title=\"RUSI OTKRILI TAJNO ORU\u017dJE PROTIV MASKA: Njegov STARLINK vi\u0161e nije NEDODIRLJIV, novi sistem MENJA TOK RATA\"><a href=\"https:\/\/www.nin.rs\/svet\/vesti\/122022\/rusi-ostavili-ilona-maska-bez-signala-mitski-sistem-vkg-utisao-starlink?utm_source=blic.rs&amp;utm_medium=referral&amp;utm_campaign=single\" target=\"_blank\" rel=\"noopener\" data-mrf-link=\"https:\/\/www.nin.rs\/svet\/vesti\/122022\/rusi-ostavili-ilona-maska-bez-signala-mitski-sistem-vkg-utisao-starlink?utm_source=blic.rs&amp;utm_medium=referral&amp;utm_campaign=single\">RUSI OTKRILI TAJNO ORU\u017dJE PROTIV MASKA: Njegov STARLINK vi\u0161e nije NEDODIRLJIV, novi sistem MENJA TOK RATA<\/a><\/h4>\n<\/div>\n<\/article>\n<article class=\"news news--small swiper-slide\" role=\"group\" aria-label=\"4 \/ 6\" data-swiper-slide-index=\"3\">\n<div class=\"news__image\" data-article-title=\"&quot;Mislio sam da se moja \u017eena zapustila, pa sam na\u0161ao mla\u0111u&quot;: Zoran prevario suprugu, a onda shvatio GORKU ISTINU\">\n<figure><picture><source srcset=\"\/\/ocdn.eu\/pulscms-transforms\/1\/id1k9kuTURBXy85NDM4NmZmNS05NTY2LTRmYTMtYWRkYi1kNDUyMjJiY2Q2MzYuanBlZ5GTBc0BLMzS3gABoTAF 1x, \/\/ocdn.eu\/pulscms-transforms\/1\/r_ck9kuTURBXy85NDM4NmZmNS05NTY2LTRmYTMtYWRkYi1kNDUyMjJiY2Q2MzYuanBlZ5GTBc0CWM0BpN4AAaEwBQ 2x\" type=\"image\/webp\" \/><img loading=\"lazy\" decoding=\"async\" src=\"https:\/\/ocdn.eu\/pulscms-transforms\/1\/fOik9kuTURBXy85NDM4NmZmNS05NTY2LTRmYTMtYWRkYi1kNDUyMjJiY2Q2MzYuanBlZ5GTBc0BLMzS3gABoTAB\" alt=\"\" width=\"300\" height=\"210\" \/><\/picture><\/figure>\n<\/div>\n<div class=\"news__content\">\n<h4 data-article-title=\"&quot;Mislio sam da se moja \u017eena zapustila, pa sam na\u0161ao mla\u0111u&quot;: Zoran prevario suprugu, a onda shvatio GORKU ISTINU\"><a href=\"https:\/\/zena.blic.rs\/porodica\/zoran-je-prevario-zenu-jer-se-zapustila-a-onda-je-video-scenu-u-dnevnoj-sobi-koja-ga\/g6djw9k\" target=\"_blank\" rel=\"noopener\" data-mrf-link=\"https:\/\/zena.blic.rs\/porodica\/zoran-je-prevario-zenu-jer-se-zapustila-a-onda-je-video-scenu-u-dnevnoj-sobi-koja-ga\/g6djw9k\">&#8222;Mislio sam da se moja \u017eena zapustila, pa sam na\u0161ao mla\u0111u&#8220;: Zoran prevario suprugu, a onda shvatio GORKU ISTINU<\/a><\/h4>\n<\/div>\n<\/article>\n<article class=\"news news--small swiper-slide\" role=\"group\" aria-label=\"5 \/ 6\" data-swiper-slide-index=\"4\">\n<div class=\"news__image\" data-article-title=\"Dejan Stankovi\u0107 ima BOMBASTI\u010cNU SNAJKU: Ve\u0107 je rodila dete \u010duvanom Italijanu, stalno pokazuje grudi i dovodi ljude do ludila \/FOTO\/\">\n<figure><picture><source srcset=\"\/\/ocdn.eu\/pulscms-transforms\/1\/vlmk9kpTURBXy9mYThmZDI5MzM2OTZiZWJiODE2YjczN2UxNDIyNDU2Ni5qcGeRkwXNASzM0t4AAaEwBQ 1x, \/\/ocdn.eu\/pulscms-transforms\/1\/Zwck9kpTURBXy9mYThmZDI5MzM2OTZiZWJiODE2YjczN2UxNDIyNDU2Ni5qcGeRkwXNAljNAaTeAAGhMAU 2x\" type=\"image\/webp\" \/><img loading=\"lazy\" decoding=\"async\" src=\"https:\/\/ocdn.eu\/pulscms-transforms\/1\/pGIk9kpTURBXy9mYThmZDI5MzM2OTZiZWJiODE2YjczN2UxNDIyNDU2Ni5qcGeRkwXNASzM0t4AAaEwAQ\" alt=\"\" width=\"300\" height=\"210\" \/><\/picture><\/figure>\n<\/div>\n<div class=\"news__content\">\n<h4 data-article-title=\"Dejan Stankovi\u0107 ima BOMBASTI\u010cNU SNAJKU: Ve\u0107 je rodila dete \u010duvanom Italijanu, stalno pokazuje grudi i dovodi ljude do ludila \/FOTO\/\"><a href=\"https:\/\/sportal.blic.rs\/prica\/italija-bruji-aleksandar-stankovic-u-vezi-sa-prelepom-manekenkom-andjelinom-2026082915035568540\" target=\"_blank\" rel=\"noopener\" data-mrf-link=\"https:\/\/sportal.blic.rs\/prica\/italija-bruji-aleksandar-stankovic-u-vezi-sa-prelepom-manekenkom-andjelinom-2026082915035568540\">Dejan Stankovi\u0107 ima BOMBASTI\u010cNU SNAJKU: Ve\u0107 je rodila dete \u010duvanom Italijanu, stalno pokazuje grudi i dovodi ljude do ludila \/FOTO\/<\/a><\/h4>\n<\/div>\n<\/article>\n<article class=\"news news--small swiper-slide\" role=\"group\" aria-label=\"6 \/ 6\" data-swiper-slide-index=\"5\">\n<div class=\"news__image\" data-article-title=\"&quot;MORAJU DA BUDU UKLONJENI, UNI\u0160TI\u0106E SVET&quot;: Poznati glumac \u017eestoko udario na Trampa, a onda stigao BRUTALAN ODGOVOR\">\n<figure><picture><source srcset=\"\/\/ocdn.eu\/pulscms-transforms\/1\/JG4k9kuTURBXy9mODljYmRjNy1hNzVmLTQzNjgtOTJjNy01N2U4NzNmN2I0OWUuanBlZ5GTBc0BLMzS3gABoTAF 1x, \/\/ocdn.eu\/pulscms-transforms\/1\/ansk9kuTURBXy9mODljYmRjNy1hNzVmLTQzNjgtOTJjNy01N2U4NzNmN2I0OWUuanBlZ5GTBc0CWM0BpN4AAaEwBQ 2x\" type=\"image\/webp\" \/><img loading=\"lazy\" decoding=\"async\" src=\"https:\/\/ocdn.eu\/pulscms-transforms\/1\/lBYk9kuTURBXy9mODljYmRjNy1hNzVmLTQzNjgtOTJjNy01N2U4NzNmN2I0OWUuanBlZ5GTBc0BLMzS3gABoTAB\" alt=\"\" width=\"300\" height=\"210\" \/><\/picture><\/figure>\n<\/div>\n<div class=\"news__content\">\n<h4 data-article-title=\"&quot;MORAJU DA BUDU UKLONJENI, UNI\u0160TI\u0106E SVET&quot;: Poznati glumac \u017eestoko udario na Trampa, a onda stigao BRUTALAN ODGOVOR\"><a href=\"https:\/\/www.nin.rs\/magazin\/vesti\/122003\/robert-de-niro-zestoko-o-trampu-vise-ni-ne-koristim-rec-nada-moraju-biti-uklonjeni?utm_source=blic.rs&amp;utm_medium=referral&amp;utm_campaign=single\" target=\"_blank\" rel=\"noopener\" data-mrf-link=\"https:\/\/www.nin.rs\/magazin\/vesti\/122003\/robert-de-niro-zestoko-o-trampu-vise-ni-ne-koristim-rec-nada-moraju-biti-uklonjeni?utm_source=blic.rs&amp;utm_medium=referral&amp;utm_campaign=single\">&#8222;MORAJU DA BUDU UKLONJENI, UNI\u0160TI\u0106E SVET&#8220;: Poznati glumac \u017eestoko udario na Trampa, a onda stigao BRUTALAN ODGOVOR<\/a><\/h4>\n<\/div>\n<\/article>\n<\/div>\n<\/div>\n<div id=\"aklapBli2088\" class=\"aklawidgets\">\n<div id=\"logoheaderpBli2088\" class=\"news-exchange\">\n<h2>Pro\u010ditajte jo\u0161&#8230;<\/h2>\n<\/div>\n<div id=\"aklaleftarrowpBli2088\" class=\"aklaleftarrow\"><\/div>\n<div id=\"scrollpBli2088\" class=\"scrollpBli2088\">\n<div id=\"tablepBli2088\" class=\"columns-pBli2088\">\n<div class=\"dtpBli2088 btpBli2088\">\n<div class=\"imageout_pBli2088 \">\n<div class=\" image_over_pBli2088\">\n<div class=\"imgpBli20880 image_pBli2088\"><\/div>\n<\/div>\n<div class=\"akla_title_pBli2088\">IZABRANA JE NAJLEP\u0160A AMERIKANKA:\u00a0Prvi put titula pripala udatoj \u017eeni i majci (FOTO)<\/div>\n<\/div>\n<\/div>\n<div class=\"dtpBli2088 btpBli2088\">\n<div class=\"imageout_pBli2088 \">\n<div id=\"akla_ad_1162\" class=\"aklaadx\"><iframe id=\"akla_pb_iframe1162\" width=\"300\" height=\"250\" frameborder=\"0\" marginwidth=\"0\" marginheight=\"0\" scrolling=\"no\" data-mce-fragment=\"1\"><\/iframe><\/div>\n<\/div>\n<\/div>\n<div class=\"dtpBli2088 btpBli2088\">\n<div class=\"imageout_pBli2088 \">\n<div class=\" image_over_pBli2088\">\n<div class=\"imgpBli20882 image_pBli2088\"><\/div>\n<\/div>\n<div class=\"akla_title_pBli2088\">DANAS SLAVIMO SVETE MU\u010cENIKE FLORA I LAVRA:\u00a0Ovo je molitva za mir u du\u0161i<\/div>\n<\/div>\n<\/div>\n<div class=\"dtpBli2088 btpBli2088\">\n<div class=\"imageout_pBli2088 \">\n<div class=\" image_over_pBli2088\">\n<div class=\"imgpBli20883 image_pBli2088\"><\/div>\n<\/div>\n<div class=\"akla_title_pBli2088\">KOJE OSOBINE PARTNER TREBA DA IMA ZA USPE\u0160NU VEZU?\u00a0Mnogi \u0107e se iznenaditi<\/div>\n<\/div>\n<\/div>\n<div class=\"dtpBli2088 btpBli2088\">\n<div class=\"imageout_pBli2088 \">\n<div class=\" image_over_pBli2088\">\n<div class=\"imgpBli20884 image_pBli2088\"><\/div>\n<\/div>\n<div class=\"akla_title_pBli2088\">O\u017dENIO SE BRAT PELIN:\u00a0Na PZE najavio svadbu, a sada stvarno stao na &#8222;ludi kamen&#8220; (FOTO)<\/div>\n<\/div>\n<\/div>\n<div class=\"dtpBli2088 btpBli2088\">\n<div class=\"imageout_pBli2088 \">\n<div class=\" image_over_pBli2088\">\n<div class=\"imgpBli20885 image_pBli2088\"><\/div>\n<\/div>\n<div class=\"akla_title_pBli2088\">MEDALjA ZA SRBIJU: Aleksandra Peri\u0161i\u0107 osvojila bronzu na Svetskom prvenstvu u tekvondou<\/div>\n<\/div>\n<\/div>\n<div class=\"dtpBli2088 btpBli2088\">\n<div class=\"imageout_pBli2088 \">\n<div class=\" image_over_pBli2088\">\n<div class=\"imgpBli20886 image_pBli2088\"><\/div>\n<\/div>\n<div class=\"akla_title_pBli2088\">US OPEN:\u00a0Venus Vilijams zavr\u0161ila takmi\u010denje, Svitolina opravdala ulogu favorita<\/div>\n<\/div>\n<\/div>\n<div class=\"dtpBli2088 btpBli2088\">\n<div class=\"imageout_pBli2088 \">\n<div class=\" image_over_pBli2088\">\n<div class=\"imgpBli20887 image_pBli2088\"><\/div>\n<\/div>\n<div class=\"akla_title_pBli2088\">Rijera najavio &#8222;metlu&#8220; u Zvezdu: O\u010disti\u0107u ekipu, neke odluke bi\u0107e bolne, budite uvereni u jednu stvar<\/div>\n<\/div>\n<\/div>\n<div class=\"dtpBli2088 btpBli2088\">\n<div class=\"imageout_pBli2088 \">\n<div class=\" image_over_pBli2088\">\n<div class=\"imgpBli20888 image_pBli2088\"><\/div>\n<\/div>\n<div class=\"akla_title_pBli2088\">HOROR NA US OPENU!\u00a0Pogledajte kako je Novak \u0110okovi\u0107 povra\u0107ao nasred terena! (VIDEO)<\/div>\n<\/div>\n<\/div>\n<div class=\"dtpBli2088 btpBli2088\">\n<div class=\"imageout_pBli2088 \">\n<div class=\" image_over_pBli2088\">\n<div class=\"imgpBli20889 image_pBli2088\"><\/div>\n<\/div>\n<div class=\"akla_title_pBli2088\">&#8222;Ja ne znam koji fudbal mi igramo!&#8220; Partizan raspametio \u0160pance, \u010cumi\u0107 sve otkrio<\/div>\n<\/div>\n<\/div>\n<\/div>\n<\/div>\n<div id=\"aklarightarrowpBli2088\" class=\"aklarightarrow\"><\/div>\n<\/div>\n<div id=\"aklaPBlSrpD\" class=\"aklawidgets\"><\/div>\n<div id=\"aklaWbE8WcP\" class=\"aklawidgets\">\n<div id=\"logoheaderWbE8WcP\">\n<div>Preporuka za Vas:<\/div>\n<div id=\"aklalogo_WbE8WcP\">\n<div class=\"aklalogoslika\"><\/div>\n<div>by Aklamator<\/div>\n<\/div>\n<\/div>\n<div id=\"tableWbE8WcP\" class=\"columns-WbE8WcP\">\n<div class=\"dtWbE8WcP btWbE8WcP\">\n<div class=\"imageout_WbE8WcP \">\n<div class=\" image_over_WbE8WcP\">\n<div class=\"imgWbE8WcP0 image_WbE8WcP\"><\/div>\n<\/div>\n<div class=\"akla_title_WbE8WcP\">Jelena prodaje plac od 572 kvadrata u Titelu za 18.000 evra: Svi priklju\u010dci dostupni ispred parcele<\/div>\n<\/div>\n<\/div>\n<div class=\"dtWbE8WcP btWbE8WcP\">\n<div class=\"imageout_WbE8WcP \">\n<div id=\"akla_ad_187\" class=\"aklaadx\"><iframe id=\"akla_pb_iframe187\" width=\"300\" height=\"250\" frameborder=\"0\" marginwidth=\"0\" marginheight=\"0\" scrolling=\"no\" data-mce-fragment=\"1\"><\/iframe><\/div>\n<\/div>\n<\/div>\n<div class=\"dtWbE8WcP btWbE8WcP\">\n<div class=\"imageout_WbE8WcP \">\n<div class=\" image_over_WbE8WcP\">\n<div class=\"imgWbE8WcP2 image_WbE8WcP\"><\/div>\n<\/div>\n<div class=\"akla_title_WbE8WcP\">ISPLIVAO UZNEMIRUJU\u0106 SNIMAK LIKVIDACIJE NOVICE ELEKA?!\u00a0Ubica ga juri oko automobila, KOBNI HITAC ispaljen ispred kapije?<\/div>\n<\/div>\n<\/div>\n<div class=\"dtWbE8WcP btWbE8WcP\">\n<div class=\"imageout_WbE8WcP \">\n<div class=\" image_over_WbE8WcP\">\n<div class=\"imgWbE8WcP3 image_WbE8WcP\"><\/div>\n<\/div>\n<div class=\"akla_title_WbE8WcP\">AN\u0110ELA \u0110URI\u010cI\u0106 SE OBRU\u0160ILA NA BUDU\u0106E CIMERE\u00a0Najavila haos u Eliti 10, njega je posebno potka\u010dila: Nije po\u0161tedela ni Staniju Dobrojevi\u0107<\/div>\n<\/div>\n<\/div>\n<div class=\"dtWbE8WcP btWbE8WcP\">\n<div class=\"imageout_WbE8WcP \">\n<div id=\"akla_ad_188\" class=\"aklaadx\"><iframe id=\"akla_pb_iframe188\" width=\"300\" height=\"250\" frameborder=\"0\" marginwidth=\"0\" marginheight=\"0\" scrolling=\"no\" data-mce-fragment=\"1\"><\/iframe><\/div>\n<\/div>\n<\/div>\n<div class=\"dtWbE8WcP btWbE8WcP\">\n<div class=\"imageout_WbE8WcP \">\n<div class=\" image_over_WbE8WcP\">\n<div class=\"imgWbE8WcP5 image_WbE8WcP\"><\/div>\n<\/div>\n<div class=\"akla_title_WbE8WcP\">Uradite ovo sa radijatorima pre po\u010detka grejne sezone: Jednostavan trik ko\u0161ta 500 dinara, a mo\u017ee da vam puno u\u0161tedi<\/div>\n<\/div>\n<\/div>\n<div class=\"dtWbE8WcP btWbE8WcP\">\n<div class=\"imageout_WbE8WcP \">\n<div class=\" image_over_WbE8WcP\">\n<div class=\"imgWbE8WcP6 image_WbE8WcP\"><\/div>\n<\/div>\n<div class=\"akla_title_WbE8WcP\">Pad akcija na azijskim tr\u017ei\u0161tima! Investitori oprezni na po\u010detku nedelje: Jen ponovo oslabio<\/div>\n<\/div>\n<\/div>\n<div class=\"dtWbE8WcP btWbE8WcP\">\n<div class=\"imageout_WbE8WcP \">\n<div id=\"akla_ad_941\" class=\"aklaadx\"><iframe id=\"akla_pb_iframe941\" width=\"300\" height=\"250\" frameborder=\"0\" marginwidth=\"0\" marginheight=\"0\" scrolling=\"no\" data-mce-fragment=\"1\"><\/iframe><\/div>\n<\/div>\n<\/div>\n<div class=\"dtWbE8WcP btWbE8WcP\">\n<div class=\"imageout_WbE8WcP \">\n<div class=\" image_over_WbE8WcP\">\n<div class=\"imgWbE8WcP8 image_WbE8WcP\"><\/div>\n<\/div>\n<div class=\"akla_title_WbE8WcP\">Danas protest voza\u010da u zemljama Zapadnog Balkana zbog ograni\u010denog boravka u \u0160engen zoni<\/div>\n<\/div>\n<\/div>\n<\/div>\n<\/div>\n<div id=\"aklaJUq3W5u\" class=\"aklawidgets\">\n<div class=\"postcontain_JUq3W5u dtJUq3W5u\">\n<div class=\"imageout_JUq3W5u\">\n<div id=\"akla_ad_390\" class=\"aklaadx\"><iframe id=\"akla_pb_iframe390\" width=\"728\" height=\"90\" frameborder=\"0\" marginwidth=\"0\" marginheight=\"0\" scrolling=\"no\" data-mce-fragment=\"1\"><\/iframe><\/div>\n<\/div>\n<\/div>\n<\/div>\n<div class=\"banner banner--under-article\" data-placeholder-caption=\"Oglas\">\n<div class=\"banner--placeholder\">\n<div id=\"Under_Article_1\" class=\"wrapperAd lazyAd\"><\/div>\n<\/div>\n<\/div>\n<div class=\"news-box-title\">Vi\u0161e sa weba<\/div>\n<section class=\"news-box news-box--list\">\n<article class=\"news news--small\">\n<div class=\"news__image\">\n<figure><img loading=\"lazy\" decoding=\"async\" src=\"https:\/\/xdn.tf.rs\/2026\/06\/20\/tan2026-06-19225629617-848258-180x120.webp\" alt=\"Deci glave bile krvave od grada, pokidani krovovi, automobili uni\u0161teni: Jezivo nevreme pogodilo \u0160vajcarsku\" width=\"300\" height=\"210\" \/><\/figure>\n<\/div>\n<div class=\"news__content\"><a href=\"https:\/\/www.telegraf.rs\/vesti\/svet\/4386638-deci-glave-bile-krvave-od-grada-pokidani-krovovi-automobili-unisteni-jezivo-nevreme-pogodilo-svajcarsku?ref=BlicApp\" target=\"_blank\" rel=\"noopener\" data-mrf-link=\"https:\/\/www.telegraf.rs\/vesti\/svet\/4386638-deci-glave-bile-krvave-od-grada-pokidani-krovovi-automobili-unisteni-jezivo-nevreme-pogodilo-svajcarsku?ref=BlicApp\">Deci glave bile krvave od grada, pokidani krovovi, automobili uni\u0161teni: Jezivo nevreme pogodilo \u0160vajcarsku<\/a><\/div>\n<\/article>\n<article class=\"news news--small\">\n<div class=\"news__image\">\n<figure><img loading=\"lazy\" decoding=\"async\" src=\"https:\/\/xdn.tf.rs\/2026\/08\/29\/34th-anniversary-discovery-body-approaches-138721297-310372-180x120.webp?ver=802145\" alt=\"Lidija je nestala 90-ih, tek ove nedelje saznali \u0161ta joj se desilo: Misterija stara 34 godine kona\u010dno re\u0161ena\" width=\"300\" height=\"210\" \/><\/figure>\n<\/div>\n<div class=\"news__content\"><a href=\"https:\/\/www.telegraf.rs\/vesti\/svet\/4386664-lidija-je-nestala-90-ih-tek-ove-nedelje-saznali-sta-joj-se-desilo-misterija-stara-34-godine-konacno-resena?ref=BlicApp\" target=\"_blank\" rel=\"noopener\" data-mrf-link=\"https:\/\/www.telegraf.rs\/vesti\/svet\/4386664-lidija-je-nestala-90-ih-tek-ove-nedelje-saznali-sta-joj-se-desilo-misterija-stara-34-godine-konacno-resena?ref=BlicApp\">Lidija je nestala 90-ih, tek ove nedelje saznali \u0161ta joj se desilo: Misterija stara 34 godine kona\u010dno re\u0161ena<\/a><\/div>\n<\/article>\n<article class=\"news news--small\">\n<div class=\"news__image\">\n<figure><img loading=\"lazy\" decoding=\"async\" src=\"https:\/\/xdn.tf.rs\/2023\/06\/13\/shutterstock1816587488-180x120.jpg\" alt=\"Luka (38) umro u \u010dekaonici Hitne pomo\u0107i, lekari navodno rekli: &quot;Opet si do\u0161ao?!&quot;\" width=\"300\" height=\"210\" \/><\/figure>\n<\/div>\n<div class=\"news__content\"><a href=\"https:\/\/www.telegraf.rs\/vesti\/jugosfera\/4386475-luka-38-preminuo-u-cekaonici-hitne-pomoci?ref=BlicApp\" target=\"_blank\" rel=\"noopener\" data-mrf-link=\"https:\/\/www.telegraf.rs\/vesti\/jugosfera\/4386475-luka-38-preminuo-u-cekaonici-hitne-pomoci?ref=BlicApp\">Luka (38) umro u \u010dekaonici Hitne pomo\u0107i, lekari navodno rekli: &#8222;Opet si do\u0161ao?!&#8220;<\/a><\/div>\n<\/article>\n<\/section>\n<div id=\"akla8bGhmzH\" class=\"aklawidgets\">\n<div id=\"logoheader8bGhmzH\">\n<div>Preporuka za Vas:<\/div>\n<div id=\"aklalogo_8bGhmzH\">\n<div class=\"aklalogoslika\"><\/div>\n<div>by Aklamator<\/div>\n<\/div>\n<\/div>\n<div id=\"table8bGhmzH\" class=\"columns-8bGhmzH\">\n<div class=\"dt8bGhmzH bt8bGhmzH\">\n<div class=\"imageout_8bGhmzH \">\n<div class=\" image_over_8bGhmzH\">\n<div class=\"img8bGhmzH0 image_8bGhmzH\"><\/div>\n<\/div>\n<div class=\"akla_title_8bGhmzH\">DOVOLJNA JE JEDNA FOTOGRAFIJA!\u00a0Prevaranti smislili nov na\u010din da varaju osiguranje: Slupao branik na telefonu, pa tra\u017eio 1.200 evra<\/div>\n<\/div>\n<\/div>\n<div class=\"dt8bGhmzH bt8bGhmzH\">\n<div class=\"imageout_8bGhmzH \">\n<div id=\"akla_ad_1034\" class=\"aklaadx\"><iframe id=\"akla_pb_iframe1034\" width=\"300\" height=\"250\" frameborder=\"0\" marginwidth=\"0\" marginheight=\"0\" scrolling=\"no\" data-mce-fragment=\"1\"><\/iframe><\/div>\n<\/div>\n<\/div>\n<div class=\"dt8bGhmzH bt8bGhmzH\">\n<div class=\"imageout_8bGhmzH \">\n<div class=\" image_over_8bGhmzH\">\n<div class=\"img8bGhmzH2 image_8bGhmzH\"><\/div>\n<\/div>\n<div class=\"akla_title_8bGhmzH\">Oglasio se Direktorat civilnog vazduhoplovstva zbog po\u017eara: &#8222;Ne di\u017eite dronove, to ometa helikoptere i ugro\u017eava bezbednost&#8220;<\/div>\n<\/div>\n<\/div>\n<div class=\"dt8bGhmzH bt8bGhmzH\">\n<div class=\"imageout_8bGhmzH \">\n<div class=\" image_over_8bGhmzH\">\n<div class=\"img8bGhmzH3 image_8bGhmzH\"><\/div>\n<\/div>\n<div class=\"akla_title_8bGhmzH\">(FOTO, VIDEO)\u00a0Megalomansko \u010dudo koje SABLASNO \u0160TR\u010cI IZ LITICE: Crnogorski pandan najekskluzivnijim rizortima u Monaku propada decenijama, evo \u0161ta se tu zapravo desilo<\/div>\n<\/div>\n<\/div>\n<div class=\"dt8bGhmzH bt8bGhmzH\">\n<div class=\"imageout_8bGhmzH \">\n<div id=\"akla_ad_1035\" class=\"aklaadx\"><iframe id=\"akla_pb_iframe1035\" width=\"300\" height=\"250\" frameborder=\"0\" marginwidth=\"0\" marginheight=\"0\" scrolling=\"no\" data-mce-fragment=\"1\"><\/iframe><\/div>\n<\/div>\n<\/div>\n<div class=\"dt8bGhmzH bt8bGhmzH\">\n<div class=\"imageout_8bGhmzH \">\n<div class=\" image_over_8bGhmzH\">\n<div class=\"img8bGhmzH5 image_8bGhmzH\"><\/div>\n<\/div>\n<div class=\"akla_title_8bGhmzH\">Ovo su rigorozna pravila kada firma u Srbiji ode u ste\u010daj: Radnici dobijaju otkaz, ali minimalci i PIO imaju apsolutni prioritet u prvom isplatnom redu<\/div>\n<\/div>\n<\/div>\n<div class=\"dt8bGhmzH bt8bGhmzH\">\n<div class=\"imageout_8bGhmzH \">\n<div class=\" image_over_8bGhmzH\">\n<div class=\"img8bGhmzH6 image_8bGhmzH\"><\/div>\n<\/div>\n<div class=\"akla_title_8bGhmzH\">Koliko struje tro\u0161i televizor: Mnogi \u0107e se iznenaditi &#8211; evo koliko vas ko\u0161ta sat gledanja omiljene emisije<\/div>\n<\/div>\n<\/div>\n<div class=\"dt8bGhmzH bt8bGhmzH\">\n<div class=\"imageout_8bGhmzH \">\n<div class=\" image_over_8bGhmzH\">\n<div class=\"img8bGhmzH7 image_8bGhmzH\"><\/div>\n<\/div>\n<div class=\"akla_title_8bGhmzH\">Poslednji dan letnjeg raspusta: U &#8222;Jutru na Blic&#8220; istra\u017eujemo kome te\u017ee pada povratak u \u0161kolu &#8211; deci ili roditeljima<\/div>\n<\/div>\n<\/div>\n<div class=\"dt8bGhmzH bt8bGhmzH\">\n<div class=\"imageout_8bGhmzH \">\n<div class=\" image_over_8bGhmzH\">\n<div class=\"img8bGhmzH8 image_8bGhmzH\"><\/div>\n<\/div>\n<div class=\"akla_title_8bGhmzH\">EPS\u00a0organizuje konsultaciju o brani Radoinja u Novoj Varo\u0161i: Ovo su detalji<\/div>\n<\/div>\n<\/div>\n<div class=\"dt8bGhmzH bt8bGhmzH\">\n<div class=\"imageout_8bGhmzH \">\n<div class=\" image_over_8bGhmzH\">\n<div class=\"img8bGhmzH9 image_8bGhmzH\"><\/div>\n<\/div>\n<div class=\"akla_title_8bGhmzH\">Najve\u0107a naftna transakcija decenije: Tramp &#8222;dobija&#8220; 65 milijardi barela! Ovo su detalji istorijskog sporazuma sa Venecuelom<\/div>\n<\/div>\n<\/div>\n<div class=\"dt8bGhmzH bt8bGhmzH\">\n<div class=\"imageout_8bGhmzH \">\n<div class=\" image_over_8bGhmzH\">\n<div class=\"img8bGhmzH10 image_8bGhmzH\"><\/div>\n<\/div>\n<div class=\"akla_title_8bGhmzH\">KI\u0160A POMOGLA VATROGASCIMA\u00a0Uga\u0161en po\u017ear kod Lu\u010dana: Lova\u010dka ku\u0107a je sa\u010duvana<\/div>\n<\/div>\n<\/div>\n<div class=\"dt8bGhmzH bt8bGhmzH\">\n<div class=\"imageout_8bGhmzH \">\n<div class=\" image_over_8bGhmzH\">\n<div class=\"img8bGhmzH11 image_8bGhmzH\"><\/div>\n<\/div>\n<div class=\"akla_title_8bGhmzH\">Kina gradi most preko mora dug \u010dak 25,5 kilometara: Klju\u010dni deo ve\u0107 spojen, utro\u0161eno 67.000 tona \u010delika<\/div>\n<\/div>\n<\/div>\n<div class=\"dt8bGhmzH bt8bGhmzH\">\n<div class=\"imageout_8bGhmzH \">\n<div class=\" image_over_8bGhmzH\">\n<div class=\"img8bGhmzH12 image_8bGhmzH\"><\/div>\n<\/div>\n<div class=\"akla_title_8bGhmzH\">&#8222;NOVA ERA ZA NAS&#8220;\u00a0Vu\u010di\u0107 na otvaranju prve fabrike humanoida u Srbiji: Proizvodi\u0107emo 5.000 robota, za 15 dana vide\u0107ete one koji koriste oru\u017eje (VIDEO)<\/div>\n<\/div>\n<\/div>\n<div class=\"dt8bGhmzH bt8bGhmzH\">\n<div class=\"imageout_8bGhmzH \">\n<div class=\" image_over_8bGhmzH\">\n<div class=\"img8bGhmzH13 image_8bGhmzH\"><\/div>\n<\/div>\n<div class=\"akla_title_8bGhmzH\">Raspisan konkurs za novu pomo\u0107 dr\u017eave: Evo ko mo\u017ee da konkuri\u0161e i koji su uslovi<\/div>\n<\/div>\n<\/div>\n<div class=\"dt8bGhmzH bt8bGhmzH\">\n<div class=\"imageout_8bGhmzH \">\n<div class=\" image_over_8bGhmzH\">\n<div class=\"img8bGhmzH14 image_8bGhmzH\"><\/div>\n<\/div>\n<div class=\"akla_title_8bGhmzH\">&#8222;ZA KOJI DAN POKAZA\u0106EMO VAM NE\u0160TO, IZNENADI\u0106ETE SE!&#8220;\u00a0Vu\u010di\u0107: &#8222;To je \u010dudo&#8220; (VIDEO)<\/div>\n<\/div>\n<\/div>\n<\/div>\n<\/div>\n<div id=\"PA-Taboola\"><\/div>\n<div class=\"news-box-title\">\n<h3><a href=\"https:\/\/www.blic.rs\/vesti\/drustvo\/skolski-kalendar-za-20262027-evo-kada-je-prvi-raspust\/zdw9w73\">Najnovije iz rubrike Dru\u0161tvo<\/a><\/h3>\n<\/div>\n<div class=\"news-box news-box--row\">\n<div class=\"news-box__item\">\n<article class=\"news news--big\">\n<div class=\"news__image\">\n<figure><picture><source srcset=\"\/\/ocdn.eu\/pulscms-transforms\/1\/6B0k9kpTURBXy81YTY2NDkwNjVlOGZlMWUwZTZiNGJmNTYyMTY4Y2I2Ny5qcGeRkwXNAmzNAWreAAGhMAU 1x, \/\/ocdn.eu\/pulscms-transforms\/1\/5XDk9kpTURBXy81YTY2NDkwNjVlOGZlMWUwZTZiNGJmNTYyMTY4Y2I2Ny5qcGeRkwXNBNjNAtTeAAGhMAU 2x\" type=\"image\/webp\" \/><img loading=\"lazy\" decoding=\"async\" src=\"https:\/\/ocdn.eu\/pulscms-transforms\/1\/RDdk9kpTURBXy81YTY2NDkwNjVlOGZlMWUwZTZiNGJmNTYyMTY4Y2I2Ny5qcGeRkwXNAmzNAWreAAGhMAE\" alt=\"\u010casni pojas podignut na postolje unutar Svetosavskog hrama \" width=\"620\" height=\"362\" \/><\/picture><\/figure>\n<div class=\"news__comments \"><a href=\"https:\/\/www.blic.rs\/vesti\/drustvo\/crkveni-kalendar-zasto-je-31-avgust-poseban-dan-danas-je-veliki-praznik\/68nyt61?strana=komentari\" data-mrf-link=\"https:\/\/www.blic.rs\/vesti\/drustvo\/crkveni-kalendar-zasto-je-31-avgust-poseban-dan-danas-je-veliki-praznik\/68nyt61\">0 kom.<\/a><\/div>\n<\/div>\n<div class=\"news__content\">\n<h4><a href=\"https:\/\/www.blic.rs\/vesti\/drustvo\/crkveni-kalendar-zasto-je-31-avgust-poseban-dan-danas-je-veliki-praznik\/68nyt61\" data-mrf-link=\"https:\/\/www.blic.rs\/vesti\/drustvo\/crkveni-kalendar-zasto-je-31-avgust-poseban-dan-danas-je-veliki-praznik\/68nyt61\">ZATVARA SE KRUG, SVE KRE\u0106E ISPO\u010cETKA! Danas je veliki praznik i veoma POSEBAN DAN: Ti\u010de se svetinje kojoj se nedavno poklonilo stotine hiljada Srba (FOTO)<\/a><\/h4>\n<\/div>\n<\/article>\n<article class=\"news news--big\">\n<div class=\"news__image\">\n<figure><picture><source srcset=\"\/\/ocdn.eu\/pulscms-transforms\/1\/Gr_k9kpTURBXy8zYmZlNTE3ZTAxYTczYWZhODQ1MzI4ZWRlYTk5N2UwMy5qcGeRkwXNAmzNAWreAAGhMAU 1x, \/\/ocdn.eu\/pulscms-transforms\/1\/wo4k9kpTURBXy8zYmZlNTE3ZTAxYTczYWZhODQ1MzI4ZWRlYTk5N2UwMy5qcGeRkwXNBNjNAtTeAAGhMAU 2x\" type=\"image\/webp\" \/><img loading=\"lazy\" decoding=\"async\" src=\"https:\/\/ocdn.eu\/pulscms-transforms\/1\/xFwk9kpTURBXy8zYmZlNTE3ZTAxYTczYWZhODQ1MzI4ZWRlYTk5N2UwMy5qcGeRkwXNAmzNAWreAAGhMAE\" alt=\"najnovija vest \" width=\"620\" height=\"362\" \/><\/picture><\/figure>\n<div class=\"news__comments \"><a href=\"https:\/\/www.blic.rs\/vesti\/drustvo\/nova-akcija-pojacane-kontrole-saobracaja-akcenat-na-sankcionisanju-4-prekrsaja\/w84e1cc?strana=komentari\" data-mrf-link=\"https:\/\/www.blic.rs\/vesti\/drustvo\/nova-akcija-pojacane-kontrole-saobracaja-akcenat-na-sankcionisanju-4-prekrsaja\/w84e1cc\">0 kom.<\/a><\/div>\n<\/div>\n<div class=\"news__content\">\n<h4><a href=\"https:\/\/www.blic.rs\/vesti\/drustvo\/nova-akcija-pojacane-kontrole-saobracaja-akcenat-na-sankcionisanju-4-prekrsaja\/w84e1cc\" data-mrf-link=\"https:\/\/www.blic.rs\/vesti\/drustvo\/nova-akcija-pojacane-kontrole-saobracaja-akcenat-na-sankcionisanju-4-prekrsaja\/w84e1cc\">NOVA AKCIJA POJA\u010cANE KONTROLE SAOBRA\u0106AJA Akcenat policije na sankcionisanju 4 prekr\u0161aja<\/a><\/h4>\n<\/div>\n<\/article>\n<\/div>\n<div class=\"news-box__item\">\n<article class=\"news-box__item news news--small\">\n<div class=\"news__image\">\n<figure><picture><source srcset=\"\/\/ocdn.eu\/pulscms-transforms\/1\/-3hk9kpTURBXy82Y2E2NjEzZjIwMTUxZGY3MjIwYzE2NTRiOTIyMzU5NS5qcGeRkwXNAmzNAWreAAGhMAU 1x, \/\/ocdn.eu\/pulscms-transforms\/1\/rosk9kpTURBXy82Y2E2NjEzZjIwMTUxZGY3MjIwYzE2NTRiOTIyMzU5NS5qcGeRkwXNBNjNAtTeAAGhMAU 2x\" type=\"image\/webp\" \/><img loading=\"lazy\" decoding=\"async\" src=\"https:\/\/ocdn.eu\/pulscms-transforms\/1\/Ra_k9kpTURBXy82Y2E2NjEzZjIwMTUxZGY3MjIwYzE2NTRiOTIyMzU5NS5qcGeRkwXNAmzNAWreAAGhMAE\" alt=\"\u0110aci u\u010denici prelazak ulice pe\u0161a\u010dki prelaz\" width=\"620\" height=\"362\" \/><\/picture><\/figure>\n<div class=\"news__comments \"><a href=\"https:\/\/www.blic.rs\/vesti\/drustvo\/ovih-7-pravila-svaki-vozac-od-1-septembra-mora-strogo-da-postuje-u-zoni-skola\/3sgye1e?strana=komentari\" data-mrf-link=\"https:\/\/www.blic.rs\/vesti\/drustvo\/ovih-7-pravila-svaki-vozac-od-1-septembra-mora-strogo-da-postuje-u-zoni-skola\/3sgye1e\">0 kom.<\/a><\/div>\n<\/div>\n<div class=\"news__content\">\n<h4><a href=\"https:\/\/www.blic.rs\/vesti\/drustvo\/ovih-7-pravila-svaki-vozac-od-1-septembra-mora-strogo-da-postuje-u-zoni-skola\/3sgye1e\" data-mrf-link=\"https:\/\/www.blic.rs\/vesti\/drustvo\/ovih-7-pravila-svaki-vozac-od-1-septembra-mora-strogo-da-postuje-u-zoni-skola\/3sgye1e\">Ovih 7 pravila svaki voza\u010d od 1. septembra mora strogo da po\u0161tuje u zoni \u0161kola: Nekoliko sekundi strpljenja i manja brzina mogu biti presudni za BEZBEDNOST DECE<\/a><\/h4>\n<\/div>\n<\/article>\n<article class=\"news-box__item news news--small\">\n<div class=\"news__image\">\n<figure><picture><source srcset=\"\/\/ocdn.eu\/pulscms-transforms\/1\/Gr_k9kpTURBXy8zYmZlNTE3ZTAxYTczYWZhODQ1MzI4ZWRlYTk5N2UwMy5qcGeRkwXNAmzNAWreAAGhMAU 1x, \/\/ocdn.eu\/pulscms-transforms\/1\/wo4k9kpTURBXy8zYmZlNTE3ZTAxYTczYWZhODQ1MzI4ZWRlYTk5N2UwMy5qcGeRkwXNBNjNAtTeAAGhMAU 2x\" type=\"image\/webp\" \/><img loading=\"lazy\" decoding=\"async\" src=\"https:\/\/ocdn.eu\/pulscms-transforms\/1\/xFwk9kpTURBXy8zYmZlNTE3ZTAxYTczYWZhODQ1MzI4ZWRlYTk5N2UwMy5qcGeRkwXNAmzNAWreAAGhMAE\" alt=\"najnovija vest \" width=\"620\" height=\"362\" \/><\/picture><\/figure>\n<div class=\"news__comments \"><a href=\"https:\/\/www.blic.rs\/vesti\/drustvo\/lekari-iz-londona-operisu-u-tirsovoj-o-trosku-rfzo\/cxrjcd8?strana=komentari\" data-mrf-link=\"https:\/\/www.blic.rs\/vesti\/drustvo\/lekari-iz-londona-operisu-u-tirsovoj-o-trosku-rfzo\/cxrjcd8\">0 kom.<\/a><\/div>\n<\/div>\n<div class=\"news__content\">\n<h4><a href=\"https:\/\/www.blic.rs\/vesti\/drustvo\/lekari-iz-londona-operisu-u-tirsovoj-o-trosku-rfzo\/cxrjcd8\" data-mrf-link=\"https:\/\/www.blic.rs\/vesti\/drustvo\/lekari-iz-londona-operisu-u-tirsovoj-o-trosku-rfzo\/cxrjcd8\">Vrhunski stru\u010dnjaci iz Londona spasavaju de\u010dje \u017eivote u Tir\u0161ovoj: Presadi\u0107e bubreg devoj\u010dici od oca i izvesti najslo\u017eenije operacije na srcu<\/a><\/h4>\n<\/div>\n<\/article>\n<article class=\"news-box__item news news--small\">\n<div class=\"news__image\">\n<figure><picture><source srcset=\"\/\/ocdn.eu\/pulscms-transforms\/1\/Fbmk9kpTURBXy8zMTExYjEzNjM1ZDdhYTM4ZGFiZGNhYWU5Y2Q5ODZmMS5qcGeRkwXNAmzNAWreAAGhMAU 1x, \/\/ocdn.eu\/pulscms-transforms\/1\/DFxk9kpTURBXy8zMTExYjEzNjM1ZDdhYTM4ZGFiZGNhYWU5Y2Q5ODZmMS5qcGeRkwXNBNjNAtTeAAGhMAU 2x\" type=\"image\/webp\" \/><img loading=\"lazy\" decoding=\"async\" src=\"https:\/\/ocdn.eu\/pulscms-transforms\/1\/oWck9kpTURBXy8zMTExYjEzNjM1ZDdhYTM4ZGFiZGNhYWU5Y2Q5ODZmMS5qcGeRkwXNAmzNAWreAAGhMAE\" alt=\"Kosovo\" width=\"620\" height=\"362\" \/><\/picture><\/figure>\n<div class=\"news__comments \"><a href=\"https:\/\/www.blic.rs\/vesti\/drustvo\/za-nedelju-dana-vise-od-200000-ljudi-preslo-sa-kosova-u-albaniju\/r75e5pb?strana=komentari\" data-mrf-link=\"https:\/\/www.blic.rs\/vesti\/drustvo\/za-nedelju-dana-vise-od-200000-ljudi-preslo-sa-kosova-u-albaniju\/r75e5pb\">1 kom.<\/a><\/div>\n<\/div>\n<div class=\"news__content\">\n<h4><a href=\"https:\/\/www.blic.rs\/vesti\/drustvo\/za-nedelju-dana-vise-od-200000-ljudi-preslo-sa-kosova-u-albaniju\/r75e5pb\" data-mrf-link=\"https:\/\/www.blic.rs\/vesti\/drustvo\/za-nedelju-dana-vise-od-200000-ljudi-preslo-sa-kosova-u-albaniju\/r75e5pb\">Za samo nedelju dana vi\u0161e od 200.000 prelazaka sa Kosova u Albaniju<\/a><\/h4>\n<\/div>\n<\/article>\n<\/div>\n<\/div>\n<div class=\"news-box news-box--list\">\n<article class=\"news-box__item news news--small\">\n<div class=\"news__image\">\n<figure><picture><source srcset=\"\/\/ocdn.eu\/pulscms-transforms\/1\/Sgwk9kqTURBXy82NzQ5OWVjMDQ1MGZjZmYwZmVkNzk1MDhjZjY0ODk2Yy5qcGVnkZMFzQJszQFq3gABoTAF 1x, \/\/ocdn.eu\/pulscms-transforms\/1\/yMak9kqTURBXy82NzQ5OWVjMDQ1MGZjZmYwZmVkNzk1MDhjZjY0ODk2Yy5qcGVnkZMFzQTYzQLU3gABoTAF 2x\" type=\"image\/webp\" \/><img loading=\"lazy\" decoding=\"async\" src=\"https:\/\/ocdn.eu\/pulscms-transforms\/1\/6irk9kqTURBXy82NzQ5OWVjMDQ1MGZjZmYwZmVkNzk1MDhjZjY0ODk2Yy5qcGVnkZMFzQJszQFq3gABoTAB\" alt=\"Prijem prvaka\" width=\"620\" height=\"362\" \/><\/picture><\/figure>\n<div class=\"news__comments \"><a href=\"https:\/\/www.blic.rs\/vesti\/drustvo\/polazak-u-prvi-razred-da-li-dete-treba-da-zna-da-cita-i-pise-pre-skole\/f72m92s?strana=komentari\" data-mrf-link=\"https:\/\/www.blic.rs\/vesti\/drustvo\/polazak-u-prvi-razred-da-li-dete-treba-da-zna-da-cita-i-pise-pre-skole\/f72m92s\">0 kom.<\/a><\/div>\n<\/div>\n<div class=\"news__content\">\n<h2><a href=\"https:\/\/www.blic.rs\/vesti\/drustvo\/polazak-u-prvi-razred-da-li-dete-treba-da-zna-da-cita-i-pise-pre-skole\/f72m92s\" data-mrf-link=\"https:\/\/www.blic.rs\/vesti\/drustvo\/polazak-u-prvi-razred-da-li-dete-treba-da-zna-da-cita-i-pise-pre-skole\/f72m92s\">RODITELJI U DILEMI PRED 1. SEPTEMBAR Da li prvaci treba da znaju da \u010cITAJU I PI\u0160U? Direktorka \u0161kola odgovorila na najve\u0107u polemiku me\u0111u njima<\/a><\/h2>\n<\/div>\n<\/article>\n<article class=\"news-box__item news news--small\">\n<div class=\"news__image\">\n<figure><picture><source srcset=\"\/\/ocdn.eu\/pulscms-transforms\/1\/xU_k9kpTURBXy8yMzEwY2YxYjEwNWFjMTgwZjRiNWJlODMyZDZhZTQ4Zi5qcGeRkwXNAmzNAWreAAGhMAU 1x, \/\/ocdn.eu\/pulscms-transforms\/1\/YM0k9kpTURBXy8yMzEwY2YxYjEwNWFjMTgwZjRiNWJlODMyZDZhZTQ4Zi5qcGeRkwXNBNjNAtTeAAGhMAU 2x\" type=\"image\/webp\" \/><img loading=\"lazy\" decoding=\"async\" src=\"https:\/\/ocdn.eu\/pulscms-transforms\/1\/G4Kk9kpTURBXy8yMzEwY2YxYjEwNWFjMTgwZjRiNWJlODMyZDZhZTQ4Zi5qcGeRkwXNAmzNAWreAAGhMAE\" alt=\"Auto-put Obrenovac - \u010ca\u010dak, ilustracija\" width=\"620\" height=\"362\" \/><\/picture><\/figure>\n<div class=\"news__comments \"><a href=\"https:\/\/www.blic.rs\/vesti\/drustvo\/stanje-na-putevima-u-srbiji-obustave-saobracaja-radovi-izmene\/eq78ejv?strana=komentari\" data-mrf-link=\"https:\/\/www.blic.rs\/vesti\/drustvo\/stanje-na-putevima-u-srbiji-obustave-saobracaja-radovi-izmene\/eq78ejv\">0 kom.<\/a><\/div>\n<\/div>\n<div class=\"news__content\">\n<h2><a href=\"https:\/\/www.blic.rs\/vesti\/drustvo\/stanje-na-putevima-u-srbiji-obustave-saobracaja-radovi-izmene\/eq78ejv\" data-mrf-link=\"https:\/\/www.blic.rs\/vesti\/drustvo\/stanje-na-putevima-u-srbiji-obustave-saobracaja-radovi-izmene\/eq78ejv\">VA\u017dNO ZA VOZA\u010cE Saobra\u0107aj u obustavi na dva putna pravca u Srbiji, radovi usporavaju vo\u017enju na auto-putevima: Detaljan SPISAK SVIH IZMENA i obilaznica<\/a><\/h2>\n<\/div>\n<\/article>\n<article class=\"news-box__item news news--small\">\n<div class=\"news__image\">\n<figure><picture><source srcset=\"\/\/ocdn.eu\/pulscms-transforms\/1\/Eczk9kpTURBXy9mOTYxMjU1NDYwOGRiMzhkMzM5NjNlZTljMzFkNTA3MS5qcGeRkwXNAmzNAWreAAGhMAU 1x, \/\/ocdn.eu\/pulscms-transforms\/1\/A71k9kpTURBXy9mOTYxMjU1NDYwOGRiMzhkMzM5NjNlZTljMzFkNTA3MS5qcGeRkwXNBNjNAtTeAAGhMAU 2x\" type=\"image\/webp\" \/><img loading=\"lazy\" decoding=\"async\" src=\"https:\/\/ocdn.eu\/pulscms-transforms\/1\/3p3k9kpTURBXy9mOTYxMjU1NDYwOGRiMzhkMzM5NjNlZTljMzFkNTA3MS5qcGeRkwXNAmzNAWreAAGhMAE\" alt=\"Ni\u0161\" width=\"620\" height=\"362\" \/><\/picture><\/figure>\n<div class=\"news__comments \"><a href=\"https:\/\/www.blic.rs\/vesti\/drustvo\/novi-zimski-red-voznje-u-nisu-od-1-septembra-oglasila-se-direkcija-za-javni-prevoz\/ywnpfsb?strana=komentari\" data-mrf-link=\"https:\/\/www.blic.rs\/vesti\/drustvo\/novi-zimski-red-voznje-u-nisu-od-1-septembra-oglasila-se-direkcija-za-javni-prevoz\/ywnpfsb\">0 kom.<\/a><\/div>\n<\/div>\n<div class=\"news__content\">\n<h2><a href=\"https:\/\/www.blic.rs\/vesti\/drustvo\/novi-zimski-red-voznje-u-nisu-od-1-septembra-oglasila-se-direkcija-za-javni-prevoz\/ywnpfsb\" data-mrf-link=\"https:\/\/www.blic.rs\/vesti\/drustvo\/novi-zimski-red-voznje-u-nisu-od-1-septembra-oglasila-se-direkcija-za-javni-prevoz\/ywnpfsb\">OD SUTRA KRE\u0106U NOVA PRAVILA! Autobusi u Ni\u0161u menjaju re\u017eim vo\u017enje: Oglasila se Direkcija za javni prevoz<\/a><\/h2>\n<\/div>\n<\/article>\n<\/div>\n<\/div>\n<div class=\"section__right\" data-mrf-recirculation=\"Section right\">\n<div class=\"section__right\" data-mrf-recirculation=\"Section right\">\n<div class=\"sticky-area\">\n<div class=\"banner banner--sticky\" data-placeholder-caption=\"Oglas\">\n<div class=\"banner--placeholder\">\n<div id=\"P1\" class=\"wrapperAd\" data-google-query-id=\"CP3isPnXypYDFQEHBgQdNDI8hA\">\n<div id=\"google_ads_iframe_\/161634325\/Blic.rs\/P1_0__container__\"><iframe id=\"google_ads_iframe_\/161634325\/Blic.rs\/P1_0\" tabindex=\"0\" title=\"\u0421\u0430\u0434\u0440\u0436\u0430\u0458 \u043e\u0433\u043b\u0430\u0441\u0430 \u0442\u0440\u0435\u045b\u0435 \u0441\u0442\u0440\u0430\u043d\u0435\" name=\"google_ads_iframe_\/161634325\/Blic.rs\/P1_0\" width=\"300\" height=\"600\" frameborder=\"0\" marginwidth=\"0\" marginheight=\"0\" scrolling=\"no\" aria-label=\"\u041e\u0433\u043b\u0430\u0441\" data-load-complete=\"true\" data-google-container-id=\"3\" data-mce-fragment=\"1\"><\/iframe><\/div>\n<\/div>\n<\/div>\n<\/div>\n<\/div>\n<div class=\"news-aside\">\n<h3 class=\"news-aside__top news-aside__top--sportal\"><a href=\"https:\/\/sportal.blic.rs\/\" data-mrf-link=\"https:\/\/sportal.blic.rs\/\">Sportal.RS<\/a><\/h3>\n<ul>\n<li class=\"news news--big\">\n<div class=\"news__image\">\n<figure><picture><source srcset=\"\/\/ocdn.eu\/pulscms-transforms\/1\/OPyk9kuTURBXy80YzYwNjQ5My02YzgyLTRjMmYtYTI4ZS1iOTAyMmMwMjQ3MGUuanBlZ5GTBc0BLMyt3gABoTAF 1x, \/\/ocdn.eu\/pulscms-transforms\/1\/EKXk9kuTURBXy80YzYwNjQ5My02YzgyLTRjMmYtYTI4ZS1iOTAyMmMwMjQ3MGUuanBlZ5GTBc0CWM0BWt4AAaEwBQ 2x\" type=\"image\/webp\" \/><img loading=\"lazy\" decoding=\"async\" src=\"https:\/\/ocdn.eu\/pulscms-transforms\/1\/RUMk9kuTURBXy80YzYwNjQ5My02YzgyLTRjMmYtYTI4ZS1iOTAyMmMwMjQ3MGUuanBlZ5GTBc0BLMyt3gABoTAB\" alt=\"\" width=\"300\" height=\"173\" \/><\/picture><\/figure>\n<\/div>\n<div class=\"news__content\">\n<h4><a href=\"https:\/\/sportal.blic.rs\/prica\/natasa-cikuc-dins-za-sportal-o-naknadnom-pozivu-i-ep-srbija-se-ne-odbija-2026083023232870073\" data-mrf-link=\"https:\/\/sportal.blic.rs\/prica\/natasa-cikuc-dins-za-sportal-o-naknadnom-pozivu-i-ep-srbija-se-ne-odbija-2026083023232870073\">&#8222;Poziv Srbije se ne odbija!&#8220; Nata\u0161a \u010cikuc Dins sa medaljom dolazi pravo na EP \u2013 po novu medalju \/VIDEO\/<\/a><\/h4>\n<\/div>\n<\/li>\n<li class=\"news news--small\">\n<div class=\"news__image\">\n<figure><picture><source srcset=\"\/\/ocdn.eu\/pulscms-transforms\/1\/kWGk9kuTURBXy8zMTY1YjVjMC1lYmNlLTQyOTQtYjQyOC05N2Q0MmZkZjQ5NjguanBlZ5GTBcxkzGTeAAGhMAU 1x, \/\/ocdn.eu\/pulscms-transforms\/1\/EFfk9kuTURBXy8zMTY1YjVjMC1lYmNlLTQyOTQtYjQyOC05N2Q0MmZkZjQ5NjguanBlZ5GTBczIzMjeAAGhMAU 2x\" type=\"image\/webp\" \/><img loading=\"lazy\" decoding=\"async\" src=\"https:\/\/ocdn.eu\/pulscms-transforms\/1\/tcYk9kuTURBXy8zMTY1YjVjMC1lYmNlLTQyOTQtYjQyOC05N2Q0MmZkZjQ5NjguanBlZ5GTBcxkzGTeAAGhMAE\" alt=\"\" width=\"100\" height=\"100\" \/><\/picture><\/figure>\n<\/div>\n<div class=\"news__content\">\n<h4><a href=\"https:\/\/sportal.blic.rs\/prica\/novak-djokovic-hteo-da-zavrsi-karijeru-kada-je-prosli-put-bio-van-top-10-2026083106245211386\" data-mrf-link=\"https:\/\/sportal.blic.rs\/prica\/novak-djokovic-hteo-da-zavrsi-karijeru-kada-je-prosli-put-bio-van-top-10-2026083106245211386\">Pro\u0161li put kada je bio u ovakvoj poziciji, Novak je \u017eeleo da ZAVR\u0160I KARIJERU!<\/a><\/h4>\n<\/div>\n<\/li>\n<li class=\"news news--small\">\n<div class=\"news__image\">\n<figure><picture><source srcset=\"\/\/ocdn.eu\/pulscms-transforms\/1\/lSGk9kuTURBXy9lNGUwZjY5Mi03YjBmLTRjOGYtOWE5ZC05ZWZhOTM4YjMwODkuanBlZ5GTBcxkzGTeAAGhMAU 1x, \/\/ocdn.eu\/pulscms-transforms\/1\/V_yk9kuTURBXy9lNGUwZjY5Mi03YjBmLTRjOGYtOWE5ZC05ZWZhOTM4YjMwODkuanBlZ5GTBczIzMjeAAGhMAU 2x\" type=\"image\/webp\" \/><img loading=\"lazy\" decoding=\"async\" src=\"https:\/\/ocdn.eu\/pulscms-transforms\/1\/hpZk9kuTURBXy9lNGUwZjY5Mi03YjBmLTRjOGYtOWE5ZC05ZWZhOTM4YjMwODkuanBlZ5GTBcxkzGTeAAGhMAE\" alt=\"\" width=\"100\" height=\"100\" \/><\/picture><\/figure>\n<\/div>\n<div class=\"news__content\">\n<h4><a href=\"https:\/\/sportal.blic.rs\/prica\/novak-djokovic-ispadanje-us-open-prvo-kolo-2026083106404171128\" data-mrf-link=\"https:\/\/sportal.blic.rs\/prica\/novak-djokovic-ispadanje-us-open-prvo-kolo-2026083106404171128\">Argentinac izbacio \u0110okovi\u0107a pa mu se poklonio: MAMA JE MRZELA \u0161to se zbog njega budim no\u0107u<\/a><\/h4>\n<\/div>\n<\/li>\n<li class=\"news news--small\">\n<div class=\"news__image\">\n<figure><picture><source srcset=\"\/\/ocdn.eu\/pulscms-transforms\/1\/b_tk9kuTURBXy8zZTgwMmZjNy04MjdmLTQxMWMtOWNkYS1jYjk0NDgwMDk0ZmMuanBlZ5GTBcxkzGTeAAGhMAU 1x, \/\/ocdn.eu\/pulscms-transforms\/1\/aAYk9kuTURBXy8zZTgwMmZjNy04MjdmLTQxMWMtOWNkYS1jYjk0NDgwMDk0ZmMuanBlZ5GTBczIzMjeAAGhMAU 2x\" type=\"image\/webp\" \/><img loading=\"lazy\" decoding=\"async\" src=\"https:\/\/ocdn.eu\/pulscms-transforms\/1\/j3Pk9kuTURBXy8zZTgwMmZjNy04MjdmLTQxMWMtOWNkYS1jYjk0NDgwMDk0ZmMuanBlZ5GTBcxkzGTeAAGhMAE\" alt=\"\" width=\"100\" height=\"100\" \/><\/picture><\/figure>\n<\/div>\n<div class=\"news__content\">\n<h4><a href=\"https:\/\/sportal.blic.rs\/prica\/novak-djokovic-ispadanje-us-open-prvo-kolo-2026083105565415686\" data-mrf-link=\"https:\/\/sportal.blic.rs\/prica\/novak-djokovic-ispadanje-us-open-prvo-kolo-2026083105565415686\">Novaku se ovo nikada u karijeri nije desilo!<\/a><\/h4>\n<\/div>\n<\/li>\n<li class=\"news news--small\">\n<div class=\"news__image\">\n<figure><picture><source srcset=\"\/\/ocdn.eu\/pulscms-transforms\/1\/G4dk9kpTURBXy9lNWNjYWU0ZjcwZTdhZmUyNjBlOTZmMGM3ZjM2MjZiZS5qcGeRkwXMZMxk3gABoTAF 1x, \/\/ocdn.eu\/pulscms-transforms\/1\/-SRk9kpTURBXy9lNWNjYWU0ZjcwZTdhZmUyNjBlOTZmMGM3ZjM2MjZiZS5qcGeRkwXMyMzI3gABoTAF 2x\" type=\"image\/webp\" \/><img loading=\"lazy\" decoding=\"async\" src=\"https:\/\/ocdn.eu\/pulscms-transforms\/1\/sBVk9kpTURBXy9lNWNjYWU0ZjcwZTdhZmUyNjBlOTZmMGM3ZjM2MjZiZS5qcGeRkwXMZMxk3gABoTAB\" alt=\"\" width=\"100\" height=\"100\" \/><\/picture><\/figure>\n<\/div>\n<div class=\"news__content\">\n<h4><a href=\"https:\/\/sportal.blic.rs\/prica\/djokovic-navone-uzivo-novak-krece-po-25-grend-slem-titulu-2026083020211401995\" data-mrf-link=\"https:\/\/sportal.blic.rs\/prica\/djokovic-navone-uzivo-novak-krece-po-25-grend-slem-titulu-2026083020211401995\">\u0160OK U NJUJORKU! SUZE ZA KRAJ, Novak \u0110okovi\u0107 odigrao najgori US open i ISPAO U PRVOM KOLU<\/a><\/h4>\n<\/div>\n<\/li>\n<li class=\"news news--small\">\n<div class=\"news__image\">\n<figure><picture><source srcset=\"\/\/ocdn.eu\/pulscms-transforms\/1\/Qw-k9kuTURBXy81OWM4MGFkYS02YzdhLTRkMTMtYWY2OC00NWMyYjhkYWUxN2EuanBlZ5GTBcxkzGTeAAGhMAU 1x, \/\/ocdn.eu\/pulscms-transforms\/1\/JS2k9kuTURBXy81OWM4MGFkYS02YzdhLTRkMTMtYWY2OC00NWMyYjhkYWUxN2EuanBlZ5GTBczIzMjeAAGhMAU 2x\" type=\"image\/webp\" \/><img loading=\"lazy\" decoding=\"async\" src=\"https:\/\/ocdn.eu\/pulscms-transforms\/1\/zzkk9kuTURBXy81OWM4MGFkYS02YzdhLTRkMTMtYWY2OC00NWMyYjhkYWUxN2EuanBlZ5GTBcxkzGTeAAGhMAE\" alt=\"\" width=\"100\" height=\"100\" \/><\/picture><\/figure>\n<\/div>\n<div class=\"news__content\">\n<h4><a href=\"https:\/\/sportal.blic.rs\/prica\/izjava-bojane-gocanin-posle-srbija-hrvatska-pokazale-smo-inat-2026083020191931846\" data-mrf-link=\"https:\/\/sportal.blic.rs\/prica\/izjava-bojane-gocanin-posle-srbija-hrvatska-pokazale-smo-inat-2026083020191931846\">&#8222;Pokazale smo inat kada je trebalo!&#8220; Go\u010danin \u010destitala Hrvatskoj, pa otkrila: Sve vreme smo bile u gr\u010du \/VIDEO\/<\/a><\/h4>\n<\/div>\n<\/li>\n<\/ul>\n<\/div>\n<div class=\"sticky-area\">\n<div class=\"banner banner--sticky\" data-placeholder-caption=\"Oglas\">\n<div class=\"banner--placeholder\">\n<div id=\"P2\" class=\"wrapperAd lazyAd\" data-google-query-id=\"CIWkop7bypYDFZ8-lwgdeccROA\">\n<div id=\"google_ads_iframe_\/161634325\/Blic.rs\/P2_0__container__\"><iframe id=\"google_ads_iframe_\/161634325\/Blic.rs\/P2_0\" tabindex=\"0\" title=\"3rd party ad content\" name=\"google_ads_iframe_\/161634325\/Blic.rs\/P2_0\" width=\"300\" height=\"250\" frameborder=\"0\" marginwidth=\"0\" marginheight=\"0\" scrolling=\"no\" aria-label=\"Advertisement\" data-load-complete=\"true\" data-google-container-id=\"8\" data-mce-fragment=\"1\"><\/iframe><\/div>\n<\/div>\n<\/div>\n<\/div>\n<\/div>\n<div class=\"sticky-area\">\n<div class=\"banner banner--sticky\" data-placeholder-caption=\"Oglas\">\n<div class=\"banner--placeholder\">\n<div id=\"P3\" class=\"wrapperAd lazyAd\" data-google-query-id=\"CPXDw5_ZypYDFUPDAgcdTJw9oA\">\n<div id=\"google_ads_iframe_\/161634325\/Blic.rs\/P3_0__container__\"><iframe id=\"google_ads_iframe_\/161634325\/Blic.rs\/P3_0\" tabindex=\"0\" title=\"\u0421\u0430\u0434\u0440\u0436\u0430\u0458 \u043e\u0433\u043b\u0430\u0441\u0430 \u0442\u0440\u0435\u045b\u0435 \u0441\u0442\u0440\u0430\u043d\u0435\" name=\"google_ads_iframe_\/161634325\/Blic.rs\/P3_0\" width=\"300\" height=\"600\" frameborder=\"0\" marginwidth=\"0\" marginheight=\"0\" scrolling=\"no\" aria-label=\"\u041e\u0433\u043b\u0430\u0441\" data-load-complete=\"true\" data-google-container-id=\"9\" data-mce-fragment=\"1\"><\/iframe><\/div>\n<\/div>\n<\/div>\n<\/div>\n<\/div>\n<section class=\"tabs tabs--news\" data-run-module=\"localV4\/mobile\/tabs.init\" data-run-module-isrun=\"1\">\n<ul>\n<li class=\"active\" data-tab=\"tab-latest-info\">\n<h2>Info najnovije<\/h2>\n<\/li>\n<li data-tab=\"tab-latest-sportal\">\n<h2>Sportal<\/h2>\n<\/li>\n<\/ul>\n<div id=\"tab-latest-info\" class=\"tabs__content  active \">\n<div class=\"news-latest\">\n<ul>\n<li>\n<div><time>12:43<\/time>\u00a0Marija ima prose\u010dnu platu, a non-stop putuje sa mu\u017eem i dvoje dece: &#8222;Za sme\u0161taj prakti\u010dno ne pla\u0107am, evo kako&#8220; (VIDEO)<\/div>\n<\/li>\n<li>\n<div><time>12:42<\/time>\u00a0UBIO ZETA I SESTRI\u010cINU, TE\u0160KO RANIO SESTRU I NJENU SVEKRVU! Oglasilo se tu\u017eila\u0161tvo povodom stravi\u010dnog zlo\u010dina u Velikom Gradi\u0161tu<\/div>\n<\/li>\n<li>\n<div><time>12:40<\/time>\u00a0Uru\u010deno oko 1.050.000 penzionerskih kartica: Ugovori sa vi\u0161e od 900 firmi<\/div>\n<\/li>\n<\/ul>\n<\/div>\n<div class=\"news-latest__more\"><a href=\"https:\/\/www.blic.rs\/najnovije-vesti\" data-mrf-link=\"https:\/\/www.blic.rs\/najnovije-vesti\">Sve najnovije vesti<\/a><\/div>\n<\/div>\n<\/section>\n<div class=\"news-aside\">\n<h3 class=\"news-aside__top news-aside__top--\"><a href=\"https:\/\/www.blic.rs\/zabava\" data-mrf-link=\"https:\/\/www.blic.rs\/zabava\">Zabava<\/a><\/h3>\n<ul>\n<li class=\"news news--big\">\n<div class=\"news__image\">\n<figure><picture><source srcset=\"\/\/ocdn.eu\/pulscms-transforms\/1\/5dEk9kpTURBXy9kZWYyZTBmZjBiMDk5ODQzZGZjZDMzMjRkYWI5MDFlMC5wbmeRkwXNASzMrd4AAaEwBQ 1x, \/\/ocdn.eu\/pulscms-transforms\/1\/ykOk9kpTURBXy9kZWYyZTBmZjBiMDk5ODQzZGZjZDMzMjRkYWI5MDFlMC5wbmeRkwXNAljNAVreAAGhMAU 2x\" type=\"image\/webp\" \/><img loading=\"lazy\" decoding=\"async\" src=\"https:\/\/ocdn.eu\/pulscms-transforms\/1\/Cz7k9kpTURBXy9kZWYyZTBmZjBiMDk5ODQzZGZjZDMzMjRkYWI5MDFlMC5wbmeRkwXNASzMrd4AAaEwAQ\" alt=\"Voditeljka RTL-a\" width=\"300\" height=\"173\" \/><\/picture><\/figure>\n<\/div>\n<div class=\"news__content\">\n<h4><a href=\"https:\/\/www.blic.rs\/zabava\/voditeljku-ubola-osa-usred-ukljucenja-uzivo-pocela-da-vristi\/2jbrr6w\" data-mrf-link=\"https:\/\/www.blic.rs\/zabava\/voditeljku-ubola-osa-usred-ukljucenja-uzivo-pocela-da-vristi\/2jbrr6w\">(VIDEO) VODITELJKU UBOLA OSA USRED UKLJU\u010cENJA U\u017dIVO Vri\u0161ti nasred ulice, hvata se za vrat &#8211; kamera sve snimila<\/a><\/h4>\n<\/div>\n<\/li>\n<li class=\"news news--big\">\n<div class=\"news__image\">\n<figure><picture><source srcset=\"\/\/ocdn.eu\/pulscms-transforms\/1\/cJgk9kpTURBXy8xODlmZDc5NzQyYzA2YTA3ODMzNDliNjJiZTRmNTlmNS5wbmeRkwXNASzMrd4AAaEwBQ 1x, \/\/ocdn.eu\/pulscms-transforms\/1\/DKGk9kpTURBXy8xODlmZDc5NzQyYzA2YTA3ODMzNDliNjJiZTRmNTlmNS5wbmeRkwXNAljNAVreAAGhMAU 2x\" type=\"image\/webp\" \/><img loading=\"lazy\" decoding=\"async\" src=\"https:\/\/ocdn.eu\/pulscms-transforms\/1\/EeSk9kpTURBXy8xODlmZDc5NzQyYzA2YTA3ODMzNDliNjJiZTRmNTlmNS5wbmeRkwXNASzMrd4AAaEwAQ\" alt=\"\u0110ina D\u017einovi\u0107\" width=\"300\" height=\"173\" \/><\/picture><\/figure>\n<\/div>\n<div class=\"news__content\">\n<h4><a href=\"https:\/\/www.blic.rs\/zabava\/snimak-djine-dzinovic-sa-jahte-napravio-haos-snimala-se-u-krevetu\/82748qt\" data-mrf-link=\"https:\/\/www.blic.rs\/zabava\/snimak-djine-dzinovic-sa-jahte-napravio-haos-snimala-se-u-krevetu\/82748qt\">SNIMAK \u0110INE D\u017dINOVI\u0106 SA JAHTE NAPRAVIO HAOS Snimala se u krevetu, sevnulo dok je ustajala (FOTO)<\/a><\/h4>\n<\/div>\n<\/li>\n<li class=\"news news--big\">\n<div class=\"news__image\">\n<figure><picture><source srcset=\"\/\/ocdn.eu\/pulscms-transforms\/1\/IsNk9kpTURBXy8wZjU2MzE2OGZmNjc1MmQyNzVhNDMyZDA2MzIzZmRkZC5wbmeRkwXNASzMrd4AAaEwBQ 1x, \/\/ocdn.eu\/pulscms-transforms\/1\/oUFk9kpTURBXy8wZjU2MzE2OGZmNjc1MmQyNzVhNDMyZDA2MzIzZmRkZC5wbmeRkwXNAljNAVreAAGhMAU 2x\" type=\"image\/webp\" \/><img loading=\"lazy\" decoding=\"async\" src=\"https:\/\/ocdn.eu\/pulscms-transforms\/1\/k-2k9kpTURBXy8wZjU2MzE2OGZmNjc1MmQyNzVhNDMyZDA2MzIzZmRkZC5wbmeRkwXNASzMrd4AAaEwAQ\" alt=\"Neda Ukraden\" width=\"300\" height=\"173\" \/><\/picture><\/figure>\n<\/div>\n<div class=\"news__content\">\n<h4><a href=\"https:\/\/www.blic.rs\/zabava\/neda-ukraden-u-76-godini-ne-gladuje-pokazala-kako-izgleda-primer-jelovnika\/1j17ztc\" data-mrf-link=\"https:\/\/www.blic.rs\/zabava\/neda-ukraden-u-76-godini-ne-gladuje-pokazala-kako-izgleda-primer-jelovnika\/1j17ztc\">OVAKO IZGLEDA ISHRANA \u017dENE U OSMOJ DECENIJI Neda Ukraden nema gram vi\u0161ka, a nikad ne gladuje: Ovaj napitak pije na \u010detiri i po sata, a odrekla se samo jedne namirnice<\/a><\/h4>\n<\/div>\n<\/li>\n<\/ul>\n<\/div>\n<div class=\"sticky-area\">\n<div class=\"banner banner--sticky\" data-placeholder-caption=\"Oglas\">\n<div class=\"banner--placeholder\">\n<div id=\"P4\" class=\"wrapperAd lazyAd\"><\/div>\n<\/div>\n<\/div>\n<\/div>\n<div class=\"news-aside\">\n<h3 class=\"news-aside__top news-aside__top--zena\"><a href=\"https:\/\/zena.blic.rs\/\" data-mrf-link=\"https:\/\/zena.blic.rs\/\">\u017dena<\/a><\/h3>\n<article class=\"news news--small\">\n<div class=\"news__image\">\n<figure><picture><source srcset=\"\/\/ocdn.eu\/pulscms-transforms\/1\/XpFk9kuTURBXy9iODhiMmIwOC02MTExLTQ1ZmYtOGEzYS1hMTVkOGJiMDUyZDQuanBlZ5GTBcxkzGTeAAGhMAU 1x, \/\/ocdn.eu\/pulscms-transforms\/1\/2iFk9kuTURBXy9iODhiMmIwOC02MTExLTQ1ZmYtOGEzYS1hMTVkOGJiMDUyZDQuanBlZ5GTBczIzMjeAAGhMAU 2x\" type=\"image\/webp\" \/><img loading=\"lazy\" decoding=\"async\" src=\"https:\/\/ocdn.eu\/pulscms-transforms\/1\/Hzmk9kuTURBXy9iODhiMmIwOC02MTExLTQ1ZmYtOGEzYS1hMTVkOGJiMDUyZDQuanBlZ5GTBcxkzGTeAAGhMAE\" alt=\"\" width=\"100\" height=\"100\" \/><\/picture><\/figure>\n<\/div>\n<div class=\"news__content\">\n<h4><a href=\"https:\/\/zena.blic.rs\/lifestyle\/recept-za-bakin-najlepsi-lenji-ajvar\/mzf14w3\" data-mrf-link=\"https:\/\/zena.blic.rs\/lifestyle\/recept-za-bakin-najlepsi-lenji-ajvar\/mzf14w3\">Baka otkrila unuci recept za LENJI AJVAR: Nema mukotrpnog pe\u010denja paprike, lagan je i kremast, a gotov za \u010das<\/a><\/h4>\n<\/div>\n<\/article>\n<article class=\"news news--small\">\n<div class=\"news__image\">\n<figure><picture><source srcset=\"\/\/ocdn.eu\/pulscms-transforms\/1\/n32k9kuTURBXy82NmY5MjY2Ny0xOTdkLTQzMDEtYjQ2Zi1jMDA0MGEyZmZkODQuanBlZ5GTBcxkzGTeAAGhMAU 1x, \/\/ocdn.eu\/pulscms-transforms\/1\/dnCk9kuTURBXy82NmY5MjY2Ny0xOTdkLTQzMDEtYjQ2Zi1jMDA0MGEyZmZkODQuanBlZ5GTBczIzMjeAAGhMAU 2x\" type=\"image\/webp\" \/><img loading=\"lazy\" decoding=\"async\" src=\"https:\/\/ocdn.eu\/pulscms-transforms\/1\/8I-k9kuTURBXy82NmY5MjY2Ny0xOTdkLTQzMDEtYjQ2Zi1jMDA0MGEyZmZkODQuanBlZ5GTBcxkzGTeAAGhMAE\" alt=\"\" width=\"100\" height=\"100\" \/><\/picture><\/figure>\n<\/div>\n<div class=\"news__content\">\n<h4><a href=\"https:\/\/zena.blic.rs\/moda\/dupla-kosulja-je-najnoviji-modni-trend-trik-kako-da-nosite-dve-odjednom-i-izgledate\/2yxb8fz\" data-mrf-link=\"https:\/\/zena.blic.rs\/moda\/dupla-kosulja-je-najnoviji-modni-trend-trik-kako-da-nosite-dve-odjednom-i-izgledate\/2yxb8fz\">\u017dene sada nose ko\u0161ulju na POTPUNO DRUGA\u010cIJI NA\u010cIN: Ne\u0107ete verovati koliko dobro izgleda ovaj MODNI TRIK<\/a><\/h4>\n<\/div>\n<\/article>\n<article class=\"news news--small\">\n<div class=\"news__image\">\n<figure><picture><source srcset=\"\/\/ocdn.eu\/pulscms-transforms\/1\/LGHk9kuTURBXy85NTc3NzY0MC04ZjE2LTQ2NjItYWUzYi01M2MzOGI3ZjdlNWMuanBlZ5GTBcxkzGTeAAGhMAU 1x, \/\/ocdn.eu\/pulscms-transforms\/1\/0h3k9kuTURBXy85NTc3NzY0MC04ZjE2LTQ2NjItYWUzYi01M2MzOGI3ZjdlNWMuanBlZ5GTBczIzMjeAAGhMAU 2x\" type=\"image\/webp\" \/><img loading=\"lazy\" decoding=\"async\" src=\"https:\/\/ocdn.eu\/pulscms-transforms\/1\/-0Vk9kuTURBXy85NTc3NzY0MC04ZjE2LTQ2NjItYWUzYi01M2MzOGI3ZjdlNWMuanBlZ5GTBcxkzGTeAAGhMAE\" alt=\"\" width=\"100\" height=\"100\" \/><\/picture><\/figure>\n<\/div>\n<div class=\"news__content\">\n<h4><a href=\"https:\/\/zena.blic.rs\/lifestyle\/domacice-kuvaju-lovorov-list-sa-pola-case-sirceta-kad-saznate-zasto-uradicete-isto\/rjexzy3\" data-mrf-link=\"https:\/\/zena.blic.rs\/lifestyle\/domacice-kuvaju-lovorov-list-sa-pola-case-sirceta-kad-saznate-zasto-uradicete-isto\/rjexzy3\">Doma\u0107ice kuvaju LOVOROV LIST sa pola \u010da\u0161e sir\u0107eta i re\u0161avaju veliki problem koji svaka ku\u0107a ima &#8211; najnoviji trik je skroz zaludeo \u017eene i sad svaki dom miri\u0161e na ovaj &#8222;\u010daj&#8220;<\/a><\/h4>\n<\/div>\n<\/article>\n<article class=\"news news--small\">\n<div class=\"news__image\">\n<figure><picture><source srcset=\"\/\/ocdn.eu\/pulscms-transforms\/1\/gTKk9kuTURBXy80ZmViZWM5MS1iM2Y0LTQxZmYtOTYwMy04YjIyMDM2NjVjZjcuanBlZ5GTBcxkzGTeAAGhMAU 1x, \/\/ocdn.eu\/pulscms-transforms\/1\/BYok9kuTURBXy80ZmViZWM5MS1iM2Y0LTQxZmYtOTYwMy04YjIyMDM2NjVjZjcuanBlZ5GTBczIzMjeAAGhMAU 2x\" type=\"image\/webp\" \/><img loading=\"lazy\" decoding=\"async\" src=\"https:\/\/ocdn.eu\/pulscms-transforms\/1\/Xa4k9kuTURBXy80ZmViZWM5MS1iM2Y0LTQxZmYtOTYwMy04YjIyMDM2NjVjZjcuanBlZ5GTBcxkzGTeAAGhMAE\" alt=\"\" width=\"100\" height=\"100\" \/><\/picture><\/figure>\n<\/div>\n<div class=\"news__content\">\n<h4><a href=\"https:\/\/zena.blic.rs\/lifestyle\/paprike-u-pavlaci-starinski-nacin-zimnica-po-receptu-nasih-baka\/fwb38p3\" data-mrf-link=\"https:\/\/zena.blic.rs\/lifestyle\/paprike-u-pavlaci-starinski-nacin-zimnica-po-receptu-nasih-baka\/fwb38p3\">Starinski recept za PAPRIKE U PAVLACI: Pripremaju se za nekoliko minuta, a ukus je \u010dudesan<\/a><\/h4>\n<\/div>\n<\/article>\n<article class=\"news news--small\">\n<div class=\"news__image\">\n<figure><picture><source srcset=\"\/\/ocdn.eu\/pulscms-transforms\/1\/Q8wk9kuTURBXy9iYWM2ZjQyNC00ZTY4LTRjMGUtYmIzMS03NzM0ODdmYWYyZDcuanBlZ5GTBcxkzGTeAAGhMAU 1x, \/\/ocdn.eu\/pulscms-transforms\/1\/MtSk9kuTURBXy9iYWM2ZjQyNC00ZTY4LTRjMGUtYmIzMS03NzM0ODdmYWYyZDcuanBlZ5GTBczIzMjeAAGhMAU 2x\" type=\"image\/webp\" \/><img loading=\"lazy\" decoding=\"async\" src=\"https:\/\/ocdn.eu\/pulscms-transforms\/1\/AOVk9kuTURBXy9iYWM2ZjQyNC00ZTY4LTRjMGUtYmIzMS03NzM0ODdmYWYyZDcuanBlZ5GTBcxkzGTeAAGhMAE\" alt=\"\" width=\"100\" height=\"100\" \/><\/picture><\/figure>\n<\/div>\n<div class=\"news__content\">\n<h4><a href=\"https:\/\/zena.blic.rs\/lifestyle\/evo-cemu-zapravo-sluze-dve-rupe-na-stipaljkama-domacice-odusevljene-saznanjem\/kvqnqb9\" data-mrf-link=\"https:\/\/zena.blic.rs\/lifestyle\/evo-cemu-zapravo-sluze-dve-rupe-na-stipaljkama-domacice-odusevljene-saznanjem\/kvqnqb9\">Ceo \u017eivot ste pogre\u0161no prostirali ve\u0161! Evo \u010demu zapravo slu\u017ee DVE RUPE na \u0161tipaljkama, ovaj trik \u0107e vam olak\u0161ati posao oko garderobe<\/a><\/h4>\n<\/div>\n<\/article>\n<\/div>\n<div class=\"sticky-area\">\n<div class=\"banner banner--sticky\" data-placeholder-caption=\"Oglas\">\n<div class=\"banner--placeholder\">\n<div id=\"P5\" class=\"wrapperAd lazyAd\"><\/div>\n<\/div>\n<\/div>\n<\/div>\n<div class=\"news-aside\">\n<h3 class=\"news-aside__top news-aside__top--biznis\"><a href=\"https:\/\/www.blic.rs\/biznis\" data-mrf-link=\"https:\/\/www.blic.rs\/biznis\">Biznis<\/a><\/h3>\n<ul>\n<li class=\"news news--big\">\n<div class=\"news__image\">\n<figure><picture><source srcset=\"\/\/ocdn.eu\/pulscms-transforms\/1\/0f2k9kpTURBXy8zYmZlNTE3ZTAxYTczYWZhODQ1MzI4ZWRlYTk5N2UwMy5qcGeRkwXNASzMrd4AAaEwBQ 1x, \/\/ocdn.eu\/pulscms-transforms\/1\/wt1k9kpTURBXy8zYmZlNTE3ZTAxYTczYWZhODQ1MzI4ZWRlYTk5N2UwMy5qcGeRkwXNAljNAVreAAGhMAU 2x\" type=\"image\/webp\" \/><img loading=\"lazy\" decoding=\"async\" src=\"https:\/\/ocdn.eu\/pulscms-transforms\/1\/NnAk9kpTURBXy8zYmZlNTE3ZTAxYTczYWZhODQ1MzI4ZWRlYTk5N2UwMy5qcGeRkwXNASzMrd4AAaEwAQ\" alt=\"\" width=\"300\" height=\"173\" \/><\/picture><\/figure>\n<\/div>\n<div class=\"news__content\">\n<h4><a href=\"https:\/\/www.blic.rs\/biznis\/vesti\/usvojen-rebalans-budzeta-vise-novca-za-investicije-zdravstvo-pomoc-gradjanima\/8ffz4hx\" data-mrf-link=\"https:\/\/www.blic.rs\/biznis\/vesti\/usvojen-rebalans-budzeta-vise-novca-za-investicije-zdravstvo-pomoc-gradjanima\/8ffz4hx\">Usvojen rebalans bud\u017eeta: Vi\u0161e novca za investicije, zdravstvo, pomo\u0107 gra\u0111anima<\/a><\/h4>\n<\/div>\n<\/li>\n<li class=\"news news--small\">\n<div class=\"news__image\">\n<figure><picture><source srcset=\"\/\/ocdn.eu\/pulscms-transforms\/1\/xiIk9kpTURBXy9mZmU1Mjk2MzcxODkwNjU5Mjg5MWE3YjFmZmUxYWY4NC5qcGeRkwXMZMxk3gABoTAF 1x, \/\/ocdn.eu\/pulscms-transforms\/1\/byTk9kpTURBXy9mZmU1Mjk2MzcxODkwNjU5Mjg5MWE3YjFmZmUxYWY4NC5qcGeRkwXMyMzI3gABoTAF 2x\" type=\"image\/webp\" \/><img loading=\"lazy\" decoding=\"async\" src=\"https:\/\/ocdn.eu\/pulscms-transforms\/1\/bVxk9kpTURBXy9mZmU1Mjk2MzcxODkwNjU5Mjg5MWE3YjFmZmUxYWY4NC5qcGeRkwXMZMxk3gABoTAB\" alt=\"\" width=\"100\" height=\"100\" \/><\/picture><\/figure>\n<\/div>\n<div class=\"news__content\">\n<h4><a href=\"https:\/\/www.blic.rs\/biznis\/privreda\/najtrazenija-zanimanja-u-srbiji-ovi-radnici-najvise-nedostaju\/ys3y8c4\" data-mrf-link=\"https:\/\/www.blic.rs\/biznis\/privreda\/najtrazenija-zanimanja-u-srbiji-ovi-radnici-najvise-nedostaju\/ys3y8c4\">Koja zanimanja donose siguran hleb u va\u0161em kraju: Detaljan spisak deficitarnih poslova, od majstora na skeli do programera! Za ovu struku uvozimo radnike<\/a><\/h4>\n<\/div>\n<\/li>\n<li class=\"news news--small\">\n<div class=\"news__image\">\n<figure><picture><source srcset=\"\/\/ocdn.eu\/pulscms-transforms\/1\/aB2k9kpTURBXy8wNTA3ZjViMzUxZmU5ODUzYzE0NWNmY2E2ZWQyZGVlYy5qcGeRkwXMZMxk3gABoTAF 1x, \/\/ocdn.eu\/pulscms-transforms\/1\/ip5k9kpTURBXy8wNTA3ZjViMzUxZmU5ODUzYzE0NWNmY2E2ZWQyZGVlYy5qcGeRkwXMyMzI3gABoTAF 2x\" type=\"image\/webp\" \/><img loading=\"lazy\" decoding=\"async\" src=\"https:\/\/ocdn.eu\/pulscms-transforms\/1\/Hqik9kpTURBXy8wNTA3ZjViMzUxZmU5ODUzYzE0NWNmY2E2ZWQyZGVlYy5qcGeRkwXMZMxk3gABoTAB\" alt=\"\" width=\"100\" height=\"100\" \/><\/picture><\/figure>\n<\/div>\n<div class=\"news__content\">\n<h4><a href=\"https:\/\/www.blic.rs\/biznis\/vesti\/danas-protest-vozaca-u-zemljama-zapadnog-balkana-zbog-ogranicenog-boravka-u-sengen\/3qs07x6\" data-mrf-link=\"https:\/\/www.blic.rs\/biznis\/vesti\/danas-protest-vozaca-u-zemljama-zapadnog-balkana-zbog-ogranicenog-boravka-u-sengen\/3qs07x6\">Danas protest voza\u010da u zemljama Zapadnog Balkana zbog ograni\u010denog boravka u \u0160engen zoni<\/a><\/h4>\n<\/div>\n<\/li>\n<li class=\"news news--small\">\n<div class=\"news__image\">\n<figure><picture><source srcset=\"\/\/ocdn.eu\/pulscms-transforms\/1\/TFYk9kpTURBXy8yZGFkMGM4MmIwYjg5NDBlYjczNjBjYmU5M2U2YTRiZS5qcGeRkwXMZMxk3gABoTAF 1x, \/\/ocdn.eu\/pulscms-transforms\/1\/2T7k9kpTURBXy8yZGFkMGM4MmIwYjg5NDBlYjczNjBjYmU5M2U2YTRiZS5qcGeRkwXMyMzI3gABoTAF 2x\" type=\"image\/webp\" \/><img loading=\"lazy\" decoding=\"async\" src=\"https:\/\/ocdn.eu\/pulscms-transforms\/1\/pXrk9kpTURBXy8yZGFkMGM4MmIwYjg5NDBlYjczNjBjYmU5M2U2YTRiZS5qcGeRkwXMZMxk3gABoTAB\" alt=\"\" width=\"100\" height=\"100\" \/><\/picture><\/figure>\n<\/div>\n<div class=\"news__content\">\n<h4><a href=\"https:\/\/www.blic.rs\/biznis\/after-hour\/kako-je-propala-imperija-nekerman-prodavali-sve-naslednik-otkrio-sta-se-desilo\/8led2dd\" data-mrf-link=\"https:\/\/www.blic.rs\/biznis\/after-hour\/kako-je-propala-imperija-nekerman-prodavali-sve-naslednik-otkrio-sta-se-desilo\/8led2dd\">Bio je na \u010delu biznis imperije i &#8222;vladao&#8220; Evropom: Prodavao sve &#8211; od igle do lokomotive, a onda je usledio potpuni slom! Porodica decenijama krila u\u017easnu tajnu<\/a><\/h4>\n<\/div>\n<\/li>\n<li class=\"news news--small\">\n<div class=\"news__image\">\n<figure><picture><source srcset=\"\/\/ocdn.eu\/pulscms-transforms\/1\/RPek9kpTURBXy84ZWVhYzc1YjBlYWVhZjc5NTAyZWIzNDA5MGVlOGI2Yy5qcGeRkwXMZMxk3gABoTAF 1x, \/\/ocdn.eu\/pulscms-transforms\/1\/dUgk9kpTURBXy84ZWVhYzc1YjBlYWVhZjc5NTAyZWIzNDA5MGVlOGI2Yy5qcGeRkwXMyMzI3gABoTAF 2x\" type=\"image\/webp\" \/><img loading=\"lazy\" decoding=\"async\" src=\"https:\/\/ocdn.eu\/pulscms-transforms\/1\/kcnk9kpTURBXy84ZWVhYzc1YjBlYWVhZjc5NTAyZWIzNDA5MGVlOGI2Yy5qcGeRkwXMZMxk3gABoTAB\" alt=\"\" width=\"100\" height=\"100\" \/><\/picture><\/figure>\n<\/div>\n<div class=\"news__content\">\n<h4><a href=\"https:\/\/www.blic.rs\/biznis\/vesti\/realni-rast-bdp-u-drugom-kvartalu-38-odsto-u-odnosu-na-isti-period-prosle-godine\/hpyfym3\" data-mrf-link=\"https:\/\/www.blic.rs\/biznis\/vesti\/realni-rast-bdp-u-drugom-kvartalu-38-odsto-u-odnosu-na-isti-period-prosle-godine\/hpyfym3\">STIGLI SVE\u017dI PODACI ZA SRPSKU EKONOMIJU: BDP sko\u010dio 3,8 odsto, jedna privredna grana bele\u017ei skok od skoro 10%<\/a><\/h4>\n<\/div>\n<\/li>\n<\/ul>\n<\/div>\n<div class=\"news-aside\">\n<h3 class=\"news-aside__top news-aside__top--zdravlje\"><a href=\"https:\/\/www.blic.rs\/zdravlje\" data-mrf-link=\"https:\/\/www.blic.rs\/zdravlje\">Zdravlje<\/a><\/h3>\n<ul>\n<li class=\"news news--big\">\n<div class=\"news__image\">\n<figure><picture><source srcset=\"\/\/ocdn.eu\/pulscms-transforms\/1\/LARk9kpTURBXy9lY2M2MGE4ZDc0YzFkNzQxOTAxMDQ2YzFkMzUzM2NkYS5qcGeRkwXNASzMrd4AAaEwBQ 1x, \/\/ocdn.eu\/pulscms-transforms\/1\/vVfk9kpTURBXy9lY2M2MGE4ZDc0YzFkNzQxOTAxMDQ2YzFkMzUzM2NkYS5qcGeRkwXNAljNAVreAAGhMAU 2x\" type=\"image\/webp\" \/><img loading=\"lazy\" decoding=\"async\" src=\"https:\/\/ocdn.eu\/pulscms-transforms\/1\/GIvk9kpTURBXy9lY2M2MGE4ZDc0YzFkNzQxOTAxMDQ2YzFkMzUzM2NkYS5qcGeRkwXNASzMrd4AAaEwAQ\" alt=\"Crvenilo na licu\" width=\"300\" height=\"173\" \/><\/picture><\/figure>\n<\/div>\n<div class=\"news__content\">\n<h4><a href=\"https:\/\/www.blic.rs\/zdravlje\/zdravstvena-stanja\/stalno-crvenilo-na-licu-simptomi-uzroci-i-kada-obavezno-otici-dermatologu\/nfnt7bp\" data-mrf-link=\"https:\/\/www.blic.rs\/zdravlje\/zdravstvena-stanja\/stalno-crvenilo-na-licu-simptomi-uzroci-i-kada-obavezno-otici-dermatologu\/nfnt7bp\">Crvenilo na licu koje ne prolazi: Kada nije re\u010d samo o vru\u0107ini ili stresu, ve\u0107 o stanju koje zahteva dermatologa<\/a><\/h4>\n<\/div>\n<\/li>\n<li class=\"news news--small\">\n<div class=\"news__image\">\n<figure><picture><source srcset=\"\/\/ocdn.eu\/pulscms-transforms\/1\/7nFk9kpTURBXy9jYWI5NWIzZWQ3MWFhMTVmNmQ2Zjk1YTRmZjJmMDhhYi5qcGeRkwXMZMxk3gABoTAF 1x, \/\/ocdn.eu\/pulscms-transforms\/1\/Qmzk9kpTURBXy9jYWI5NWIzZWQ3MWFhMTVmNmQ2Zjk1YTRmZjJmMDhhYi5qcGeRkwXMyMzI3gABoTAF 2x\" type=\"image\/webp\" \/><img loading=\"lazy\" decoding=\"async\" src=\"https:\/\/ocdn.eu\/pulscms-transforms\/1\/n3Sk9kpTURBXy9jYWI5NWIzZWQ3MWFhMTVmNmQ2Zjk1YTRmZjJmMDhhYi5qcGeRkwXMZMxk3gABoTAB\" alt=\"Amenoreja je stanje kada \u017eena ne dobija menstruaciju\" width=\"100\" height=\"100\" \/><\/picture><\/figure>\n<\/div>\n<div class=\"news__content\">\n<h4><a href=\"https:\/\/www.blic.rs\/zdravlje\/zdravstvena-stanja\/hipotalamusna-amenoreja-uzroci-simptomi-i-lecenje-izostanka-menstruacije\/ehvc067\" data-mrf-link=\"https:\/\/www.blic.rs\/zdravlje\/zdravstvena-stanja\/hipotalamusna-amenoreja-uzroci-simptomi-i-lecenje-izostanka-menstruacije\/ehvc067\">Gubitak menstruacije zbog stresa, intenzivnog ve\u017ebanja i ishrane: Sve o hipotalamusnoj amenoreji<\/a><\/h4>\n<\/div>\n<\/li>\n<li class=\"news news--small\">\n<div class=\"news__image\">\n<figure><picture><source srcset=\"\/\/ocdn.eu\/pulscms-transforms\/1\/SnJk9kpTURBXy80MDVjYjY4NDNkZTY2NzI3MjllNWQwZTQ4MGVjMzg1Ny5qcGeRkwXMZMxk3gABoTAF 1x, \/\/ocdn.eu\/pulscms-transforms\/1\/zzzk9kpTURBXy80MDVjYjY4NDNkZTY2NzI3MjllNWQwZTQ4MGVjMzg1Ny5qcGeRkwXMyMzI3gABoTAF 2x\" type=\"image\/webp\" \/><img loading=\"lazy\" decoding=\"async\" src=\"https:\/\/ocdn.eu\/pulscms-transforms\/1\/awfk9kpTURBXy80MDVjYjY4NDNkZTY2NzI3MjllNWQwZTQ4MGVjMzg1Ny5qcGeRkwXMZMxk3gABoTAB\" alt=\"Spavanje sa grudnjakom ima i prednosti i mane\" width=\"100\" height=\"100\" \/><\/picture><\/figure>\n<\/div>\n<div class=\"news__content\">\n<h4><a href=\"https:\/\/www.blic.rs\/zdravlje\/zdravstvena-stanja\/kako-spavanje-u-grudnjaku-utice-na-zdravlje-prednosti-i-mane\/s737wvc\" data-mrf-link=\"https:\/\/www.blic.rs\/zdravlje\/zdravstvena-stanja\/kako-spavanje-u-grudnjaku-utice-na-zdravlje-prednosti-i-mane\/s737wvc\">Da li je lo\u0161e spavati sa grudnjakom: Onkolo\u0161kinja obja\u0161njava prednosti i mane<\/a><\/h4>\n<\/div>\n<\/li>\n<li class=\"news news--small\">\n<div class=\"news__image\">\n<figure><picture><source srcset=\"\/\/ocdn.eu\/pulscms-transforms\/1\/TFlk9kpTURBXy9lMGI3ZDNmNjkzZGM1Y2RmODAxMzhiOGFhYmU3OGZlMS5qcGeRkwXMZMxk3gABoTAF 1x, \/\/ocdn.eu\/pulscms-transforms\/1\/ho3k9kpTURBXy9lMGI3ZDNmNjkzZGM1Y2RmODAxMzhiOGFhYmU3OGZlMS5qcGeRkwXMyMzI3gABoTAF 2x\" type=\"image\/webp\" \/><img loading=\"lazy\" decoding=\"async\" src=\"https:\/\/ocdn.eu\/pulscms-transforms\/1\/hy4k9kpTURBXy9lMGI3ZDNmNjkzZGM1Y2RmODAxMzhiOGFhYmU3OGZlMS5qcGeRkwXMZMxk3gABoTAB\" alt=\"Bakterija salmonela \" width=\"100\" height=\"100\" \/><\/picture><\/figure>\n<\/div>\n<div class=\"news__content\">\n<h4><a href=\"https:\/\/www.blic.rs\/zdravlje\/ishrana\/hrana-iz-koje-najcesce-vreba-salmonela-kako-je-spremati-a-izbeci-zarazu\/rgw8zmd\" data-mrf-link=\"https:\/\/www.blic.rs\/zdravlje\/ishrana\/hrana-iz-koje-najcesce-vreba-salmonela-kako-je-spremati-a-izbeci-zarazu\/rgw8zmd\">Hrana iz koje naj\u010de\u0161\u0107e vreba salmonela: Kako je spremati a izbe\u0107i rizik od opasne bakterije<\/a><\/h4>\n<\/div>\n<\/li>\n<li class=\"news news--small\">\n<div class=\"news__image\">\n<figure><picture><source srcset=\"\/\/ocdn.eu\/pulscms-transforms\/1\/XsUk9kpTURBXy8wYTQyZmE0MzdhN2VmMjc0ZTkxYWIxZDYwOGQwYmVkNS5qcGeRkwXMZMxk3gABoTAF 1x, \/\/ocdn.eu\/pulscms-transforms\/1\/kqhk9kpTURBXy8wYTQyZmE0MzdhN2VmMjc0ZTkxYWIxZDYwOGQwYmVkNS5qcGeRkwXMyMzI3gABoTAF 2x\" type=\"image\/webp\" \/><img loading=\"lazy\" decoding=\"async\" src=\"https:\/\/ocdn.eu\/pulscms-transforms\/1\/EhOk9kpTURBXy8wYTQyZmE0MzdhN2VmMjc0ZTkxYWIxZDYwOGQwYmVkNS5qcGeRkwXMZMxk3gABoTAB\" alt=\"I nedostatak kalijuma uti\u010de negativno na krvni pritisak \" width=\"100\" height=\"100\" \/><\/picture><\/figure>\n<\/div>\n<div class=\"news__content\">\n<h4><a href=\"https:\/\/www.blic.rs\/zdravlje\/zdravstvena-stanja\/nije-samo-so-krivac-za-visok-krvni-pritisak-skace-i-kad-nedostaje-kalijum\/hmywl9v\" data-mrf-link=\"https:\/\/www.blic.rs\/zdravlje\/zdravstvena-stanja\/nije-samo-so-krivac-za-visok-krvni-pritisak-skace-i-kad-nedostaje-kalijum\/hmywl9v\">Nije dovoljno samo smanjiti so: Ovaj mineral provereno obara visok krvni pritisak i opu\u0161ta krvne sudove<\/a><\/h4>\n<\/div>\n<\/li>\n<\/ul>\n<\/div>\n<div id=\"aklapBlD247\" class=\"aklawidgets\">\n<div id=\"logoheaderpBlD247\" class=\"news-exchange\">\n<h2>Pro\u010ditajte jo\u0161&#8230;<\/h2>\n<\/div>\n<div id=\"aklaleftarrowpBlD247\" class=\"aklaleftarrow\"><\/div>\n<div id=\"scrollpBlD247\" class=\"scrollpBlD247\">\n<div id=\"tablepBlD247\" class=\"columns-pBlD247\">\n<div class=\"dtpBlD247 btpBlD247\">\n<div class=\"imageout_pBlD247 \">\n<div class=\" image_over_pBlD247\">\n<div class=\"imgpBlD2470 image_pBlD247\"><\/div>\n<\/div>\n<div class=\"akla_title_pBlD247\">Kasper stigao u Beograd zbog stanja Mine Kosti\u0107: Zabrinut uhvatio prvi let iz Amerike<\/div>\n<\/div>\n<\/div>\n<div class=\"dtpBlD247 btpBlD247\">\n<div class=\"imageout_pBlD247 \">\n<div id=\"akla_ad_1205\" class=\"aklaadx\"><iframe id=\"akla_pb_iframe1205\" width=\"300\" height=\"250\" frameborder=\"0\" marginwidth=\"0\" marginheight=\"0\" scrolling=\"no\" data-mce-fragment=\"1\"><\/iframe><\/div>\n<\/div>\n<\/div>\n<div class=\"dtpBlD247 btpBlD247\">\n<div class=\"imageout_pBlD247 \">\n<div class=\" image_over_pBlD247\">\n<div class=\"imgpBlD2472 image_pBlD247\"><\/div>\n<\/div>\n<div class=\"akla_title_pBlD247\">Odluka je pala &#8211; otkazan nastup Kanjea Vesta u Italiji! Evo koga je jo\u0161 sa\u010dekala ovakva sudbina<\/div>\n<\/div>\n<\/div>\n<div class=\"dtpBlD247 btpBlD247\">\n<div class=\"imageout_pBlD247 \">\n<div class=\" image_over_pBlD247\">\n<div class=\"imgpBlD2473 image_pBlD247\"><\/div>\n<\/div>\n<div class=\"akla_title_pBlD247\">Makronove fotografije sa letovanja razbesnele Francuze: Gra\u0111ani se kuvaju i bore sa po\u017earima, a predsednik se na d\u017eet skiju voza (FOTO)<\/div>\n<\/div>\n<\/div>\n<div class=\"dtpBlD247 btpBlD247\">\n<div class=\"imageout_pBlD247 \">\n<div class=\" image_over_pBlD247\">\n<div class=\"imgpBlD2474 image_pBlD247\"><\/div>\n<\/div>\n<div class=\"akla_title_pBlD247\">&#8222;Glamur mora\u0161 sam da zaradi\u0161!&#8220; Haris \u017eestoko opleo po Melininoj svadbi, pomenuo i decu!<\/div>\n<\/div>\n<\/div>\n<div class=\"dtpBlD247 btpBlD247\">\n<div class=\"imageout_pBlD247 \">\n<div class=\" image_over_pBlD247\">\n<div class=\"imgpBlD2475 image_pBlD247\"><\/div>\n<\/div>\n<div class=\"akla_title_pBlD247\">Pevao je, ljubio pobednicu &#8222;Zvezda Granda&#8220;, pa okrenuo novi list: Sa \u017eenom u\u0161ao u privatni biznis!<\/div>\n<\/div>\n<\/div>\n<div class=\"dtpBlD247 btpBlD247\">\n<div class=\"imageout_pBlD247 \">\n<div class=\" image_over_pBlD247\">\n<div class=\"imgpBlD2476 image_pBlD247\"><\/div>\n<\/div>\n<div class=\"akla_title_pBlD247\">Oglasila se sestra Mine Kosti\u0107! &#8222;Ne se\u0107am se kada smo se \u010dule i videle poslednji put!&#8220;<\/div>\n<\/div>\n<\/div>\n<div class=\"dtpBlD247 btpBlD247\">\n<div class=\"imageout_pBlD247 \">\n<div class=\" image_over_pBlD247\">\n<div class=\"imgpBlD2477 image_pBlD247\"><\/div>\n<\/div>\n<div class=\"akla_title_pBlD247\">Ponovo se razbuktao po\u017ear u Nema\u010dkoj! Po\u010dele evakuacije, plamen ide nekoliko metara uvis (VIDEO\/FOTO)<\/div>\n<\/div>\n<\/div>\n<div class=\"dtpBlD247 btpBlD247\">\n<div class=\"imageout_pBlD247 \">\n<div class=\" image_over_pBlD247\">\n<div class=\"imgpBlD2478 image_pBlD247\"><\/div>\n<\/div>\n<div class=\"akla_title_pBlD247\">Ovako je Mala Cana nekad \u017earila i palila! Povezivali su je i s ovim peva\u010dem &#8211; evo kako je odgovorila<\/div>\n<\/div>\n<\/div>\n<div class=\"dtpBlD247 btpBlD247\">\n<div class=\"imageout_pBlD247 \">\n<div class=\" image_over_pBlD247\">\n<div class=\"imgpBlD2479 image_pBlD247\"><\/div>\n<\/div>\n<div class=\"akla_title_pBlD247\">Mina Kosti\u0107 zadr\u017eana u psihijatrijskoj ustanovi: Peva\u010dici potrebna stru\u010dna pomo\u0107<\/div>\n<\/div>\n<\/div>\n<\/div>\n<\/div>\n<div id=\"aklarightarrowpBlD247\" class=\"aklarightarrow\"><\/div>\n<\/div>\n<div class=\"news-aside\">\n<h3 class=\"news-aside__top news-aside__top--\"><a href=\"https:\/\/www.blic.rs\/vesti\/hronika\" data-mrf-link=\"https:\/\/www.blic.rs\/vesti\/hronika\">Hronika<\/a><\/h3>\n<ul>\n<li class=\"news news--big\">\n<div class=\"news__image\">\n<figure><picture><source srcset=\"\/\/ocdn.eu\/pulscms-transforms\/1\/0f2k9kpTURBXy8zYmZlNTE3ZTAxYTczYWZhODQ1MzI4ZWRlYTk5N2UwMy5qcGeRkwXNASzMrd4AAaEwBQ 1x, \/\/ocdn.eu\/pulscms-transforms\/1\/wt1k9kpTURBXy8zYmZlNTE3ZTAxYTczYWZhODQ1MzI4ZWRlYTk5N2UwMy5qcGeRkwXNAljNAVreAAGhMAU 2x\" type=\"image\/webp\" \/><img loading=\"lazy\" decoding=\"async\" src=\"https:\/\/ocdn.eu\/pulscms-transforms\/1\/NnAk9kpTURBXy8zYmZlNTE3ZTAxYTczYWZhODQ1MzI4ZWRlYTk5N2UwMy5qcGeRkwXNASzMrd4AAaEwAQ\" alt=\"najnovija vest \" width=\"300\" height=\"173\" \/><\/picture><\/figure>\n<\/div>\n<div class=\"news__content\">\n<h4><a href=\"https:\/\/www.blic.rs\/vesti\/hronika\/oglasilo-se-tuzilastvo-povodom-stravicnog-zlocina-u-velikom-gradistu\/pm7pt4d\" data-mrf-link=\"https:\/\/www.blic.rs\/vesti\/hronika\/oglasilo-se-tuzilastvo-povodom-stravicnog-zlocina-u-velikom-gradistu\/pm7pt4d\">UBIO ZETA I SESTRI\u010cINU, TE\u0160KO RANIO SESTRU I NJENU SVEKRVU! Oglasilo se tu\u017eila\u0161tvo povodom stravi\u010dnog zlo\u010dina u Velikom Gradi\u0161tu<\/a><\/h4>\n<\/div>\n<\/li>\n<li class=\"news news--small\">\n<div class=\"news__image\">\n<figure><picture><source srcset=\"\/\/ocdn.eu\/pulscms-transforms\/1\/2g9k9kpTURBXy8zYmZlNTE3ZTAxYTczYWZhODQ1MzI4ZWRlYTk5N2UwMy5qcGeRkwXMZMxk3gABoTAF 1x, \/\/ocdn.eu\/pulscms-transforms\/1\/aJSk9kpTURBXy8zYmZlNTE3ZTAxYTczYWZhODQ1MzI4ZWRlYTk5N2UwMy5qcGeRkwXMyMzI3gABoTAF 2x\" type=\"image\/webp\" \/><img loading=\"lazy\" decoding=\"async\" src=\"https:\/\/ocdn.eu\/pulscms-transforms\/1\/zX7k9kpTURBXy8zYmZlNTE3ZTAxYTczYWZhODQ1MzI4ZWRlYTk5N2UwMy5qcGeRkwXMZMxk3gABoTAB\" alt=\"najnovija vest \" width=\"100\" height=\"100\" \/><\/picture><\/figure>\n<\/div>\n<div class=\"news__content\">\n<h4><a href=\"https:\/\/www.blic.rs\/vesti\/hronika\/oglasilo-se-tuzilastvo-o-eksplozivu-kod-medjunarodnog-gasovoda-kod-kanjize\/yjtrgvz\" data-mrf-link=\"https:\/\/www.blic.rs\/vesti\/hronika\/oglasilo-se-tuzilastvo-o-eksplozivu-kod-medjunarodnog-gasovoda-kod-kanjize\/yjtrgvz\">SEDAM OSOBA OSUMNJI\u010cENO ZA \u0160VERC EKSPLOZIVA KOJI JE NA\u0110EN KOD KANJI\u017dE! Oglasilo se tu\u017eila\u0161tvo o KATASTROFI koja je spre\u010dena kod me\u0111unarodnog gasovoda: Oru\u017eje prebacivali ka zemljama EU?!<\/a><\/h4>\n<\/div>\n<\/li>\n<li class=\"news news--small\">\n<div class=\"news__image\">\n<figure><picture><source srcset=\"\/\/ocdn.eu\/pulscms-transforms\/1\/IV_k9kpTURBXy8yNTE4YmFkZDI3MGE5Y2U4MzI3ODNhNGZiZWUyZDVmZC5wbmeRkwXMZMxk3gABoTAF 1x, \/\/ocdn.eu\/pulscms-transforms\/1\/ICtk9kpTURBXy8yNTE4YmFkZDI3MGE5Y2U4MzI3ODNhNGZiZWUyZDVmZC5wbmeRkwXMyMzI3gABoTAF 2x\" type=\"image\/webp\" \/><img loading=\"lazy\" decoding=\"async\" src=\"https:\/\/ocdn.eu\/pulscms-transforms\/1\/lyxk9kpTURBXy8yNTE4YmFkZDI3MGE5Y2U4MzI3ODNhNGZiZWUyZDVmZC5wbmeRkwXMZMxk3gABoTAB\" alt=\"Sasa D.\" width=\"100\" height=\"100\" \/><\/picture><\/figure>\n<\/div>\n<div class=\"news__content\">\n<h4><a href=\"https:\/\/www.blic.rs\/vesti\/hronika\/objavljen-hitan-apel-zbog-srbina-sase-u-nemackoj-ako-ga-vidite-ne-priblizavajte-mu-se\/ktsycfv\" data-mrf-link=\"https:\/\/www.blic.rs\/vesti\/hronika\/objavljen-hitan-apel-zbog-srbina-sase-u-nemackoj-ako-ga-vidite-ne-priblizavajte-mu-se\/ktsycfv\">&#8222;AKO GA VIDITE, NE PRIBLI\u017dAVAJTE MU SE, ODMAH ZOVITE POLICIJU&#8220; Objavljen hitan apel zbog odbeglog Srbina Sa\u0161e u Nema\u010dkoj, ovako je izveo FILMSKO BEKSTVO iz zatvora?!<\/a><\/h4>\n<\/div>\n<\/li>\n<\/ul>\n<\/div>\n<div id=\"aklavzah18w\" class=\"aklawidgets\">\n<div id=\"logoheadervzah18w\">\n<div>Preporuka za Vas:<\/div>\n<div id=\"aklalogo_vzah18w\">\n<div class=\"aklalogoslika\"><\/div>\n<div>by Aklamator<\/div>\n<\/div>\n<\/div>\n<div id=\"tablevzah18w\" class=\"columns-vzah18w\">\n<div class=\"dtvzah18w btvzah18w\">\n<div class=\"imageout_vzah18w \">\n<div class=\" image_over_vzah18w\">\n<div class=\"imgvzah18w0 image_vzah18w\"><\/div>\n<\/div>\n<div class=\"akla_title_vzah18w\">Bio je na \u010delu biznis imperije i &#8222;vladao&#8220; Evropom: Prodavao sve &#8211; od igle do lokomotive, a onda je usledio potpuni slom! Porodica decenijama krila u\u017easnu tajnu<\/div>\n<\/div>\n<\/div>\n<div class=\"dtvzah18w stvzah18w\">\n<div class=\"imageout_vzah18w \">\n<div id=\"akla_ad_1038\" class=\"aklaadx\"><iframe id=\"akla_pb_iframe1038\" width=\"300\" height=\"250\" frameborder=\"0\" marginwidth=\"0\" marginheight=\"0\" scrolling=\"no\" data-mce-fragment=\"1\"><\/iframe><\/div>\n<\/div>\n<\/div>\n<div class=\"dtvzah18w stvzah18w\">\n<div class=\"imageout_vzah18w \">\n<div class=\" image_over_vzah18w\">\n<div class=\"imgvzah18w4 image_vzah18w\"><\/div>\n<\/div>\n<div class=\"akla_title_vzah18w\">Ne \u010dekaju kraj radnog dana da bi se rashladili: Plivanje u reci na pauzi za ru\u010dak je mogu\u0107e u ovom gradu, primamljivo i za turiste<\/div>\n<\/div>\n<\/div>\n<div class=\"dtvzah18w stvzah18w\">\n<div class=\"imageout_vzah18w \">\n<div class=\" image_over_vzah18w\">\n<div class=\"imgvzah18w3 image_vzah18w\"><\/div>\n<\/div>\n<div class=\"akla_title_vzah18w\">Uticaj na muziku i \u017eenska prava: Kako je Doli Parton inspirisala \u017eene u liderstvu, ovo su njene lekcije o uspehu<\/div>\n<\/div>\n<\/div>\n<\/div>\n<\/div>\n<div id=\"aklapBli100\" class=\"aklawidgets\">\n<div id=\"logoheaderpBli100\">\n<div>Preporuka za Vas:<\/div>\n<div id=\"aklalogo_pBli100\">\n<div class=\"aklalogoslika\"><\/div>\n<div>by Aklamator<\/div>\n<\/div>\n<\/div>\n<div id=\"tablepBli100\" class=\"columns-pBli100\">\n<div class=\"dtpBli100 btpBli100\">\n<div class=\"imageout_pBli100 \">\n<div class=\" image_over_pBli100\">\n<div class=\"imgpBli1000 image_pBli100\"><\/div>\n<\/div>\n<div class=\"akla_title_pBli100\">UMRLA INFLUENSERKA KRISTINA KOVA\u010cEVI\u0106 HITREC\u00a0Autorka &#8222;Maminog bloga&#8220; i majka \u0161estoro dece<\/div>\n<\/div>\n<\/div>\n<div class=\"dtpBli100 btpBli100\">\n<div class=\"imageout_pBli100 \">\n<div id=\"akla_ad_1295\" class=\"aklaadx\"><iframe id=\"akla_pb_iframe1295\" width=\"300\" height=\"250\" frameborder=\"0\" marginwidth=\"0\" marginheight=\"0\" scrolling=\"no\" data-mce-fragment=\"1\"><\/iframe><\/div>\n<\/div>\n<\/div>\n<div class=\"dtpBli100 btpBli100\">\n<div class=\"imageout_pBli100 \">\n<div class=\" image_over_pBli100\">\n<div class=\"imgpBli1002 image_pBli100\"><\/div>\n<\/div>\n<div class=\"akla_title_pBli100\">VETAR \u0106E OPET DUVATI TAMO GDE NAJMANJE TREBA\u00a0Oglasio se RHMZ, objavio putanju KI\u0160E I PLJUSKOVA, blagi predah od VRU\u0106INA i kada opet TEMPERATURA SKA\u010cE PREKO 35<\/div>\n<\/div>\n<\/div>\n<div class=\"dtpBli100 stpBli100\">\n<div class=\"imageout_pBli100 \">\n<div class=\" image_over_pBli100\">\n<div class=\"imgpBli1003 image_pBli100\"><\/div>\n<\/div>\n<div class=\"akla_title_pBli100\">SUTRA NEPOGODE, A ONDA NE\u0160TO \u0160TO SE NE PAMTI U SEPTEMBRU!\u00a0Poznati meteorolog otkrio kakav nas vremenski haos \u010deka narednih dana, NIJE DOBRO: Ta\u010dno ovog datuma sti\u017ee NOVI PAKAO<\/div>\n<\/div>\n<\/div>\n<div class=\"dtpBli100 stpBli100\">\n<div class=\"imageout_pBli100 \">\n<div class=\" image_over_pBli100\">\n<div class=\"imgpBli1004 image_pBli100\"><\/div>\n<\/div>\n<div class=\"akla_title_pBli100\">UPRAVO USVOJENO: LE\u017dE DR\u017dAVNA POMO\u0106 OD 6.000 DO 35.000 DINARA!\u00a0Isplata kre\u0107e ve\u0107 14. septembra, evo ko dobija najvi\u0161e novca, a ko mora da se prijavi<\/div>\n<\/div>\n<\/div>\n<div class=\"dtpBli100 stpBli100\">\n<div class=\"imageout_pBli100 \">\n<div class=\" image_over_pBli100\">\n<div class=\"imgpBli1005 image_pBli100\"><\/div>\n<\/div>\n<div class=\"akla_title_pBli100\">OBAVEZNO IH IZBEGAVAJTE U SUPERMARKETU!\u00a0Inspektor otkrio za\u0161to nikada ne treba kupovati unapred ise\u010deno vo\u0107e, a posebno OVU omiljenu letnju vo\u0107ku<\/div>\n<\/div>\n<\/div>\n<div class=\"dtpBli100 stpBli100\">\n<div class=\"imageout_pBli100 \">\n<div class=\" image_over_pBli100\">\n<div class=\"imgpBli1006 image_pBli100\"><\/div>\n<\/div>\n<div class=\"akla_title_pBli100\">(FOTO) ISPLIVALE \u0160OK FOTOGRAFIJE\u00a0Teodora Deli\u0107 danas je fatalna lepotica, a ovako je izgledala pre estetskih operacija: Evo \u0161ta je sve na sebi promenila<\/div>\n<\/div>\n<\/div>\n<div class=\"dtpBli100 stpBli100\">\n<div class=\"imageout_pBli100 \">\n<div class=\" image_over_pBli100\">\n<div class=\"imgpBli1007 image_pBli100\"><\/div>\n<\/div>\n<div class=\"akla_title_pBli100\">SEPTEMBAR NA NETFLIKSU\u00a0Ovih 7 naslova smo izdvojili: Nove sezone omiljenih serija i \u0161okantni dokumentarci<\/div>\n<\/div>\n<\/div>\n<div class=\"dtpBli100 stpBli100\">\n<div class=\"imageout_pBli100 \">\n<div class=\" image_over_pBli100\">\n<div class=\"imgpBli1008 image_pBli100\"><\/div>\n<\/div>\n<div class=\"akla_title_pBli100\">Ovaj deo ve\u0161 ma\u0161ine mnogi nikada ne otvore, a mo\u017ee da izazove veliku \u0161tetu<\/div>\n<\/div>\n<\/div>\n<div class=\"dtpBli100 stpBli100\">\n<div class=\"imageout_pBli100 \">\n<div class=\" image_over_pBli100\">\n<div class=\"imgpBli1009 image_pBli100\"><\/div>\n<\/div>\n<div class=\"akla_title_pBli100\">SEDAM OSOBA OSUMNJI\u010cENO ZA \u0160VERC EKSPLOZIVA KOJI JE NA\u0110EN KOD KANJI\u017dE!\u00a0Oglasilo se tu\u017eila\u0161tvo o KATASTROFI koja je spre\u010dena kod me\u0111unarodnog gasovoda: Oru\u017eje prebacivali ka zemljama EU?!<\/div>\n<\/div>\n<\/div>\n<div class=\"dtpBli100 stpBli100\">\n<div class=\"imageout_pBli100 \">\n<div class=\" image_over_pBli100\">\n<div class=\"imgpBli10010 image_pBli100\"><\/div>\n<\/div>\n<div class=\"akla_title_pBli100\">Ku\u0107a na Fru\u0161koj gori za 27.000 evra! Ima 71 kvadrat i ogroman plac: Ima gradsku vodu i bunar<\/div>\n<\/div>\n<\/div>\n<div class=\"dtpBli100 stpBli100\">\n<div class=\"imageout_pBli100 \">\n<div class=\" image_over_pBli100\">\n<div class=\"imgpBli10011 image_pBli100\"><\/div>\n<\/div>\n<div class=\"akla_title_pBli100\">Crvenilo na licu koje ne prolazi: Kada nije re\u010d samo o vru\u0107ini ili stresu, ve\u0107 o stanju koje zahteva dermatologa<\/div>\n<\/div>\n<\/div>\n<\/div>\n<\/div>\n<div id=\"nekretninecontentexchange\" data-script=\"https:\/\/www.nekretnine.rs\/widget-content-exchange.js\"><\/div>\n<\/div>\n<\/div>\n<\/div>\n<p><\/main><\/p>\n<section class=\"side-menu\" data-run-module=\"localV4\/desktop\/sideMenu.init\" data-run-module-isrun=\"1\">\n<nav>\n<ul>\n<li><a href=\"https:\/\/www.blic.rs\/\">Naslovna<\/a><\/li>\n<li><a href=\"https:\/\/www.blic.rs\/najnovije-vesti\">Najnovije vesti<\/a><\/li>\n<li><a href=\"https:\/\/sportal.blic.rs\/\">Sportal<\/a><\/li>\n<li><a href=\"https:\/\/www.blic.rs\/rusija-ukrajina-vesti\">Ukrajina<\/a><\/li>\n<li><a href=\"https:\/\/www.blic.rs\/zabava\">Zabava<\/a><\/li>\n<li><a href=\"https:\/\/blictv.blic.rs\/\">TV<\/a><\/li>\n<li><a href=\"https:\/\/www.blic.rs\/moj-blic\">Moj Blic<\/a><\/li>\n<li><a href=\"https:\/\/www.blic.rs\/biznis\">Biznis<\/a><\/li>\n<li><a href=\"https:\/\/www.blic.rs\/vesti\">Vesti<\/a><\/li>\n<li><a href=\"https:\/\/www.blic.rs\/zdravlje\">Zdravlje<\/a><\/li>\n<li><a href=\"https:\/\/zena.blic.rs\/\">\u017dena<\/a><\/li>\n<li><a href=\"https:\/\/www.blic.rs\/it-zona\">IT zona<\/a><\/li>\n<li><a href=\"https:\/\/www.blic.rs\/vesti\/hronika\">Hronika<\/a><\/li>\n<li><a href=\"https:\/\/playforhumanity.blic.rs\/\">EXPO 2027<\/a><\/li>\n<li><a href=\"https:\/\/www.blic.rs\/vesti\/beograd\">Beograd<\/a><\/li>\n<li><a href=\"http:\/\/swiss-serbia.blic.rs\/\">Swiss-Serbia connect<\/a><\/li>\n<li><a href=\"https:\/\/www.nekretnine.rs\/\">Nekretnine<\/a><\/li>\n<li><a href=\"https:\/\/www.blic.rs\/bbc\">BBC<\/a><\/li>\n<li><a href=\"https:\/\/www.blic.rs\/slobodno-vreme\">Slobodno vreme<\/a><\/li>\n<li><a href=\"https:\/\/www.blic.rs\/kvizovi\">Kvizovi<\/a><\/li>\n<li><a href=\"https:\/\/www.blic.rs\/zadruga-9-elita\">Zadruga 9 Elita<\/a><\/li>\n<li><a href=\"https:\/\/www.blic.rs\/sudbine\">Sudbine<\/a><\/li>\n<li><a href=\"https:\/\/www.blic.rs\/vesti\/politika\">Politika<\/a><\/li>\n<li><a href=\"https:\/\/www.blic.rs\/vesti\/svet\">Svet<\/a><\/li>\n<li><a href=\"https:\/\/www.blic.rs\/vesti\/drustvo\">Dru\u0161tvo<\/a><\/li>\n<li><a href=\"https:\/\/www.blic.rs\/kultura\">Kultura<\/a><\/li>\n<li><a href=\"https:\/\/www.blic.rs\/it\">IT<\/a><\/li>\n<li><a href=\"https:\/\/www.blic.rs\/srce-za-decu\">Srce za decu<\/a><\/li>\n<li><a href=\"https:\/\/www.blic.rs\/blicstrip\">Blic strip<\/a><\/li>\n<li><a href=\"https:\/\/www.blic.rs\/good-life\">Good Life<\/a><\/li>\n<li><a href=\"https:\/\/www.blic.rs\/like\">Like<\/a><\/li>\n<\/ul>\n<\/nav>\n<\/section>\n<footer class=\"footer\">\n<div class=\"footer__top\">\n<div class=\"footer__logo\"><\/div>\n<div class=\"footer__links\"><span class=\"footer__about\">Ringier Serbia doo \u00a9 Blic.rs 1996-2026<\/span><\/p>\n<nav>\n<ul>\n<li><a href=\"https:\/\/www.blic.rs\/o-nama\">O nama<\/a><\/li>\n<li><a href=\"https:\/\/www.blic.rs\/vesti\/marketing\/g20x3sg\">Marketing<\/a><\/li>\n<li><a href=\"https:\/\/www.blic.rs\/vesti\/ringier-axel-springer-doo\/ehq9gsn\">Impressum<\/a><\/li>\n<li><a href=\"https:\/\/www.blic.rs\/vesti\/pravila-i-uslovi-koriscenja-sajta\/2e8nb4j\">Pravila i uslovi kori\u0161\u0107enja<\/a><\/li>\n<li><a href=\"https:\/\/www.blic.rs\/uredjivacka-politika-medija-blic\/67rdkqe\">Ure\u0111iva\u010dka politika<\/a><\/li>\n<\/ul>\n<ul>\n<li><a href=\"https:\/\/www.blic.rs\/najnovije-vesti\">Najnovije vesti<\/a><\/li>\n<li><a href=\"https:\/\/www.blic.rs\/vesti\">Vesti<\/a><\/li>\n<li><a href=\"https:\/\/www.blic.rs\/vesti\/hronika\">Crna Hronika<\/a><\/li>\n<li><a href=\"https:\/\/www.blic.rs\/vesti\/politika\">Politika<\/a><\/li>\n<li><a href=\"https:\/\/www.blic.rs\/zabava\">Zabava<\/a><\/li>\n<\/ul>\n<ul>\n<li><a href=\"https:\/\/www.blic.rs\/biznis\">Biznis<\/a><\/li>\n<li><a href=\"https:\/\/www.blic.rs\/zdravlje\">Zdravlje<\/a><\/li>\n<li><a href=\"https:\/\/www.blic.rs\/vremenska-prognoza\">Vremenska prognoza<\/a><\/li>\n<li><a href=\"https:\/\/www.blic.rs\/slobodno-vreme\">Slobodno vreme<\/a><\/li>\n<li><a href=\"https:\/\/www.blic.rs\/vesti\/drustvo\">Dru\u0161tvo<\/a><\/li>\n<li><a href=\"https:\/\/www.blic.rs\/kultura\">Kultura<\/a><\/li>\n<\/ul>\n<\/nav>\n<\/div>\n<\/div>\n<div class=\"mobile-desktop-switcher\"><a id=\"switch-mobile\" href=\"https:\/\/www.blic.rs\/vesti\/drustvo\/skolski-kalendar-za-20262027-evo-kada-je-prvi-raspust\/zdw9w73#\">Mobilna verzija sajta<\/a><\/div>\n<div class=\"footer__button\" data-run-module=\"localV4\/common\/footerButtonScroll.init\" data-run-module-isrun=\"1\">Vi\u0161e od Ringier-a<\/div>\n<\/footer>\n<div class=\"overlay\"><\/div>\n<\/div>\n<div id=\"_ads2\" class=\"ad_leader advert-banner reklama banner_250x250 sklik reklamy promo-box--ad sklikReklama banner_ad_leaderboard LeaderAdvertisement bmone2n adv_container advtop afs_ads sklik-ads sklik-ad etargetReklama AdTop ads_body_page\"><\/div>\n<div class=\"px-w-s-blic-rs-aab-conf px-w-s8443\" data-visible=\"0\" data-req-id=\"tkmr77-sblic-rs-aab-conf-1alalx\">\n<div class=\"px-creative\" data-id=\"589790\"><\/div>\n<\/div>\n","protected":false},"excerpt":{"rendered":"<p>Sutra, 01. septembra po\u010dinje nova \u0161kolska godina. \u00a0Za osnovce prvo polugodi\u0161te traje do 30. decembra, a drugo po\u010dinje 18. januara; osmacima nastava zavr\u0161ava 28. maja, a ostalima 11. juna. Prvo polugodi\u0161te po\u010dinje 1. septembra, a traja\u0107e do 30. decembra ove godine na teritoriji centralne Srbije,\u00a0dok se u Vojvodini ono zavr\u0161ava ne\u0161to ranije, 23. decembra. Nastava<\/p>\n<div class=\"read-more\"><a href=\"https:\/\/talasidunava.rs\/?p=8738\" title=\"Op\u0161irnije\">Op\u0161irnije<\/a><\/div>\n","protected":false},"author":1,"featured_media":8556,"comment_status":"open","ping_status":"open","sticky":false,"template":"","format":"standard","meta":{"footnotes":""},"categories":[3],"tags":[],"class_list":["post-8738","post","type-post","status-publish","format-standard","has-post-thumbnail","category-vesti"],"jetpack_featured_media_url":"https:\/\/talasidunava.rs\/wp-content\/uploads\/2026\/06\/\u0448\u043a\u043e\u043b\u0430.jpg","_links":{"self":[{"href":"https:\/\/talasidunava.rs\/index.php?rest_route=\/wp\/v2\/posts\/8738","targetHints":{"allow":["GET"]}}],"collection":[{"href":"https:\/\/talasidunava.rs\/index.php?rest_route=\/wp\/v2\/posts"}],"about":[{"href":"https:\/\/talasidunava.rs\/index.php?rest_route=\/wp\/v2\/types\/post"}],"author":[{"embeddable":true,"href":"https:\/\/talasidunava.rs\/index.php?rest_route=\/wp\/v2\/users\/1"}],"replies":[{"embeddable":true,"href":"https:\/\/talasidunava.rs\/index.php?rest_route=%2Fwp%2Fv2%2Fcomments&post=8738"}],"version-history":[{"count":1,"href":"https:\/\/talasidunava.rs\/index.php?rest_route=\/wp\/v2\/posts\/8738\/revisions"}],"predecessor-version":[{"id":8739,"href":"https:\/\/talasidunava.rs\/index.php?rest_route=\/wp\/v2\/posts\/8738\/revisions\/8739"}],"wp:attachment":[{"href":"https:\/\/talasidunava.rs\/index.php?rest_route=%2Fwp%2Fv2%2Fmedia&parent=8738"}],"wp:term":[{"taxonomy":"category","embeddable":true,"href":"https:\/\/talasidunava.rs\/index.php?rest_route=%2Fwp%2Fv2%2Fcategories&post=8738"},{"taxonomy":"post_tag","embeddable":true,"href":"https:\/\/talasidunava.rs\/index.php?rest_route=%2Fwp%2Fv2%2Ftags&post=8738"}],"curies":[{"name":"wp","href":"https:\/\/api.w.org\/{rel}","templated":true}]}}