{"id":875,"date":"2022-12-19T12:25:03","date_gmt":"2022-12-19T11:25:03","guid":{"rendered":"https:\/\/talasidunava.rs\/?p=875"},"modified":"2022-12-19T12:25:03","modified_gmt":"2022-12-19T11:25:03","slug":"razumevanjem-i-empatijom-do-novih-radnih-mesta","status":"publish","type":"post","link":"https:\/\/talasidunava.rs\/?p=875","title":{"rendered":"Razumevanjem i empatijom do novih radnih mesta"},"content":{"rendered":"<p>S po\u010detkom godine po\u010dela je realizacija op\u0161tinskog projekta koji je namenjen zapo\u0161ljavanju te\u017ee zapo\u0161ljivih kategorija. Ovaj projekat je lokalna inicijativa za uklju\u010divanje u tr\u017ei\u0161te rada, a op\u0161tinski partner u relizaciji projekta koji je finansiran od strane Nema\u010dke savezne agencije za zapo\u0161ljavanje i GIZ-a je MNRO \u201cPlava ptica\u201c. U proteklim mesecima Kuljani koji su obuhva\u0107eni ovim projektom su pro\u0161li kroz stru\u010dne obuke, kroz radionice podr\u0161ke, a mnogi od njih su sada ve\u0107 uveliko na svojim novim radnim mestima.<\/p>\n<p>Ove nedelje sa radom je po\u010delo novoonsovano socijalno preduze\u0107e u kojem su zaposleni korisnici udru\u017eenja \u201cPlava ptica\u201c. Preduze\u0107e u kojem se ovi ljude bave proizvodnjom, de fakto je jo\u0161 jedna jasna poruka koju \u0161alju udru\u017eenje i lokalna samouprava, a to je da niko ne\u0107e biti zapostavljen i da \u0107e svima biti pru\u017eena \u0161ansa da se zaposli. Direktor \u201cPlave ptice\u201c Marko Ko\u0161uti\u0107 navodi da je upravo ta poruka i bila vodilja za realizaciju projekta. Njih deset je zaposleno kod poznatih poslodavaca, deset je dobilo opremu za rad, a za kraj je njih deset dobilo \u0161ansu za rad u socijalnom preduze\u0107u koje se bavi proizvodnjom toalet papira, ubrusa, grn\u010darijom i tekstilnom proizvodnjom kuhinjskih krpa. Obuka je za sve korisnike zavr\u0161ena, te je petoro zaposleno redovno, a pet korisnika koji nisu dovoljno radno sposobni zaposleni su ugovorom o profesionalnoj rehabilitaciji.<\/p>\n<p>Pogon ovog preduze\u0107a obi\u0161ao je i predsednik Op\u0161tine Kula Damjan Miljani\u0107, koji navodi da su razmevanje i empatija dokaz zrelosti jednog dru\u0161tva, ali ujedno i preduslov podr\u0161ke.<\/p>\n<p>&#8211; Op\u0161tina Kula i \u201cPlava ptica\u201c na tome rade kontinuirano, i evo ove nedelje drugi put smo u gostima kod njih. Danas smo u pogonu koji je realizacija jedne saradnje i podr\u0161ke koja daje novu dimenziju s obzirom da cilj nije samo da se brinemo o korisnicima \u201cPlave ptice\u201c ve\u0107 je napravljen korak vi\u0161e. Oni ovde proizvodnjom i radom obezbe\u0111uju sebi primanja, i time su kompletirali sebe kao li\u010dnost. Svime ovim se pokazuje da oni nisu manje vredni ili druga\u010diji, ve\u0107 da su tako\u0111e sposobni da doprinesu i sebi i dru\u0161tvu. Ovaj program je osmi\u0161ljen tako da se proizvodnjom u socijalnom preduze\u0107u ostvari i prodaja pod prioritetnim uslovima. Borba za pomo\u0107 i podr\u0161ku svakom gra\u0111aninu, borba za nova radna mesta svakom gra\u0111aninu i na\u0161e op\u0161tine i dr\u017eave je sprovo\u0111enje politike Srpske napredne stranke i predsednika Aleksandra Vu\u010di\u0107a &#8211; navodi Damjan Miljani\u0107.<\/p>\n<p>Jedna od zaposlenih u ovom preduze\u0107u isti\u010de da je vi\u0161e nego zadovoljna i da je primarno zahvalna i direktoru i \u0161efici od kojih je dobila ne samo adekvatnu obuku ve\u0107 i pomo\u0107 i razumevanje.<\/p>\n<p>Kada je re\u010d o projektima i idejama koje je u prethodnim godinama sporovodila \u201cPlava ptica\u201c na \u010delu sa Markom Ko\u0161uti\u0107em, a uz neumitnu podr\u0161ku Op\u0161tine Kula ne mo\u017ee da se ne govori o podr\u0161ci, inkluziji, ljubavi i vi\u0161e nego stru\u010dnoj odsko\u010dnoj dasci za jedan dostojanstven \u017eivot urpkos bremenu koje nose dijagnoze ovih korisnika.<\/p>\n<p>izvor: kula.rs<\/p>\n","protected":false},"excerpt":{"rendered":"<p>S po\u010detkom godine po\u010dela je realizacija op\u0161tinskog projekta koji je namenjen zapo\u0161ljavanju te\u017ee zapo\u0161ljivih kategorija. Ovaj projekat je lokalna inicijativa za uklju\u010divanje u tr\u017ei\u0161te rada, a op\u0161tinski partner u relizaciji projekta koji je finansiran od strane Nema\u010dke savezne agencije za zapo\u0161ljavanje i GIZ-a je MNRO \u201cPlava ptica\u201c. U proteklim mesecima Kuljani koji su obuhva\u0107eni ovim<\/p>\n<div class=\"read-more\"><a href=\"https:\/\/talasidunava.rs\/?p=875\" title=\"Op\u0161irnije\">Op\u0161irnije<\/a><\/div>\n","protected":false},"author":1,"featured_media":876,"comment_status":"open","ping_status":"open","sticky":false,"template":"","format":"standard","meta":{"footnotes":""},"categories":[10,3],"tags":[],"class_list":{"0":"post-875","1":"post","2":"type-post","3":"status-publish","4":"format-standard","5":"has-post-thumbnail","7":"category-kula","8":"category-vesti"},"jetpack_featured_media_url":"https:\/\/talasidunava.rs\/wp-content\/uploads\/2022\/12\/151222-3.jpg","_links":{"self":[{"href":"https:\/\/talasidunava.rs\/index.php?rest_route=\/wp\/v2\/posts\/875","targetHints":{"allow":["GET"]}}],"collection":[{"href":"https:\/\/talasidunava.rs\/index.php?rest_route=\/wp\/v2\/posts"}],"about":[{"href":"https:\/\/talasidunava.rs\/index.php?rest_route=\/wp\/v2\/types\/post"}],"author":[{"embeddable":true,"href":"https:\/\/talasidunava.rs\/index.php?rest_route=\/wp\/v2\/users\/1"}],"replies":[{"embeddable":true,"href":"https:\/\/talasidunava.rs\/index.php?rest_route=%2Fwp%2Fv2%2Fcomments&post=875"}],"version-history":[{"count":1,"href":"https:\/\/talasidunava.rs\/index.php?rest_route=\/wp\/v2\/posts\/875\/revisions"}],"predecessor-version":[{"id":877,"href":"https:\/\/talasidunava.rs\/index.php?rest_route=\/wp\/v2\/posts\/875\/revisions\/877"}],"wp:featuredmedia":[{"embeddable":true,"href":"https:\/\/talasidunava.rs\/index.php?rest_route=\/wp\/v2\/media\/876"}],"wp:attachment":[{"href":"https:\/\/talasidunava.rs\/index.php?rest_route=%2Fwp%2Fv2%2Fmedia&parent=875"}],"wp:term":[{"taxonomy":"category","embeddable":true,"href":"https:\/\/talasidunava.rs\/index.php?rest_route=%2Fwp%2Fv2%2Fcategories&post=875"},{"taxonomy":"post_tag","embeddable":true,"href":"https:\/\/talasidunava.rs\/index.php?rest_route=%2Fwp%2Fv2%2Ftags&post=875"}],"curies":[{"name":"wp","href":"https:\/\/api.w.org\/{rel}","templated":true}]}}