{"id":888,"date":"2022-12-20T16:36:46","date_gmt":"2022-12-20T15:36:46","guid":{"rendered":"https:\/\/talasidunava.rs\/?p=888"},"modified":"2022-12-20T16:36:46","modified_gmt":"2022-12-20T15:36:46","slug":"odrzan-osmi-novogodisnji-bazar-rukotvorina-dece-sa-smetnjama-u-razvoju","status":"publish","type":"post","link":"https:\/\/talasidunava.rs\/?p=888","title":{"rendered":"Odr\u017ean Osmi novogodi\u0161nji bazar rukotvorina dece sa smetnjama u razvoju"},"content":{"rendered":"<p>Osmi novogodi\u0161nji bazar rukotvorina dece sa smetnjama u razvoju odr\u017ean je danas u Holu Pokrajinske vlade, gde su deca iz devet \u0161kola u AP Vojvodini za u\u010denike sa smetnjama u razvoju prodavala novogodi\u0161nje proizvode koji su nastali u njihovim \u0161kolskim radionicama.<\/p>\n<p>&#8211; Svaki put kada nam \u017eivotne okolnosti to dopuste, u decembru, uo\u010di bo\u017ei\u0107nih i novogodi\u0161njih praznika, prilikom susreta u Pokrajinskoj vladi, mi zajedno ukazujemo na ciljeve va\u0161e manifestacije \u2013 da se predstavi i nagradi rad specijalizovanih ustanova obrazovanja i vaspitanja, da se izlaga\u010dima na \u0161tandovima omogu\u0107i da poka\u017eu ume\u0107e i talente njihovih \u0111aka i da se istakne kako ovi vredni mladi ljudi i deca daju poseban doprinos dru\u0161tvu i tako \u010dine na\u0161 svet boljim &#8211; izjavio je potpredsednik Pokrajinske vlade i pokrajinski sekretar \u017dolt Sakala\u0161.<\/p>\n<p>Na Novogodi\u0161njem bazaru predstavile su se \u0161kole iz Ba\u010dke Palanke, Novog Sada, Kikinde, Sombora, Be\u010deja, Pan\u010deva, Zrenjanina i dve \u0161kole iz Subotice. Bazar je organizovan u saradnji sa \u0160kolom za osnovno i srednje obrazovanje \u201eMilan Petrovi\u0107\u201d u Novom Sadu, s ciljem da se predstavi i nagradi rad u\u010denika i njihovih nastavnika, kao i da se promovi\u0161e inkluzija.<\/p>\n<p>&#8211; Pokrajinski sekretarijat za obrazovanje, propise, upravu i nacionalne manjine \u2013 nacionalne zajednice godinama podr\u017eava organizovanje prodajnog bazara rukotvorina. To je za nas izuzetno va\u017ean i drag doga\u0111aj, budu\u0107i da iz godine u godinu mo\u017eemo da javno pohvalimo i podr\u017eimo trud i ve\u0161tinu u\u010denika koji su na\u010dinili ove rukotvorine, kao i strpljenje, pa\u017enju i pedago\u0161ku brigu njihovih vaspita\u010da &#8211; zaklju\u010dio je Sakala\u0161.<\/p>\n<p>Inkluzivni me\u0161oviti hor \u201eIson\u201c, pod rukovodstvom Miodraga Mi\u0161e Blizanca, svojim dirljivim nastupom podstakao je sve okupljene da zajedno zaple\u0161u i zapevaju. Iznena\u0111enje ni ove godine nije izostalo, te je \u2013 pred sam kraj doga\u0111aja \u2013 u posetu stigao Deda Mraz sa svojim malim pomo\u0107nicima, koji su podelili novogodi\u0161nje paketi\u0107e deci.<\/p>\n","protected":false},"excerpt":{"rendered":"<p>Osmi novogodi\u0161nji bazar rukotvorina dece sa smetnjama u razvoju odr\u017ean je danas u Holu Pokrajinske vlade, gde su deca iz devet \u0161kola u AP Vojvodini za u\u010denike sa smetnjama u razvoju prodavala novogodi\u0161nje proizvode koji su nastali u njihovim \u0161kolskim radionicama. &#8211; Svaki put kada nam \u017eivotne okolnosti to dopuste, u decembru, uo\u010di bo\u017ei\u0107nih i<\/p>\n<div class=\"read-more\"><a href=\"https:\/\/talasidunava.rs\/?p=888\" title=\"Op\u0161irnije\">Op\u0161irnije<\/a><\/div>\n","protected":false},"author":1,"featured_media":889,"comment_status":"open","ping_status":"open","sticky":false,"template":"","format":"standard","meta":{"footnotes":""},"categories":[8,3],"tags":[],"class_list":{"0":"post-888","1":"post","2":"type-post","3":"status-publish","4":"format-standard","5":"has-post-thumbnail","7":"category-sombor","8":"category-vesti"},"jetpack_featured_media_url":"https:\/\/talasidunava.rs\/wp-content\/uploads\/2022\/12\/20122022_bazar_01.jpg","_links":{"self":[{"href":"https:\/\/talasidunava.rs\/index.php?rest_route=\/wp\/v2\/posts\/888","targetHints":{"allow":["GET"]}}],"collection":[{"href":"https:\/\/talasidunava.rs\/index.php?rest_route=\/wp\/v2\/posts"}],"about":[{"href":"https:\/\/talasidunava.rs\/index.php?rest_route=\/wp\/v2\/types\/post"}],"author":[{"embeddable":true,"href":"https:\/\/talasidunava.rs\/index.php?rest_route=\/wp\/v2\/users\/1"}],"replies":[{"embeddable":true,"href":"https:\/\/talasidunava.rs\/index.php?rest_route=%2Fwp%2Fv2%2Fcomments&post=888"}],"version-history":[{"count":1,"href":"https:\/\/talasidunava.rs\/index.php?rest_route=\/wp\/v2\/posts\/888\/revisions"}],"predecessor-version":[{"id":890,"href":"https:\/\/talasidunava.rs\/index.php?rest_route=\/wp\/v2\/posts\/888\/revisions\/890"}],"wp:featuredmedia":[{"embeddable":true,"href":"https:\/\/talasidunava.rs\/index.php?rest_route=\/wp\/v2\/media\/889"}],"wp:attachment":[{"href":"https:\/\/talasidunava.rs\/index.php?rest_route=%2Fwp%2Fv2%2Fmedia&parent=888"}],"wp:term":[{"taxonomy":"category","embeddable":true,"href":"https:\/\/talasidunava.rs\/index.php?rest_route=%2Fwp%2Fv2%2Fcategories&post=888"},{"taxonomy":"post_tag","embeddable":true,"href":"https:\/\/talasidunava.rs\/index.php?rest_route=%2Fwp%2Fv2%2Ftags&post=888"}],"curies":[{"name":"wp","href":"https:\/\/api.w.org\/{rel}","templated":true}]}}