{"id":921,"date":"2022-12-24T20:37:49","date_gmt":"2022-12-24T19:37:49","guid":{"rendered":"https:\/\/talasidunava.rs\/?p=921"},"modified":"2022-12-24T20:37:49","modified_gmt":"2022-12-24T19:37:49","slug":"nova-oprema-za-predskolsku-ustanovu-pcelica","status":"publish","type":"post","link":"https:\/\/talasidunava.rs\/?p=921","title":{"rendered":"Nova oprema za Pred\u0161kolsku ustanovu &#8222;P\u010delica&#8220;"},"content":{"rendered":"<p>Ministarstvo prosvete, kroz projekat \u201eInkluzivno pred\u0161kolsko vaspitanje i obrazovanje\u201c, pru\u017ea sistemsku podr\u0161ku pred\u0161kolskim ustanovama u procesu primene novih osnova programa pred\u0161kolskog vaspitanja i obrazovanja.<\/p>\n<p>Podr\u0161ka se odnosi, izme\u0111u ostalog, i na dodatno opremanje javnih pred\u0161kolskih ustanova niskim mobilnim name\u0161tajem i IKT opremom. Tim povodom je i Pred\u0161kolska ustanova \u201eP\u010delica\u201c dobila ova sredstva. Potpisnici Ugovora o dodeli ovih sredstava su Op\u0161tina Apatin, Ministarstvo prosvete i Pred\u0161kolska ustanova \u201eP\u010delica\u201c Apatin.<\/p>\n<p>Re\u010d je o \u010detiri komada: dvostranih polica \u2013 komoda; \u010detvorostranih pokretnih polica i senzornih stolova \u2013 osmoseda. Tako\u0111e, ustanova je dobila dva lap top ra\u010dunara; dve web kamere i jedan dupleks mre\u017eni multifunkcijski ure\u0111aj.<\/p>\n<p>Dobijena oprema je zna\u010dajna podr\u0161ka deci, vaspita\u010dima i medicinskim sestrama u struktuiranju prostora u skladu sa Osnovama programa pred\u0161kolskog vaspitanja i obrazovanja, poru\u010dila je direktorica PU \u201eP\u010delica\u201c Apatin Biljana Mandi\u0107.<\/p>\n<p>&nbsp;<\/p>\n<p>izvor: soapatin.org<\/p>\n","protected":false},"excerpt":{"rendered":"<p>Ministarstvo prosvete, kroz projekat \u201eInkluzivno pred\u0161kolsko vaspitanje i obrazovanje\u201c, pru\u017ea sistemsku podr\u0161ku pred\u0161kolskim ustanovama u procesu primene novih osnova programa pred\u0161kolskog vaspitanja i obrazovanja. Podr\u0161ka se odnosi, izme\u0111u ostalog, i na dodatno opremanje javnih pred\u0161kolskih ustanova niskim mobilnim name\u0161tajem i IKT opremom. Tim povodom je i Pred\u0161kolska ustanova \u201eP\u010delica\u201c dobila ova sredstva. Potpisnici Ugovora o<\/p>\n<div class=\"read-more\"><a href=\"https:\/\/talasidunava.rs\/?p=921\" title=\"Op\u0161irnije\">Op\u0161irnije<\/a><\/div>\n","protected":false},"author":1,"featured_media":922,"comment_status":"open","ping_status":"open","sticky":false,"template":"","format":"standard","meta":{"footnotes":""},"categories":[9,3],"tags":[],"class_list":{"0":"post-921","1":"post","2":"type-post","3":"status-publish","4":"format-standard","5":"has-post-thumbnail","7":"category-apatin","8":"category-vesti"},"jetpack_featured_media_url":"https:\/\/talasidunava.rs\/wp-content\/uploads\/2022\/12\/1671696633-282170997_323007216674631_7339942285955274419_n.jpg","_links":{"self":[{"href":"https:\/\/talasidunava.rs\/index.php?rest_route=\/wp\/v2\/posts\/921","targetHints":{"allow":["GET"]}}],"collection":[{"href":"https:\/\/talasidunava.rs\/index.php?rest_route=\/wp\/v2\/posts"}],"about":[{"href":"https:\/\/talasidunava.rs\/index.php?rest_route=\/wp\/v2\/types\/post"}],"author":[{"embeddable":true,"href":"https:\/\/talasidunava.rs\/index.php?rest_route=\/wp\/v2\/users\/1"}],"replies":[{"embeddable":true,"href":"https:\/\/talasidunava.rs\/index.php?rest_route=%2Fwp%2Fv2%2Fcomments&post=921"}],"version-history":[{"count":1,"href":"https:\/\/talasidunava.rs\/index.php?rest_route=\/wp\/v2\/posts\/921\/revisions"}],"predecessor-version":[{"id":923,"href":"https:\/\/talasidunava.rs\/index.php?rest_route=\/wp\/v2\/posts\/921\/revisions\/923"}],"wp:featuredmedia":[{"embeddable":true,"href":"https:\/\/talasidunava.rs\/index.php?rest_route=\/wp\/v2\/media\/922"}],"wp:attachment":[{"href":"https:\/\/talasidunava.rs\/index.php?rest_route=%2Fwp%2Fv2%2Fmedia&parent=921"}],"wp:term":[{"taxonomy":"category","embeddable":true,"href":"https:\/\/talasidunava.rs\/index.php?rest_route=%2Fwp%2Fv2%2Fcategories&post=921"},{"taxonomy":"post_tag","embeddable":true,"href":"https:\/\/talasidunava.rs\/index.php?rest_route=%2Fwp%2Fv2%2Ftags&post=921"}],"curies":[{"name":"wp","href":"https:\/\/api.w.org\/{rel}","templated":true}]}}