{"id":930,"date":"2022-12-26T16:51:48","date_gmt":"2022-12-26T15:51:48","guid":{"rendered":"https:\/\/talasidunava.rs\/?p=930"},"modified":"2022-12-26T16:51:48","modified_gmt":"2022-12-26T15:51:48","slug":"zavrsen-projekat-obuka-talentovanih-djaka","status":"publish","type":"post","link":"https:\/\/talasidunava.rs\/?p=930","title":{"rendered":"Zavr\u0161en projekat \u201eObuka talentovanih \u0111aka\u201c"},"content":{"rendered":"<p>Ukpuno \u010detiri stotine \u0111aka s teritorije AP Vojvodine proteklih deset nedelja poha\u0111alo je obuku za talentovane \u0111ake u \u201eCeptor\u201d kongresnom centru na Andrevlju. Ovaj projekat realizovao je Pokrajinski sekretarijat za obrazovanje, propise, upravu i nacionalne manjine \u2013 nacionalne zajednice u saradnji s Pokrajinskim sekretarijatom za visoko obrazovanje i nau\u010dnoistra\u017eiva\u010dku delatnost, u cilju podizanja kvaliteta obrazovno-vaspitnog procesa osnovnog i srednjeg obrazovanja.<\/p>\n<p>&#8211; Prve dve nedelje, obuci su prisustvovali \u0111aci iz osam osnovnih \u0161kola, dok su se preostalih osam nedelja smenjivali srednjo\u0161kolci i srednjo\u0161kolke iz 32 srednje \u0161kole. Na nedeljnom nivou, deca su boravila po \u0161est dana i imala su pun pansion. Za realizaciju ovog projekta opredeljeno je deset miliona dinara. Na konkurs su pristigle 104 prijave, \u0161to je zaista impozantan broj &#8211; izjavila je Milica Vu\u010di\u0107evi\u0107, pomo\u0107nica pokrajinskog sekretara obrazovanje.<\/p>\n<p>Program je osmi\u0161ljen da traje \u0161est dana \u2013 od ponedeljka do subote, kada se deca vra\u0107aju ku\u0107i. Tokom trajanja projekta, predvi\u0111ene su razli\u010dite aktivnosti i radionice koje su realizovali stru\u010dni saradnici zajedno s decom. U okviru programa, jedan dan bio je predvi\u0111en za posetu Sremskim Karlovcima, kao i fakultetima, s ciljem profesionalne orijentacije.<\/p>\n<p>&#8211; Najinteresantnija mi je bila poseta Sremskim Karlovcima, gde smo obi\u0161li Karlova\u010dku gimnaziju, kao i najve\u0107e znamenitosti tog grada &#8211; rekla je Nikolina Nikoli\u0107, u\u010denica prvog razreda Gimnazije \u201eJovan Jovanovi\u0107 Zmaj\u201d u Novom Sadu.<\/p>\n<p>&#8211; Moja omiljena radionica bila je o razra\u0111ivanju teme o samopouzdanju. U novije doba to nije \u010desta tema sa socijalnim medijima, postalo je zaboravljeno, tako da je va\u017eno razraditi koncept samopouzdanja &#8211; kazala je Lara Kvai\u0107, u\u010denica drugog razreda Tehni\u010dke \u0161kole \u201eMileva Mari\u0107 Ajn\u0161tajn\u201d u Novom Sadu.<\/p>\n<p>&#8211; Cela poenta ovog ranijeg raspusta, odnosno ovih radionica jeste da nau\u010dimo ne\u0161to novo, da upoznamo ljude koji su nagra\u0111eni za svoj trud i rad i koji \u0107e kasnije nama u \u017eivotu biti korisni, to jest da imamo kontakte koji \u0107e nam kasnije u \u017eivotu biti korisni &#8211; rekao je Lazar Rado\u0161evi\u0107, u\u010denik tre\u0107eg razreda Srednje ma\u0161inske \u0161kole u Novom Sadu.<\/p>\n<p>Teme koje su se tokom obuke obra\u0111ivale po nedeljama bile su: Razvoj slobodne misli kroz epohe; Kako zavoleti hemiju; Predstavljanje svog kraja; Efekat staklene ba\u0161te; Nakit kroz istoriju; \u010covek; Utvr\u0111ivanje vremenske prognoze; Leonardo da Vin\u010di; Tajne misti\u010dnog Egipta i Crno-beli svet (kako se pravi strip).<\/p>\n","protected":false},"excerpt":{"rendered":"<p>Ukpuno \u010detiri stotine \u0111aka s teritorije AP Vojvodine proteklih deset nedelja poha\u0111alo je obuku za talentovane \u0111ake u \u201eCeptor\u201d kongresnom centru na Andrevlju. Ovaj projekat realizovao je Pokrajinski sekretarijat za obrazovanje, propise, upravu i nacionalne manjine \u2013 nacionalne zajednice u saradnji s Pokrajinskim sekretarijatom za visoko obrazovanje i nau\u010dnoistra\u017eiva\u010dku delatnost, u cilju podizanja kvaliteta obrazovno-vaspitnog<\/p>\n<div class=\"read-more\"><a href=\"https:\/\/talasidunava.rs\/?p=930\" title=\"Op\u0161irnije\">Op\u0161irnije<\/a><\/div>\n","protected":false},"author":1,"featured_media":931,"comment_status":"open","ping_status":"open","sticky":false,"template":"","format":"standard","meta":{"footnotes":""},"categories":[3],"tags":[],"class_list":{"0":"post-930","1":"post","2":"type-post","3":"status-publish","4":"format-standard","5":"has-post-thumbnail","7":"category-vesti"},"jetpack_featured_media_url":"https:\/\/talasidunava.rs\/wp-content\/uploads\/2022\/12\/andrevlje-1.jpg","_links":{"self":[{"href":"https:\/\/talasidunava.rs\/index.php?rest_route=\/wp\/v2\/posts\/930","targetHints":{"allow":["GET"]}}],"collection":[{"href":"https:\/\/talasidunava.rs\/index.php?rest_route=\/wp\/v2\/posts"}],"about":[{"href":"https:\/\/talasidunava.rs\/index.php?rest_route=\/wp\/v2\/types\/post"}],"author":[{"embeddable":true,"href":"https:\/\/talasidunava.rs\/index.php?rest_route=\/wp\/v2\/users\/1"}],"replies":[{"embeddable":true,"href":"https:\/\/talasidunava.rs\/index.php?rest_route=%2Fwp%2Fv2%2Fcomments&post=930"}],"version-history":[{"count":1,"href":"https:\/\/talasidunava.rs\/index.php?rest_route=\/wp\/v2\/posts\/930\/revisions"}],"predecessor-version":[{"id":932,"href":"https:\/\/talasidunava.rs\/index.php?rest_route=\/wp\/v2\/posts\/930\/revisions\/932"}],"wp:featuredmedia":[{"embeddable":true,"href":"https:\/\/talasidunava.rs\/index.php?rest_route=\/wp\/v2\/media\/931"}],"wp:attachment":[{"href":"https:\/\/talasidunava.rs\/index.php?rest_route=%2Fwp%2Fv2%2Fmedia&parent=930"}],"wp:term":[{"taxonomy":"category","embeddable":true,"href":"https:\/\/talasidunava.rs\/index.php?rest_route=%2Fwp%2Fv2%2Fcategories&post=930"},{"taxonomy":"post_tag","embeddable":true,"href":"https:\/\/talasidunava.rs\/index.php?rest_route=%2Fwp%2Fv2%2Ftags&post=930"}],"curies":[{"name":"wp","href":"https:\/\/api.w.org\/{rel}","templated":true}]}}