{"id":964,"date":"2023-01-01T15:10:49","date_gmt":"2023-01-01T14:10:49","guid":{"rendered":"https:\/\/talasidunava.rs\/?p=964"},"modified":"2023-01-05T15:12:37","modified_gmt":"2023-01-05T14:12:37","slug":"ppredsednik-opstine-kula-i-direktorka-doma-zdravlja-u-novogodisnjem-obilasku-sluzbe-hitne-medicinske-pomoci","status":"publish","type":"post","link":"https:\/\/talasidunava.rs\/?p=964","title":{"rendered":"PPredsednik Op\u0161tine Kula i direktorka Doma zdravlja u novogodi\u0161njem obilasku Slu\u017ebe hitne medicinske pomo\u0107i"},"content":{"rendered":"<p>Predsednik Op\u0161tine Kula Damjan Miljani\u0107 i direktorica Doma zdravlja dr Vesna Tomi\u0107 obi\u0161li su u prvim minutima Nove godine de\u017eurnu Slu\u017ebu hitne medicinske pomo\u0107i u Kuli. Predsednik se, \u010destitaju\u0107i novogodi\u0161nje praznike, zahvalio de\u017eurnim ekipama na predanom radu.<\/p>\n<p>Novoimenovana direktorica Doma zdravlja dr Vesna Tomi\u0107 je istakla da je obilaskom de\u017eurnih slu\u017ebi \u017eelela da se upozna sa njihovim radom i u toku novogodi\u0161nje no\u0107i i da podr\u017ei zaposlene koji rade.<\/p>\n<p>\u0160ef smene u novogodi\u0161njoj no\u0107i u Slu\u017ebi hitne medicinske pomo\u0107i u Kuli bila je dr Biljana Mili\u0107. Zahvaljuju\u0107i se na poseti ona je \u010destitala gra\u0111anima Novu godinu i istakla da je de\u017eurna slu\u017eba imala mirnu no\u0107 i da se nada da \u0107e tako ostati i u narednim danima.<\/p>\n<p>Slu\u017eba hitne medicinske pomo\u0107 u Kuli u novogodi\u0161njoj no\u0107i, ali i tokom cele godine brine 24 \u010dasa dnevno o gra\u0111anima u kulskoj op\u0161tini. Veliko hvala lekarima i celokupnom osoblju ove Slu\u017ebe na onome \u0161to \u010dine za sve nas.<\/p>\n<p>&nbsp;<\/p>\n<p>izvor: kula.rs<\/p>\n","protected":false},"excerpt":{"rendered":"<p>Predsednik Op\u0161tine Kula Damjan Miljani\u0107 i direktorica Doma zdravlja dr Vesna Tomi\u0107 obi\u0161li su u prvim minutima Nove godine de\u017eurnu Slu\u017ebu hitne medicinske pomo\u0107i u Kuli. Predsednik se, \u010destitaju\u0107i novogodi\u0161nje praznike, zahvalio de\u017eurnim ekipama na predanom radu. Novoimenovana direktorica Doma zdravlja dr Vesna Tomi\u0107 je istakla da je obilaskom de\u017eurnih slu\u017ebi \u017eelela da se upozna<\/p>\n<div class=\"read-more\"><a href=\"https:\/\/talasidunava.rs\/?p=964\" title=\"Op\u0161irnije\">Op\u0161irnije<\/a><\/div>\n","protected":false},"author":1,"featured_media":965,"comment_status":"open","ping_status":"open","sticky":false,"template":"","format":"standard","meta":{"footnotes":""},"categories":[10,3],"tags":[],"class_list":{"0":"post-964","1":"post","2":"type-post","3":"status-publish","4":"format-standard","5":"has-post-thumbnail","7":"category-kula","8":"category-vesti"},"jetpack_featured_media_url":"https:\/\/talasidunava.rs\/wp-content\/uploads\/2023\/01\/010123-2.jpg","_links":{"self":[{"href":"https:\/\/talasidunava.rs\/index.php?rest_route=\/wp\/v2\/posts\/964","targetHints":{"allow":["GET"]}}],"collection":[{"href":"https:\/\/talasidunava.rs\/index.php?rest_route=\/wp\/v2\/posts"}],"about":[{"href":"https:\/\/talasidunava.rs\/index.php?rest_route=\/wp\/v2\/types\/post"}],"author":[{"embeddable":true,"href":"https:\/\/talasidunava.rs\/index.php?rest_route=\/wp\/v2\/users\/1"}],"replies":[{"embeddable":true,"href":"https:\/\/talasidunava.rs\/index.php?rest_route=%2Fwp%2Fv2%2Fcomments&post=964"}],"version-history":[{"count":1,"href":"https:\/\/talasidunava.rs\/index.php?rest_route=\/wp\/v2\/posts\/964\/revisions"}],"predecessor-version":[{"id":966,"href":"https:\/\/talasidunava.rs\/index.php?rest_route=\/wp\/v2\/posts\/964\/revisions\/966"}],"wp:featuredmedia":[{"embeddable":true,"href":"https:\/\/talasidunava.rs\/index.php?rest_route=\/wp\/v2\/media\/965"}],"wp:attachment":[{"href":"https:\/\/talasidunava.rs\/index.php?rest_route=%2Fwp%2Fv2%2Fmedia&parent=964"}],"wp:term":[{"taxonomy":"category","embeddable":true,"href":"https:\/\/talasidunava.rs\/index.php?rest_route=%2Fwp%2Fv2%2Fcategories&post=964"},{"taxonomy":"post_tag","embeddable":true,"href":"https:\/\/talasidunava.rs\/index.php?rest_route=%2Fwp%2Fv2%2Ftags&post=964"}],"curies":[{"name":"wp","href":"https:\/\/api.w.org\/{rel}","templated":true}]}}